{"id":19306,"date":"2026-09-03T16:53:35","date_gmt":"2026-09-03T14:53:35","guid":{"rendered":"https:\/\/www.lafresca.fm\/?p=19306"},"modified":"2026-09-03T17:16:30","modified_gmt":"2026-09-03T15:16:30","slug":"el-presidente-de-la-diputacion-de-alicante-inaugura-el-nuevo-parque-auxiliar-de-bomberos-en-ibi","status":"publish","type":"post","link":"https:\/\/www.lafresca.fm\/el-presidente-de-la-diputacion-de-alicante-inaugura-el-nuevo-parque-auxiliar-de-bomberos-en-ibi\/","title":{"rendered":"El presidente de la Diputaci\u00f3n de Alicante inaugura el nuevo parque auxiliar de bomberos en Ibi"},"content":{"rendered":"<header class=\"art-header\"><\/header>\n<div class=\"cnt-data-art\">\n<div class=\"c-i\">\n<div class=\"cnt-txt\">\n<p>El presidente de la Diputaci\u00f3n de Alicante, Toni P\u00e9rez, ha inaugurado el nuevo parque auxiliar de bomberos de Ibi, una infraestructura que ha requerido una inversi\u00f3n de 2.311.000 euros y que mejorar\u00e1 la operatividad del servicio, as\u00ed como los tiempos de respuesta ante las emergencias.<\/p>\n<p>Acompa\u00f1ado por el alcalde del municipio, Sergio Carrasco, y el diputado de Emergencias, Luis Rodr\u00edguez, el presidente ha recorrido las nuevas instalaciones, que ocupan una superficie de 1.500 metros cuadrados y que destacan por su funcionalidad, eficiencia y modernidad. \u201cEstamos cumpliendo el compromiso firme de poner a disposici\u00f3n de los municipios de la comarca este parque auxiliar, que est\u00e1 a la \u00faltima en cuanto a eficiencia, atenci\u00f3n, accesibilidad y operatividad\u201d, ha destacado el presidente, quien ha a\u00f1adido que \u201cel Consorcio de Bomberos nos hace fuertes a todos. El camino es trabajar por nuestros pueblos y ciudades, por los alicantinos y alicantinas, garantizando que con instalaciones como estas la atenci\u00f3n se presta con muchas garant\u00edas y que tambi\u00e9n tenemos la capacidad de ser innovadores y eficientes\u201d.<\/p>\n<p><img fetchpriority=\"high\" decoding=\"async\" class=\"alignnone size-medium wp-image-19307\" src=\"https:\/\/www.lafresca.fm\/f-solosog\/2026\/09\/090326-Parque-bomberos-Ibi-04-770x480.jpg\" alt=\"\" width=\"770\" height=\"480\" srcset=\"https:\/\/www.lafresca.fm\/f-solosog\/2026\/09\/090326-Parque-bomberos-Ibi-04-770x480.jpg 770w, https:\/\/www.lafresca.fm\/f-solosog\/2026\/09\/090326-Parque-bomberos-Ibi-04-1170x729.jpg 1170w, https:\/\/www.lafresca.fm\/f-solosog\/2026\/09\/090326-Parque-bomberos-Ibi-04-768x478.jpg 768w, https:\/\/www.lafresca.fm\/f-solosog\/2026\/09\/090326-Parque-bomberos-Ibi-04-1536x957.jpg 1536w, https:\/\/www.lafresca.fm\/f-solosog\/2026\/09\/090326-Parque-bomberos-Ibi-04-2048x1275.jpg 2048w\" sizes=\"(max-width: 770px) 100vw, 770px\" \/><\/p>\n<p>El nuevo edificio, altamente eficiente, sustituye al antiguo parque y se ha construido en los terrenos anexos a este, junto al Polideportivo Municipal, que ha cedido el Ayuntamiento. Un total de 6 cabos y 24 bomberos, distribuidos en seis turnos, componen el dispositivo del parque auxiliar de Ibi, que cuenta tambi\u00e9n con cuatro veh\u00edculos \u2013 autobomba urbana pesada, autobomba forestal pesada, furg\u00f3n de \u00fatiles varios y un veh\u00edculo de personal y carga.<\/p>\n<p>Junto al parque principal de Cocentaina, presta servicio a los 34 municipios que componen la Zona Operativa de la Monta\u00f1a, de forma directa a los de la subcomarca de la Hoya de Castalla. Es por ello que la inauguraci\u00f3n celebrada ha contado tambi\u00e9n con la asistencia de algunos alcaldes como el de Tibi, Jos\u00e9 Luis Candela, el de Fageca y diputado provincial, Ismael Vidal, o la de Agres, Mar\u00eda Garc\u00eda Pascual. Toni P\u00e9rez ha destacado que se trata de \u201cunas instalaciones modernas y funcionales que permitir\u00e1n mejorar el servicio, dando respuesta a las necesidades de la comarca, as\u00ed como las condiciones en las que trabajan los bomberos, ya que contar\u00e1n con dependencias m\u00e1s c\u00f3modas y operativas\u201d.<\/p>\n<p><img decoding=\"async\" class=\"alignnone size-medium wp-image-19308\" src=\"https:\/\/www.lafresca.fm\/f-solosog\/2026\/09\/090326-Parque-bomberos-Ibi-03-770x509.jpg\" alt=\"\" width=\"770\" height=\"509\" srcset=\"https:\/\/www.lafresca.fm\/f-solosog\/2026\/09\/090326-Parque-bomberos-Ibi-03-770x509.jpg 770w, https:\/\/www.lafresca.fm\/f-solosog\/2026\/09\/090326-Parque-bomberos-Ibi-03-1170x773.jpg 1170w, https:\/\/www.lafresca.fm\/f-solosog\/2026\/09\/090326-Parque-bomberos-Ibi-03-768x507.jpg 768w, https:\/\/www.lafresca.fm\/f-solosog\/2026\/09\/090326-Parque-bomberos-Ibi-03-1536x1014.jpg 1536w, https:\/\/www.lafresca.fm\/f-solosog\/2026\/09\/090326-Parque-bomberos-Ibi-03-2048x1352.jpg 2048w\" sizes=\"(max-width: 770px) 100vw, 770px\" \/><\/p>\n<p>Asimismo, ha puesto en valor la apuesta por la eficiencia energ\u00e9tica del edificio, que cuenta con placas fotovoltaicas en su cubierta que permiten alcanzar un alto grado de autosuficiencia, incluso generando excedentes, y un sistema de recogida de aguas pluviales para almacenarla y usarla en el d\u00eda a d\u00eda, incluido el llenado de los tanques de los camiones de bomberos. Adem\u00e1s, la fachada presenta un elevado aislamiento t\u00e9rmico, climatizaci\u00f3n por aerotermia y dos cargadores para veh\u00edculos el\u00e9ctricos, entre otras prestaciones.<\/p>\n<p><img decoding=\"async\" class=\"alignnone size-medium wp-image-19309\" src=\"https:\/\/www.lafresca.fm\/f-solosog\/2026\/09\/090326-Parque-bomberos-Ibi-02-770x512.jpg\" alt=\"\" width=\"770\" height=\"512\" srcset=\"https:\/\/www.lafresca.fm\/f-solosog\/2026\/09\/090326-Parque-bomberos-Ibi-02-770x512.jpg 770w, https:\/\/www.lafresca.fm\/f-solosog\/2026\/09\/090326-Parque-bomberos-Ibi-02-1170x779.jpg 1170w, https:\/\/www.lafresca.fm\/f-solosog\/2026\/09\/090326-Parque-bomberos-Ibi-02-768x511.jpg 768w, https:\/\/www.lafresca.fm\/f-solosog\/2026\/09\/090326-Parque-bomberos-Ibi-02-1536x1022.jpg 1536w, https:\/\/www.lafresca.fm\/f-solosog\/2026\/09\/090326-Parque-bomberos-Ibi-02-2048x1363.jpg 2048w\" sizes=\"(max-width: 770px) 100vw, 770px\" \/><\/p>\n<p><img loading=\"lazy\" decoding=\"async\" class=\"alignnone size-medium wp-image-19310\" src=\"https:\/\/www.lafresca.fm\/f-solosog\/2026\/09\/090326-Parque-bomberos-Ibi-03-1-770x509.jpg\" alt=\"\" width=\"770\" height=\"509\" srcset=\"https:\/\/www.lafresca.fm\/f-solosog\/2026\/09\/090326-Parque-bomberos-Ibi-03-1-770x509.jpg 770w, https:\/\/www.lafresca.fm\/f-solosog\/2026\/09\/090326-Parque-bomberos-Ibi-03-1-1170x773.jpg 1170w, https:\/\/www.lafresca.fm\/f-solosog\/2026\/09\/090326-Parque-bomberos-Ibi-03-1-768x507.jpg 768w, https:\/\/www.lafresca.fm\/f-solosog\/2026\/09\/090326-Parque-bomberos-Ibi-03-1-1536x1014.jpg 1536w, https:\/\/www.lafresca.fm\/f-solosog\/2026\/09\/090326-Parque-bomberos-Ibi-03-1-2048x1352.jpg 2048w\" sizes=\"(max-width: 770px) 100vw, 770px\" \/><\/p>\n<\/div>\n<\/div>\n<\/div>\n<script>function PlayerjsAsync(){} if(window[\"Playerjs\"]){PlayerjsAsync();}<\/script>","protected":false},"excerpt":{"rendered":"<p>El presidente de la Diputaci\u00f3n de Alicante, Toni P\u00e9rez, ha inaugurado el nuevo parque auxiliar de bomberos de Ibi, una infraestructura que ha requerido una inversi\u00f3n de 2.311.000 euros y que mejorar\u00e1 la operatividad del servicio, as\u00ed como los tiempos de respuesta ante las emergencias. Acompa\u00f1ado por el alcalde del ...<\/p>\n","protected":false},"author":2,"featured_media":19307,"comment_status":"closed","ping_status":"closed","sticky":false,"template":"","format":"standard","meta":{"_monsterinsights_skip_tracking":false,"footnotes":""},"categories":[4],"tags":[986,128],"class_list":["post-19306","post","type-post","status-publish","format-standard","has-post-thumbnail","hentry","category-alicante","tag-bomberos-ibi","tag-ibi"],"aioseo_notices":[],"aioseo_head":"\n\t\t\n\t<meta name=\"description\" content=\"El presidente de la Diputaci\u00f3n de Alicante, Toni P\u00e9rez, ha inaugurado el nuevo parque auxiliar de bomberos de Ibi, una infraestructura que ha requerido una inversi\u00f3n de 2.311.000 euros y que mejorar\u00e1 la operatividad del servicio, as\u00ed como los tiempos de respuesta ante las emergencias. Acompa\u00f1ado por el alcalde del municipio, Sergio Carrasco, y el\" \/>\n\t<meta name=\"robots\" content=\"max-image-preview:large\" \/>\n\t<meta name=\"author\" content=\"Redacci\u00f3n\"\/>\n\t<link rel=\"canonical\" href=\"https:\/\/www.lafresca.fm\/el-presidente-de-la-diputacion-de-alicante-inaugura-el-nuevo-parque-auxiliar-de-bomberos-en-ibi\/\" \/>\n\t<meta name=\"generator\" content=\"All in One SEO (AIOSEO) 5.0.0.1\" \/>\n\t\t<meta property=\"og:locale\" content=\"es_ES\" \/>\n\t\t<meta property=\"og:site_name\" content=\"laFRESCA - \u00a1Estamos de moda!\" \/>\n\t\t<meta property=\"og:type\" content=\"article\" \/>\n\t\t<meta property=\"og:title\" content=\"El presidente de la Diputaci\u00f3n de Alicante inaugura el nuevo parque auxiliar de bomberos en Ibi - laFRESCA\" \/>\n\t\t<meta property=\"og:description\" content=\"El presidente de la Diputaci\u00f3n de Alicante, Toni P\u00e9rez, ha inaugurado el nuevo parque auxiliar de bomberos de Ibi, una infraestructura que ha requerido una inversi\u00f3n de 2.311.000 euros y que mejorar\u00e1 la operatividad del servicio, as\u00ed como los tiempos de respuesta ante las emergencias. Acompa\u00f1ado por el alcalde del municipio, Sergio Carrasco, y el\" \/>\n\t\t<meta property=\"og:url\" content=\"https:\/\/www.lafresca.fm\/el-presidente-de-la-diputacion-de-alicante-inaugura-el-nuevo-parque-auxiliar-de-bomberos-en-ibi\/\" \/>\n\t\t<meta property=\"og:image\" content=\"https:\/\/www.lafresca.fm\/f-solosog\/2026\/09\/090326-Parque-bomberos-Ibi-04.jpg\" \/>\n\t\t<meta property=\"og:image:secure_url\" content=\"https:\/\/www.lafresca.fm\/f-solosog\/2026\/09\/090326-Parque-bomberos-Ibi-04.jpg\" \/>\n\t\t<meta property=\"og:image:width\" content=\"2126\" \/>\n\t\t<meta property=\"og:image:height\" content=\"1324\" \/>\n\t\t<meta property=\"article:published_time\" content=\"2026-09-03T14:53:35+00:00\" \/>\n\t\t<meta property=\"article:modified_time\" content=\"2026-09-03T15:16:30+00:00\" \/>\n\t\t<meta property=\"article:publisher\" content=\"https:\/\/facebook.com\/lafresca.es\" \/>\n\t\t<meta name=\"twitter:card\" content=\"summary_large_image\" \/>\n\t\t<meta name=\"twitter:site\" content=\"@frescafm\" \/>\n\t\t<meta name=\"twitter:title\" content=\"El presidente de la Diputaci\u00f3n de Alicante inaugura el nuevo parque auxiliar de bomberos en Ibi - laFRESCA\" \/>\n\t\t<meta name=\"twitter:description\" content=\"El presidente de la Diputaci\u00f3n de Alicante, Toni P\u00e9rez, ha inaugurado el nuevo parque auxiliar de bomberos de Ibi, una infraestructura que ha requerido una inversi\u00f3n de 2.311.000 euros y que mejorar\u00e1 la operatividad del servicio, as\u00ed como los tiempos de respuesta ante las emergencias. Acompa\u00f1ado por el alcalde del municipio, Sergio Carrasco, y el\" \/>\n\t\t<meta name=\"twitter:image\" content=\"https:\/\/www.lafresca.fm\/f-solosog\/2026\/09\/090326-Parque-bomberos-Ibi-04.jpg\" \/>\n\t\t<script type=\"application\/ld+json\" class=\"aioseo-schema\">\n\t\t\t{\"@context\":\"https:\\\/\\\/schema.org\",\"@graph\":[{\"@type\":\"BlogPosting\",\"@id\":\"https:\\\/\\\/www.lafresca.fm\\\/el-presidente-de-la-diputacion-de-alicante-inaugura-el-nuevo-parque-auxiliar-de-bomberos-en-ibi\\\/#blogposting\",\"name\":\"El presidente de la Diputaci\\u00f3n de Alicante inaugura el nuevo parque auxiliar de bomberos en Ibi - laFRESCA\",\"headline\":\"El presidente de la Diputaci\\u00f3n de Alicante inaugura el nuevo parque auxiliar de bomberos en Ibi\",\"author\":{\"@id\":\"https:\\\/\\\/www.lafresca.fm\\\/author\\\/adri\\\/#author\"},\"publisher\":{\"@id\":\"https:\\\/\\\/www.lafresca.fm\\\/#organization\"},\"image\":{\"@type\":\"ImageObject\",\"url\":\"https:\\\/\\\/www.lafresca.fm\\\/wp-content\\\/uploads\\\/2026\\\/09\\\/090326-Parque-bomberos-Ibi-04.jpg\",\"width\":2126,\"height\":1324},\"datePublished\":\"2026-09-03T16:53:35+02:00\",\"dateModified\":\"2026-09-03T17:16:30+02:00\",\"inLanguage\":\"es-ES\",\"mainEntityOfPage\":{\"@id\":\"https:\\\/\\\/www.lafresca.fm\\\/el-presidente-de-la-diputacion-de-alicante-inaugura-el-nuevo-parque-auxiliar-de-bomberos-en-ibi\\\/#webpage\"},\"isPartOf\":{\"@id\":\"https:\\\/\\\/www.lafresca.fm\\\/el-presidente-de-la-diputacion-de-alicante-inaugura-el-nuevo-parque-auxiliar-de-bomberos-en-ibi\\\/#webpage\"},\"articleSection\":\"Interior de Alicante, Bomberos Ibi, Ibi\"},{\"@type\":\"BreadcrumbList\",\"@id\":\"https:\\\/\\\/www.lafresca.fm\\\/el-presidente-de-la-diputacion-de-alicante-inaugura-el-nuevo-parque-auxiliar-de-bomberos-en-ibi\\\/#breadcrumblist\",\"itemListElement\":[{\"@type\":\"ListItem\",\"@id\":\"https:\\\/\\\/www.lafresca.fm#listItem\",\"position\":1,\"name\":\"Inicio\",\"item\":\"https:\\\/\\\/www.lafresca.fm\",\"nextItem\":{\"@type\":\"ListItem\",\"@id\":\"https:\\\/\\\/www.lafresca.fm\\\/category\\\/alicante\\\/#listItem\",\"name\":\"Interior de Alicante\"}},{\"@type\":\"ListItem\",\"@id\":\"https:\\\/\\\/www.lafresca.fm\\\/category\\\/alicante\\\/#listItem\",\"position\":2,\"name\":\"Interior de Alicante\",\"item\":\"https:\\\/\\\/www.lafresca.fm\\\/category\\\/alicante\\\/\",\"nextItem\":{\"@type\":\"ListItem\",\"@id\":\"https:\\\/\\\/www.lafresca.fm\\\/el-presidente-de-la-diputacion-de-alicante-inaugura-el-nuevo-parque-auxiliar-de-bomberos-en-ibi\\\/#listItem\",\"name\":\"El presidente de la Diputaci\\u00f3n de Alicante inaugura el nuevo parque auxiliar de bomberos en Ibi\"},\"previousItem\":{\"@type\":\"ListItem\",\"@id\":\"https:\\\/\\\/www.lafresca.fm#listItem\",\"name\":\"Inicio\"}},{\"@type\":\"ListItem\",\"@id\":\"https:\\\/\\\/www.lafresca.fm\\\/el-presidente-de-la-diputacion-de-alicante-inaugura-el-nuevo-parque-auxiliar-de-bomberos-en-ibi\\\/#listItem\",\"position\":3,\"name\":\"El presidente de la Diputaci\\u00f3n de Alicante inaugura el nuevo parque auxiliar de bomberos en Ibi\",\"previousItem\":{\"@type\":\"ListItem\",\"@id\":\"https:\\\/\\\/www.lafresca.fm\\\/category\\\/alicante\\\/#listItem\",\"name\":\"Interior de Alicante\"}}]},{\"@type\":\"Organization\",\"@id\":\"https:\\\/\\\/www.lafresca.fm\\\/#organization\",\"name\":\"laFRESCA\",\"description\":\"\\u00a1Estamos de moda!\",\"url\":\"https:\\\/\\\/www.lafresca.fm\\\/\",\"logo\":{\"@type\":\"ImageObject\",\"url\":\"https:\\\/\\\/www.lafresca.fm\\\/wp-content\\\/uploads\\\/2020\\\/06\\\/logo-opaque.png\",\"@id\":\"https:\\\/\\\/www.lafresca.fm\\\/el-presidente-de-la-diputacion-de-alicante-inaugura-el-nuevo-parque-auxiliar-de-bomberos-en-ibi\\\/#organizationLogo\",\"width\":766,\"height\":156},\"image\":{\"@id\":\"https:\\\/\\\/www.lafresca.fm\\\/el-presidente-de-la-diputacion-de-alicante-inaugura-el-nuevo-parque-auxiliar-de-bomberos-en-ibi\\\/#organizationLogo\"},\"sameAs\":[\"https:\\\/\\\/instagram.com\\\/lafrescafm\"]},{\"@type\":\"Person\",\"@id\":\"https:\\\/\\\/www.lafresca.fm\\\/author\\\/adri\\\/#author\",\"url\":\"https:\\\/\\\/www.lafresca.fm\\\/author\\\/adri\\\/\",\"name\":\"Redacci\\u00f3n\",\"image\":{\"@type\":\"ImageObject\",\"@id\":\"https:\\\/\\\/www.lafresca.fm\\\/el-presidente-de-la-diputacion-de-alicante-inaugura-el-nuevo-parque-auxiliar-de-bomberos-en-ibi\\\/#authorImage\",\"url\":\"https:\\\/\\\/secure.gravatar.com\\\/avatar\\\/bbe35c7902c79b0cbe5a3eebbf91e29b5b70c6c0fcbe3d629eff0f3635a1cf2c?s=96&d=mm&r=g\",\"width\":96,\"height\":96,\"caption\":\"Redacci\\u00f3n\"}},{\"@type\":\"WebPage\",\"@id\":\"https:\\\/\\\/www.lafresca.fm\\\/el-presidente-de-la-diputacion-de-alicante-inaugura-el-nuevo-parque-auxiliar-de-bomberos-en-ibi\\\/#webpage\",\"url\":\"https:\\\/\\\/www.lafresca.fm\\\/el-presidente-de-la-diputacion-de-alicante-inaugura-el-nuevo-parque-auxiliar-de-bomberos-en-ibi\\\/\",\"name\":\"El presidente de la Diputaci\\u00f3n de Alicante inaugura el nuevo parque auxiliar de bomberos en Ibi - laFRESCA\",\"description\":\"El presidente de la Diputaci\\u00f3n de Alicante, Toni P\\u00e9rez, ha inaugurado el nuevo parque auxiliar de bomberos de Ibi, una infraestructura que ha requerido una inversi\\u00f3n de 2.311.000 euros y que mejorar\\u00e1 la operatividad del servicio, as\\u00ed como los tiempos de respuesta ante las emergencias. Acompa\\u00f1ado por el alcalde del municipio, Sergio Carrasco, y el\",\"inLanguage\":\"es-ES\",\"isPartOf\":{\"@id\":\"https:\\\/\\\/www.lafresca.fm\\\/#website\"},\"breadcrumb\":{\"@id\":\"https:\\\/\\\/www.lafresca.fm\\\/el-presidente-de-la-diputacion-de-alicante-inaugura-el-nuevo-parque-auxiliar-de-bomberos-en-ibi\\\/#breadcrumblist\"},\"author\":{\"@id\":\"https:\\\/\\\/www.lafresca.fm\\\/author\\\/adri\\\/#author\"},\"creator\":{\"@id\":\"https:\\\/\\\/www.lafresca.fm\\\/author\\\/adri\\\/#author\"},\"image\":{\"@type\":\"ImageObject\",\"url\":\"https:\\\/\\\/www.lafresca.fm\\\/wp-content\\\/uploads\\\/2026\\\/09\\\/090326-Parque-bomberos-Ibi-04.jpg\",\"@id\":\"https:\\\/\\\/www.lafresca.fm\\\/el-presidente-de-la-diputacion-de-alicante-inaugura-el-nuevo-parque-auxiliar-de-bomberos-en-ibi\\\/#mainImage\",\"width\":2126,\"height\":1324},\"primaryImageOfPage\":{\"@id\":\"https:\\\/\\\/www.lafresca.fm\\\/el-presidente-de-la-diputacion-de-alicante-inaugura-el-nuevo-parque-auxiliar-de-bomberos-en-ibi\\\/#mainImage\"},\"datePublished\":\"2026-09-03T16:53:35+02:00\",\"dateModified\":\"2026-09-03T17:16:30+02:00\"},{\"@type\":\"WebSite\",\"@id\":\"https:\\\/\\\/www.lafresca.fm\\\/#website\",\"url\":\"https:\\\/\\\/www.lafresca.fm\\\/\",\"name\":\"laFRESCA\",\"description\":\"\\u00a1Estamos de moda!\",\"inLanguage\":\"es-ES\",\"publisher\":{\"@id\":\"https:\\\/\\\/www.lafresca.fm\\\/#organization\"}}]}\n\t\t<\/script>\n\t\t\n\n","aioseo_head_json":{"title":"El presidente de la Diputaci\u00f3n de Alicante inaugura el nuevo parque auxiliar de bomberos en Ibi - laFRESCA","description":"El presidente de la Diputaci\u00f3n de Alicante, Toni P\u00e9rez, ha inaugurado el nuevo parque auxiliar de bomberos de Ibi, una infraestructura que ha requerido una inversi\u00f3n de 2.311.000 euros y que mejorar\u00e1 la operatividad del servicio, as\u00ed como los tiempos de respuesta ante las emergencias. Acompa\u00f1ado por el alcalde del municipio, Sergio Carrasco, y el","canonical_url":"https:\/\/www.lafresca.fm\/el-presidente-de-la-diputacion-de-alicante-inaugura-el-nuevo-parque-auxiliar-de-bomberos-en-ibi\/","robots":"max-image-preview:large","keywords":"","webmasterTools":{"miscellaneous":""},"schema":{"@context":"https:\/\/schema.org","@graph":[{"@type":"BlogPosting","@id":"https:\/\/www.lafresca.fm\/el-presidente-de-la-diputacion-de-alicante-inaugura-el-nuevo-parque-auxiliar-de-bomberos-en-ibi\/#blogposting","name":"El presidente de la Diputaci\u00f3n de Alicante inaugura el nuevo parque auxiliar de bomberos en Ibi - laFRESCA","headline":"El presidente de la Diputaci\u00f3n de Alicante inaugura el nuevo parque auxiliar de bomberos en Ibi","author":{"@id":"https:\/\/www.lafresca.fm\/author\/adri\/#author"},"publisher":{"@id":"https:\/\/www.lafresca.fm\/#organization"},"image":{"@type":"ImageObject","url":"https:\/\/www.lafresca.fm\/f-solosog\/2026\/09\/090326-Parque-bomberos-Ibi-04.jpg","width":2126,"height":1324},"datePublished":"2026-09-03T16:53:35+02:00","dateModified":"2026-09-03T17:16:30+02:00","inLanguage":"es-ES","mainEntityOfPage":{"@id":"https:\/\/www.lafresca.fm\/el-presidente-de-la-diputacion-de-alicante-inaugura-el-nuevo-parque-auxiliar-de-bomberos-en-ibi\/#webpage"},"isPartOf":{"@id":"https:\/\/www.lafresca.fm\/el-presidente-de-la-diputacion-de-alicante-inaugura-el-nuevo-parque-auxiliar-de-bomberos-en-ibi\/#webpage"},"articleSection":"Interior de Alicante, Bomberos Ibi, Ibi"},{"@type":"BreadcrumbList","@id":"https:\/\/www.lafresca.fm\/el-presidente-de-la-diputacion-de-alicante-inaugura-el-nuevo-parque-auxiliar-de-bomberos-en-ibi\/#breadcrumblist","itemListElement":[{"@type":"ListItem","@id":"https:\/\/www.lafresca.fm#listItem","position":1,"name":"Inicio","item":"https:\/\/www.lafresca.fm","nextItem":{"@type":"ListItem","@id":"https:\/\/www.lafresca.fm\/category\/alicante\/#listItem","name":"Interior de Alicante"}},{"@type":"ListItem","@id":"https:\/\/www.lafresca.fm\/category\/alicante\/#listItem","position":2,"name":"Interior de Alicante","item":"https:\/\/www.lafresca.fm\/category\/alicante\/","nextItem":{"@type":"ListItem","@id":"https:\/\/www.lafresca.fm\/el-presidente-de-la-diputacion-de-alicante-inaugura-el-nuevo-parque-auxiliar-de-bomberos-en-ibi\/#listItem","name":"El presidente de la Diputaci\u00f3n de Alicante inaugura el nuevo parque auxiliar de bomberos en Ibi"},"previousItem":{"@type":"ListItem","@id":"https:\/\/www.lafresca.fm#listItem","name":"Inicio"}},{"@type":"ListItem","@id":"https:\/\/www.lafresca.fm\/el-presidente-de-la-diputacion-de-alicante-inaugura-el-nuevo-parque-auxiliar-de-bomberos-en-ibi\/#listItem","position":3,"name":"El presidente de la Diputaci\u00f3n de Alicante inaugura el nuevo parque auxiliar de bomberos en Ibi","previousItem":{"@type":"ListItem","@id":"https:\/\/www.lafresca.fm\/category\/alicante\/#listItem","name":"Interior de Alicante"}}]},{"@type":"Organization","@id":"https:\/\/www.lafresca.fm\/#organization","name":"laFRESCA","description":"\u00a1Estamos de moda!","url":"https:\/\/www.lafresca.fm\/","logo":{"@type":"ImageObject","url":"https:\/\/www.lafresca.fm\/f-solosog\/2020\/06\/logo-opaque.png","@id":"https:\/\/www.lafresca.fm\/el-presidente-de-la-diputacion-de-alicante-inaugura-el-nuevo-parque-auxiliar-de-bomberos-en-ibi\/#organizationLogo","width":766,"height":156},"image":{"@id":"https:\/\/www.lafresca.fm\/el-presidente-de-la-diputacion-de-alicante-inaugura-el-nuevo-parque-auxiliar-de-bomberos-en-ibi\/#organizationLogo"},"sameAs":["https:\/\/instagram.com\/lafrescafm"]},{"@type":"Person","@id":"https:\/\/www.lafresca.fm\/author\/adri\/#author","url":"https:\/\/www.lafresca.fm\/author\/adri\/","name":"Redacci\u00f3n","image":{"@type":"ImageObject","@id":"https:\/\/www.lafresca.fm\/el-presidente-de-la-diputacion-de-alicante-inaugura-el-nuevo-parque-auxiliar-de-bomberos-en-ibi\/#authorImage","url":"https:\/\/secure.gravatar.com\/avatar\/bbe35c7902c79b0cbe5a3eebbf91e29b5b70c6c0fcbe3d629eff0f3635a1cf2c?s=96&d=mm&r=g","width":96,"height":96,"caption":"Redacci\u00f3n"}},{"@type":"WebPage","@id":"https:\/\/www.lafresca.fm\/el-presidente-de-la-diputacion-de-alicante-inaugura-el-nuevo-parque-auxiliar-de-bomberos-en-ibi\/#webpage","url":"https:\/\/www.lafresca.fm\/el-presidente-de-la-diputacion-de-alicante-inaugura-el-nuevo-parque-auxiliar-de-bomberos-en-ibi\/","name":"El presidente de la Diputaci\u00f3n de Alicante inaugura el nuevo parque auxiliar de bomberos en Ibi - laFRESCA","description":"El presidente de la Diputaci\u00f3n de Alicante, Toni P\u00e9rez, ha inaugurado el nuevo parque auxiliar de bomberos de Ibi, una infraestructura que ha requerido una inversi\u00f3n de 2.311.000 euros y que mejorar\u00e1 la operatividad del servicio, as\u00ed como los tiempos de respuesta ante las emergencias. Acompa\u00f1ado por el alcalde del municipio, Sergio Carrasco, y el","inLanguage":"es-ES","isPartOf":{"@id":"https:\/\/www.lafresca.fm\/#website"},"breadcrumb":{"@id":"https:\/\/www.lafresca.fm\/el-presidente-de-la-diputacion-de-alicante-inaugura-el-nuevo-parque-auxiliar-de-bomberos-en-ibi\/#breadcrumblist"},"author":{"@id":"https:\/\/www.lafresca.fm\/author\/adri\/#author"},"creator":{"@id":"https:\/\/www.lafresca.fm\/author\/adri\/#author"},"image":{"@type":"ImageObject","url":"https:\/\/www.lafresca.fm\/f-solosog\/2026\/09\/090326-Parque-bomberos-Ibi-04.jpg","@id":"https:\/\/www.lafresca.fm\/el-presidente-de-la-diputacion-de-alicante-inaugura-el-nuevo-parque-auxiliar-de-bomberos-en-ibi\/#mainImage","width":2126,"height":1324},"primaryImageOfPage":{"@id":"https:\/\/www.lafresca.fm\/el-presidente-de-la-diputacion-de-alicante-inaugura-el-nuevo-parque-auxiliar-de-bomberos-en-ibi\/#mainImage"},"datePublished":"2026-09-03T16:53:35+02:00","dateModified":"2026-09-03T17:16:30+02:00"},{"@type":"WebSite","@id":"https:\/\/www.lafresca.fm\/#website","url":"https:\/\/www.lafresca.fm\/","name":"laFRESCA","description":"\u00a1Estamos de moda!","inLanguage":"es-ES","publisher":{"@id":"https:\/\/www.lafresca.fm\/#organization"}}]},"og:locale":"es_ES","og:site_name":"laFRESCA - \u00a1Estamos de moda!","og:type":"article","og:title":"El presidente de la Diputaci\u00f3n de Alicante inaugura el nuevo parque auxiliar de bomberos en Ibi - laFRESCA","og:description":"El presidente de la Diputaci\u00f3n de Alicante, Toni P\u00e9rez, ha inaugurado el nuevo parque auxiliar de bomberos de Ibi, una infraestructura que ha requerido una inversi\u00f3n de 2.311.000 euros y que mejorar\u00e1 la operatividad del servicio, as\u00ed como los tiempos de respuesta ante las emergencias. Acompa\u00f1ado por el alcalde del municipio, Sergio Carrasco, y el","og:url":"https:\/\/www.lafresca.fm\/el-presidente-de-la-diputacion-de-alicante-inaugura-el-nuevo-parque-auxiliar-de-bomberos-en-ibi\/","og:image":"https:\/\/www.lafresca.fm\/f-solosog\/2026\/09\/090326-Parque-bomberos-Ibi-04.jpg","og:image:secure_url":"https:\/\/www.lafresca.fm\/f-solosog\/2026\/09\/090326-Parque-bomberos-Ibi-04.jpg","og:image:width":2126,"og:image:height":1324,"article:published_time":"2026-09-03T14:53:35+00:00","article:modified_time":"2026-09-03T15:16:30+00:00","article:publisher":"https:\/\/facebook.com\/lafresca.es","twitter:card":"summary_large_image","twitter:site":"@frescafm","twitter:title":"El presidente de la Diputaci\u00f3n de Alicante inaugura el nuevo parque auxiliar de bomberos en Ibi - laFRESCA","twitter:description":"El presidente de la Diputaci\u00f3n de Alicante, Toni P\u00e9rez, ha inaugurado el nuevo parque auxiliar de bomberos de Ibi, una infraestructura que ha requerido una inversi\u00f3n de 2.311.000 euros y que mejorar\u00e1 la operatividad del servicio, as\u00ed como los tiempos de respuesta ante las emergencias. Acompa\u00f1ado por el alcalde del municipio, Sergio Carrasco, y el","twitter:image":"https:\/\/www.lafresca.fm\/f-solosog\/2026\/09\/090326-Parque-bomberos-Ibi-04.jpg"},"aioseo_meta_data":{"post_id":"19306","title":null,"description":null,"keywords":null,"keyphrases":{"focus":{"keyphrase":"","score":0,"analysis":{"keyphraseInTitle":{"score":0,"maxScore":9,"error":1}}},"additional":[]},"primary_term":null,"canonical_url":null,"og_title":null,"og_description":null,"og_object_type":"default","og_image_type":"default","og_image_url":null,"og_image_width":null,"og_image_height":null,"og_image_custom_url":null,"og_image_custom_fields":null,"og_video":"","og_custom_url":null,"og_article_section":null,"og_article_tags":null,"twitter_use_og":false,"twitter_card":"default","twitter_image_type":"default","twitter_image_url":null,"twitter_image_custom_url":null,"twitter_image_custom_fields":null,"twitter_title":null,"twitter_description":null,"schema":{"blockGraphs":[],"customGraphs":[],"default":{"data":{"Article":[],"Course":[],"Dataset":[],"FAQPage":[],"Movie":[],"Person":[],"Product":[],"ProductReview":[],"Car":[],"Recipe":[],"Service":[],"SoftwareApplication":[],"WebPage":[]},"graphName":"BlogPosting","isEnabled":true},"graphs":[]},"schema_type":"default","schema_type_options":null,"pillar_content":false,"robots_default":true,"robots_noindex":false,"robots_noarchive":false,"robots_nosnippet":false,"robots_nofollow":false,"robots_noimageindex":false,"robots_noodp":false,"robots_notranslate":false,"robots_max_snippet":"-1","robots_max_videopreview":"-1","robots_max_imagepreview":"large","priority":null,"frequency":"default","local_seo":null,"breadcrumb_settings":null,"limit_modified_date":false,"ai":{"faqs":[],"keyPoints":[],"schemas":[],"titles":[],"descriptions":[],"socialPosts":{"email":{"subject":"","preview":"","content":""},"linkedin":[],"twitter":[],"facebook":[],"instagram":[]}},"created":"2026-09-03 14:53:35","updated":"2026-09-03 15:43:03","seo_analyzer_scan_date":null,"focus_keyword":null,"additional_keywords":null,"truseo_locale":null},"aioseo_breadcrumb":"<div class=\"aioseo-breadcrumbs\"><span class=\"aioseo-breadcrumb\">\n\t\t\t<a href=\"https:\/\/www.lafresca.fm\" title=\"Inicio\">Inicio<\/a>\n\t\t<\/span><span class=\"aioseo-breadcrumb-separator\">&raquo;<\/span><span class=\"aioseo-breadcrumb\">\n\t\t\t<a href=\"https:\/\/www.lafresca.fm\/category\/alicante\/\" title=\"Interior de Alicante\">Interior de Alicante<\/a>\n\t\t<\/span><span class=\"aioseo-breadcrumb-separator\">&raquo;<\/span><span class=\"aioseo-breadcrumb\">\n\t\t\tEl presidente de la Diputaci\u00f3n de Alicante inaugura el nuevo parque auxiliar de bomberos en Ibi\n\t\t<\/span><\/div>","aioseo_breadcrumb_json":[{"label":"Inicio","link":"https:\/\/www.lafresca.fm"},{"label":"Interior de Alicante","link":"https:\/\/www.lafresca.fm\/category\/alicante\/"},{"label":"El presidente de la Diputaci\u00f3n de Alicante inaugura el nuevo parque auxiliar de bomberos en Ibi","link":"https:\/\/www.lafresca.fm\/el-presidente-de-la-diputacion-de-alicante-inaugura-el-nuevo-parque-auxiliar-de-bomberos-en-ibi\/"}],"_links":{"self":[{"href":"https:\/\/www.lafresca.fm\/fresca-api-json\/wp\/v2\/posts\/19306","targetHints":{"allow":["GET"]}}],"collection":[{"href":"https:\/\/www.lafresca.fm\/fresca-api-json\/wp\/v2\/posts"}],"about":[{"href":"https:\/\/www.lafresca.fm\/fresca-api-json\/wp\/v2\/types\/post"}],"author":[{"embeddable":true,"href":"https:\/\/www.lafresca.fm\/fresca-api-json\/wp\/v2\/users\/2"}],"replies":[{"embeddable":true,"href":"https:\/\/www.lafresca.fm\/fresca-api-json\/wp\/v2\/comments?post=19306"}],"version-history":[{"count":3,"href":"https:\/\/www.lafresca.fm\/fresca-api-json\/wp\/v2\/posts\/19306\/revisions"}],"predecessor-version":[{"id":19313,"href":"https:\/\/www.lafresca.fm\/fresca-api-json\/wp\/v2\/posts\/19306\/revisions\/19313"}],"wp:featuredmedia":[{"embeddable":true,"href":"https:\/\/www.lafresca.fm\/fresca-api-json\/wp\/v2\/media\/19307"}],"wp:attachment":[{"href":"https:\/\/www.lafresca.fm\/fresca-api-json\/wp\/v2\/media?parent=19306"}],"wp:term":[{"taxonomy":"category","embeddable":true,"href":"https:\/\/www.lafresca.fm\/fresca-api-json\/wp\/v2\/categories?post=19306"},{"taxonomy":"post_tag","embeddable":true,"href":"https:\/\/www.lafresca.fm\/fresca-api-json\/wp\/v2\/tags?post=19306"}],"curies":[{"name":"wp","href":"https:\/\/api.w.org\/{rel}","templated":true}]}}