{"id":19314,"date":"2026-09-04T10:13:25","date_gmt":"2026-09-04T08:13:25","guid":{"rendered":"https:\/\/www.lafresca.fm\/?p=19314"},"modified":"2026-09-04T10:13:25","modified_gmt":"2026-09-04T08:13:25","slug":"los-trabajadores-del-museo-del-juguete-de-ibi-y-teatro-rio-desconvocan-la-huelga-tras-alcanzar-un-acuerdo-con-la-fundacion","status":"publish","type":"post","link":"https:\/\/www.lafresca.fm\/los-trabajadores-del-museo-del-juguete-de-ibi-y-teatro-rio-desconvocan-la-huelga-tras-alcanzar-un-acuerdo-con-la-fundacion\/","title":{"rendered":"Los trabajadores del Museo del Juguete de Ibi y Teatro R\u00edo desconvocan la huelga tras alcanzar un acuerdo con la Fundaci\u00f3n"},"content":{"rendered":"<div class=\"xdj266r x14z9mp xat24cr x1lziwak x1vvkbs x126k92a\">\n<div dir=\"auto\">&#8211; La plantilla concede un nuevo margen hasta el 4 de noviembre para que se cumplan los compromisos sobre funciones, categor\u00edas laborales y seguridad de las instalaciones.<\/div>\n<div dir=\"auto\"><\/div>\n<\/div>\n<div class=\"x14z9mp xat24cr x1lziwak x1vvkbs xtlvy1s x126k92a\">\n<div dir=\"auto\">Los trabajadores de la Fundaci\u00f3n Museo Valenciano del Juguete de Ibi han decidido desconvocar la huelga indefinida prevista a partir de este viernes, 4 de septiembre, despu\u00e9s de alcanzar un nuevo acuerdo con la Fundaci\u00f3n y ratificarlo este jueves ante el Tribunal de Arbitraje Laboral de la Comunitat Valenciana.<\/div>\n<div dir=\"auto\"><\/div>\n<\/div>\n<div class=\"x14z9mp xat24cr x1lziwak x1vvkbs xtlvy1s x126k92a\">\n<div dir=\"auto\">El acuerdo contempla la revisi\u00f3n de todas las categor\u00edas y funciones del personal con el objetivo de actualizar aquellas que hayan quedado obsoletas o que no se correspondan con las tareas que actualmente desempe\u00f1an los trabajadores. Asimismo, se establecer\u00e1n las funciones concretas de cada puesto, que quedar\u00e1n anexadas a los respectivos contratos de trabajo.<\/div>\n<\/div>\n<div class=\"x14z9mp xat24cr x1lziwak x1vvkbs xtlvy1s x126k92a\">\n<div dir=\"auto\">La Fundaci\u00f3n dispone ahora hasta el 4 de noviembre de 2026 para llevar a cabo estas modificaciones. Antes de esa fecha se celebrar\u00e1n, adem\u00e1s, dos reuniones de seguimiento para comprobar el avance de los compromisos adquiridos.<\/div>\n<div dir=\"auto\"><\/div>\n<div dir=\"auto\">Otro de los puntos incluidos en el acuerdo es la necesidad de continuar trabajando en la adecuaci\u00f3n integral de las instalaciones del Teatro R\u00edo y del Museo Valenciano del Juguete, pese a las actuaciones de mejora que ya se est\u00e1n ejecutando.<\/div>\n<div dir=\"auto\"><\/div>\n<\/div>\n<div class=\"x14z9mp xat24cr x1lziwak x1vvkbs xtlvy1s x126k92a\">\n<div dir=\"auto\">La plantilla ha decidido conceder as\u00ed un nuevo voto de confianza a la Fundaci\u00f3n, aunque advierte de que el conflicto no puede considerarse definitivamente resuelto. Los trabajadores condicionan esta nueva etapa al cumplimiento estricto de lo pactado y mantienen como fecha l\u00edmite el 4 de noviembre.<\/div>\n<div dir=\"auto\"><\/div>\n<\/div>\n<div class=\"x14z9mp xat24cr x1lziwak x1vvkbs xtlvy1s x126k92a\">\n<div dir=\"auto\">La decisi\u00f3n supone dejar sin efecto la huelga indefinida que los 13 trabajadores hab\u00edan convocado despu\u00e9s de denunciar problemas relacionados con las condiciones laborales, la definici\u00f3n de sus funciones y la seguridad y salud en los espacios gestionados por la Fundaci\u00f3n.<\/div>\n<div dir=\"auto\"><\/div>\n<\/div>\n<div class=\"x14z9mp xat24cr x1lziwak x1vvkbs xtlvy1s x126k92a\">\n<div dir=\"auto\">Desde el Comit\u00e9 de Huelga destacan que la desconvocatoria representa una muestra de voluntad de di\u00e1logo y disposici\u00f3n para evitar el impacto que el paro habr\u00eda tenido sobre el museo y el teatro en unas fechas especialmente sensibles.<\/div>\n<div dir=\"auto\"><\/div>\n<\/div>\n<div class=\"x14z9mp xat24cr x1lziwak x1vvkbs xtlvy1s x126k92a\">\n<div dir=\"auto\">No obstante, los trabajadores subrayan que se trata de un aplazamiento condicionado al cumplimiento de los acuerdos, y no del cierre definitivo del conflicto. El Comit\u00e9 de Huelga conf\u00eda ahora en que la Fundaci\u00f3n aproveche este margen temporal para cumplir \u00edntegramente los compromisos adquiridos.<\/div>\n<div dir=\"auto\"><\/div>\n<\/div>\n<div class=\"x14z9mp xat24cr x1lziwak x1vvkbs xtlvy1s x126k92a\">\n<div dir=\"auto\">La pelota queda, por tanto, en el tejado de la Fundaci\u00f3n, que deber\u00e1 materializar durante las pr\u00f3ximas semanas los acuerdos alcanzados para evitar que el conflicto laboral vuelva a desembocar en una movilizaci\u00f3n.<\/div>\n<\/div>\n<script>function PlayerjsAsync(){} if(window[\"Playerjs\"]){PlayerjsAsync();}<\/script>","protected":false},"excerpt":{"rendered":"<p>&#8211; La plantilla concede un nuevo margen hasta el 4 de noviembre para que se cumplan los compromisos sobre funciones, categor\u00edas laborales y seguridad de las instalaciones. Los trabajadores de la Fundaci\u00f3n Museo Valenciano del Juguete de Ibi han decidido desconvocar la huelga indefinida prevista a partir de este viernes, ...<\/p>\n","protected":false},"author":2,"featured_media":19265,"comment_status":"closed","ping_status":"closed","sticky":false,"template":"","format":"standard","meta":{"_monsterinsights_skip_tracking":false,"footnotes":""},"categories":[4],"tags":[128],"class_list":["post-19314","post","type-post","status-publish","format-standard","has-post-thumbnail","hentry","category-alicante","tag-ibi"],"aioseo_notices":[],"aioseo_head":"\n\t\t\n\t<meta name=\"description\" content=\"- La plantilla concede un nuevo margen hasta el 4 de noviembre para que se cumplan los compromisos sobre funciones, categor\u00edas laborales y seguridad de las instalaciones. Los trabajadores de la Fundaci\u00f3n Museo Valenciano del Juguete de Ibi han decidido desconvocar la huelga indefinida prevista a partir de este viernes, 4 de septiembre, despu\u00e9s de\" \/>\n\t<meta name=\"robots\" content=\"max-image-preview:large\" \/>\n\t<meta name=\"author\" content=\"Redacci\u00f3n\"\/>\n\t<link rel=\"canonical\" href=\"https:\/\/www.lafresca.fm\/los-trabajadores-del-museo-del-juguete-de-ibi-y-teatro-rio-desconvocan-la-huelga-tras-alcanzar-un-acuerdo-con-la-fundacion\/\" \/>\n\t<meta name=\"generator\" content=\"All in One SEO (AIOSEO) 5.0.0.1\" \/>\n\t\t<meta property=\"og:locale\" content=\"es_ES\" \/>\n\t\t<meta property=\"og:site_name\" content=\"laFRESCA - \u00a1Estamos de moda!\" \/>\n\t\t<meta property=\"og:type\" content=\"article\" \/>\n\t\t<meta property=\"og:title\" content=\"Los trabajadores del Museo del Juguete de Ibi y Teatro R\u00edo desconvocan la huelga tras alcanzar un acuerdo con la Fundaci\u00f3n - laFRESCA\" \/>\n\t\t<meta property=\"og:description\" content=\"- La plantilla concede un nuevo margen hasta el 4 de noviembre para que se cumplan los compromisos sobre funciones, categor\u00edas laborales y seguridad de las instalaciones. Los trabajadores de la Fundaci\u00f3n Museo Valenciano del Juguete de Ibi han decidido desconvocar la huelga indefinida prevista a partir de este viernes, 4 de septiembre, despu\u00e9s de\" \/>\n\t\t<meta property=\"og:url\" content=\"https:\/\/www.lafresca.fm\/los-trabajadores-del-museo-del-juguete-de-ibi-y-teatro-rio-desconvocan-la-huelga-tras-alcanzar-un-acuerdo-con-la-fundacion\/\" \/>\n\t\t<meta property=\"og:image\" content=\"https:\/\/www.lafresca.fm\/f-solosog\/2026\/08\/Teatro-Rio-770x728-1.jpg\" \/>\n\t\t<meta property=\"og:image:secure_url\" content=\"https:\/\/www.lafresca.fm\/f-solosog\/2026\/08\/Teatro-Rio-770x728-1.jpg\" \/>\n\t\t<meta property=\"og:image:width\" content=\"770\" \/>\n\t\t<meta property=\"og:image:height\" content=\"728\" \/>\n\t\t<meta property=\"article:published_time\" content=\"2026-09-04T08:13:25+00:00\" \/>\n\t\t<meta property=\"article:modified_time\" content=\"2026-09-04T08:13:25+00:00\" \/>\n\t\t<meta property=\"article:publisher\" content=\"https:\/\/facebook.com\/lafresca.es\" \/>\n\t\t<meta name=\"twitter:card\" content=\"summary_large_image\" \/>\n\t\t<meta name=\"twitter:site\" content=\"@frescafm\" \/>\n\t\t<meta name=\"twitter:title\" content=\"Los trabajadores del Museo del Juguete de Ibi y Teatro R\u00edo desconvocan la huelga tras alcanzar un acuerdo con la Fundaci\u00f3n - laFRESCA\" \/>\n\t\t<meta name=\"twitter:description\" content=\"- La plantilla concede un nuevo margen hasta el 4 de noviembre para que se cumplan los compromisos sobre funciones, categor\u00edas laborales y seguridad de las instalaciones. Los trabajadores de la Fundaci\u00f3n Museo Valenciano del Juguete de Ibi han decidido desconvocar la huelga indefinida prevista a partir de este viernes, 4 de septiembre, despu\u00e9s de\" \/>\n\t\t<meta name=\"twitter:image\" content=\"https:\/\/www.lafresca.fm\/f-solosog\/2026\/08\/Teatro-Rio-770x728-1.jpg\" \/>\n\t\t<script type=\"application\/ld+json\" class=\"aioseo-schema\">\n\t\t\t{\"@context\":\"https:\\\/\\\/schema.org\",\"@graph\":[{\"@type\":\"BlogPosting\",\"@id\":\"https:\\\/\\\/www.lafresca.fm\\\/los-trabajadores-del-museo-del-juguete-de-ibi-y-teatro-rio-desconvocan-la-huelga-tras-alcanzar-un-acuerdo-con-la-fundacion\\\/#blogposting\",\"name\":\"Los trabajadores del Museo del Juguete de Ibi y Teatro R\\u00edo desconvocan la huelga tras alcanzar un acuerdo con la Fundaci\\u00f3n - laFRESCA\",\"headline\":\"Los trabajadores del Museo del Juguete de Ibi y Teatro R\\u00edo desconvocan la huelga tras alcanzar un acuerdo con la Fundaci\\u00f3n\",\"author\":{\"@id\":\"https:\\\/\\\/www.lafresca.fm\\\/author\\\/adri\\\/#author\"},\"publisher\":{\"@id\":\"https:\\\/\\\/www.lafresca.fm\\\/#organization\"},\"image\":{\"@type\":\"ImageObject\",\"url\":\"https:\\\/\\\/www.lafresca.fm\\\/wp-content\\\/uploads\\\/2026\\\/08\\\/Teatro-Rio-770x728-1.jpg\",\"width\":770,\"height\":728},\"datePublished\":\"2026-09-04T10:13:25+02:00\",\"dateModified\":\"2026-09-04T10:13:25+02:00\",\"inLanguage\":\"es-ES\",\"mainEntityOfPage\":{\"@id\":\"https:\\\/\\\/www.lafresca.fm\\\/los-trabajadores-del-museo-del-juguete-de-ibi-y-teatro-rio-desconvocan-la-huelga-tras-alcanzar-un-acuerdo-con-la-fundacion\\\/#webpage\"},\"isPartOf\":{\"@id\":\"https:\\\/\\\/www.lafresca.fm\\\/los-trabajadores-del-museo-del-juguete-de-ibi-y-teatro-rio-desconvocan-la-huelga-tras-alcanzar-un-acuerdo-con-la-fundacion\\\/#webpage\"},\"articleSection\":\"Interior de Alicante, Ibi\"},{\"@type\":\"BreadcrumbList\",\"@id\":\"https:\\\/\\\/www.lafresca.fm\\\/los-trabajadores-del-museo-del-juguete-de-ibi-y-teatro-rio-desconvocan-la-huelga-tras-alcanzar-un-acuerdo-con-la-fundacion\\\/#breadcrumblist\",\"itemListElement\":[{\"@type\":\"ListItem\",\"@id\":\"https:\\\/\\\/www.lafresca.fm#listItem\",\"position\":1,\"name\":\"Inicio\",\"item\":\"https:\\\/\\\/www.lafresca.fm\",\"nextItem\":{\"@type\":\"ListItem\",\"@id\":\"https:\\\/\\\/www.lafresca.fm\\\/category\\\/alicante\\\/#listItem\",\"name\":\"Interior de Alicante\"}},{\"@type\":\"ListItem\",\"@id\":\"https:\\\/\\\/www.lafresca.fm\\\/category\\\/alicante\\\/#listItem\",\"position\":2,\"name\":\"Interior de Alicante\",\"item\":\"https:\\\/\\\/www.lafresca.fm\\\/category\\\/alicante\\\/\",\"nextItem\":{\"@type\":\"ListItem\",\"@id\":\"https:\\\/\\\/www.lafresca.fm\\\/los-trabajadores-del-museo-del-juguete-de-ibi-y-teatro-rio-desconvocan-la-huelga-tras-alcanzar-un-acuerdo-con-la-fundacion\\\/#listItem\",\"name\":\"Los trabajadores del Museo del Juguete de Ibi y Teatro R\\u00edo desconvocan la huelga tras alcanzar un acuerdo con la Fundaci\\u00f3n\"},\"previousItem\":{\"@type\":\"ListItem\",\"@id\":\"https:\\\/\\\/www.lafresca.fm#listItem\",\"name\":\"Inicio\"}},{\"@type\":\"ListItem\",\"@id\":\"https:\\\/\\\/www.lafresca.fm\\\/los-trabajadores-del-museo-del-juguete-de-ibi-y-teatro-rio-desconvocan-la-huelga-tras-alcanzar-un-acuerdo-con-la-fundacion\\\/#listItem\",\"position\":3,\"name\":\"Los trabajadores del Museo del Juguete de Ibi y Teatro R\\u00edo desconvocan la huelga tras alcanzar un acuerdo con la Fundaci\\u00f3n\",\"previousItem\":{\"@type\":\"ListItem\",\"@id\":\"https:\\\/\\\/www.lafresca.fm\\\/category\\\/alicante\\\/#listItem\",\"name\":\"Interior de Alicante\"}}]},{\"@type\":\"Organization\",\"@id\":\"https:\\\/\\\/www.lafresca.fm\\\/#organization\",\"name\":\"laFRESCA\",\"description\":\"\\u00a1Estamos de moda!\",\"url\":\"https:\\\/\\\/www.lafresca.fm\\\/\",\"logo\":{\"@type\":\"ImageObject\",\"url\":\"https:\\\/\\\/www.lafresca.fm\\\/wp-content\\\/uploads\\\/2020\\\/06\\\/logo-opaque.png\",\"@id\":\"https:\\\/\\\/www.lafresca.fm\\\/los-trabajadores-del-museo-del-juguete-de-ibi-y-teatro-rio-desconvocan-la-huelga-tras-alcanzar-un-acuerdo-con-la-fundacion\\\/#organizationLogo\",\"width\":766,\"height\":156},\"image\":{\"@id\":\"https:\\\/\\\/www.lafresca.fm\\\/los-trabajadores-del-museo-del-juguete-de-ibi-y-teatro-rio-desconvocan-la-huelga-tras-alcanzar-un-acuerdo-con-la-fundacion\\\/#organizationLogo\"},\"sameAs\":[\"https:\\\/\\\/instagram.com\\\/lafrescafm\"]},{\"@type\":\"Person\",\"@id\":\"https:\\\/\\\/www.lafresca.fm\\\/author\\\/adri\\\/#author\",\"url\":\"https:\\\/\\\/www.lafresca.fm\\\/author\\\/adri\\\/\",\"name\":\"Redacci\\u00f3n\",\"image\":{\"@type\":\"ImageObject\",\"@id\":\"https:\\\/\\\/www.lafresca.fm\\\/los-trabajadores-del-museo-del-juguete-de-ibi-y-teatro-rio-desconvocan-la-huelga-tras-alcanzar-un-acuerdo-con-la-fundacion\\\/#authorImage\",\"url\":\"https:\\\/\\\/secure.gravatar.com\\\/avatar\\\/bbe35c7902c79b0cbe5a3eebbf91e29b5b70c6c0fcbe3d629eff0f3635a1cf2c?s=96&d=mm&r=g\",\"width\":96,\"height\":96,\"caption\":\"Redacci\\u00f3n\"}},{\"@type\":\"WebPage\",\"@id\":\"https:\\\/\\\/www.lafresca.fm\\\/los-trabajadores-del-museo-del-juguete-de-ibi-y-teatro-rio-desconvocan-la-huelga-tras-alcanzar-un-acuerdo-con-la-fundacion\\\/#webpage\",\"url\":\"https:\\\/\\\/www.lafresca.fm\\\/los-trabajadores-del-museo-del-juguete-de-ibi-y-teatro-rio-desconvocan-la-huelga-tras-alcanzar-un-acuerdo-con-la-fundacion\\\/\",\"name\":\"Los trabajadores del Museo del Juguete de Ibi y Teatro R\\u00edo desconvocan la huelga tras alcanzar un acuerdo con la Fundaci\\u00f3n - laFRESCA\",\"description\":\"- La plantilla concede un nuevo margen hasta el 4 de noviembre para que se cumplan los compromisos sobre funciones, categor\\u00edas laborales y seguridad de las instalaciones. Los trabajadores de la Fundaci\\u00f3n Museo Valenciano del Juguete de Ibi han decidido desconvocar la huelga indefinida prevista a partir de este viernes, 4 de septiembre, despu\\u00e9s de\",\"inLanguage\":\"es-ES\",\"isPartOf\":{\"@id\":\"https:\\\/\\\/www.lafresca.fm\\\/#website\"},\"breadcrumb\":{\"@id\":\"https:\\\/\\\/www.lafresca.fm\\\/los-trabajadores-del-museo-del-juguete-de-ibi-y-teatro-rio-desconvocan-la-huelga-tras-alcanzar-un-acuerdo-con-la-fundacion\\\/#breadcrumblist\"},\"author\":{\"@id\":\"https:\\\/\\\/www.lafresca.fm\\\/author\\\/adri\\\/#author\"},\"creator\":{\"@id\":\"https:\\\/\\\/www.lafresca.fm\\\/author\\\/adri\\\/#author\"},\"image\":{\"@type\":\"ImageObject\",\"url\":\"https:\\\/\\\/www.lafresca.fm\\\/wp-content\\\/uploads\\\/2026\\\/08\\\/Teatro-Rio-770x728-1.jpg\",\"@id\":\"https:\\\/\\\/www.lafresca.fm\\\/los-trabajadores-del-museo-del-juguete-de-ibi-y-teatro-rio-desconvocan-la-huelga-tras-alcanzar-un-acuerdo-con-la-fundacion\\\/#mainImage\",\"width\":770,\"height\":728},\"primaryImageOfPage\":{\"@id\":\"https:\\\/\\\/www.lafresca.fm\\\/los-trabajadores-del-museo-del-juguete-de-ibi-y-teatro-rio-desconvocan-la-huelga-tras-alcanzar-un-acuerdo-con-la-fundacion\\\/#mainImage\"},\"datePublished\":\"2026-09-04T10:13:25+02:00\",\"dateModified\":\"2026-09-04T10:13:25+02:00\"},{\"@type\":\"WebSite\",\"@id\":\"https:\\\/\\\/www.lafresca.fm\\\/#website\",\"url\":\"https:\\\/\\\/www.lafresca.fm\\\/\",\"name\":\"laFRESCA\",\"description\":\"\\u00a1Estamos de moda!\",\"inLanguage\":\"es-ES\",\"publisher\":{\"@id\":\"https:\\\/\\\/www.lafresca.fm\\\/#organization\"}}]}\n\t\t<\/script>\n\t\t\n\n","aioseo_head_json":{"title":"Los trabajadores del Museo del Juguete de Ibi y Teatro R\u00edo desconvocan la huelga tras alcanzar un acuerdo con la Fundaci\u00f3n - laFRESCA","description":"- La plantilla concede un nuevo margen hasta el 4 de noviembre para que se cumplan los compromisos sobre funciones, categor\u00edas laborales y seguridad de las instalaciones. Los trabajadores de la Fundaci\u00f3n Museo Valenciano del Juguete de Ibi han decidido desconvocar la huelga indefinida prevista a partir de este viernes, 4 de septiembre, despu\u00e9s de","canonical_url":"https:\/\/www.lafresca.fm\/los-trabajadores-del-museo-del-juguete-de-ibi-y-teatro-rio-desconvocan-la-huelga-tras-alcanzar-un-acuerdo-con-la-fundacion\/","robots":"max-image-preview:large","keywords":"","webmasterTools":{"miscellaneous":""},"schema":{"@context":"https:\/\/schema.org","@graph":[{"@type":"BlogPosting","@id":"https:\/\/www.lafresca.fm\/los-trabajadores-del-museo-del-juguete-de-ibi-y-teatro-rio-desconvocan-la-huelga-tras-alcanzar-un-acuerdo-con-la-fundacion\/#blogposting","name":"Los trabajadores del Museo del Juguete de Ibi y Teatro R\u00edo desconvocan la huelga tras alcanzar un acuerdo con la Fundaci\u00f3n - laFRESCA","headline":"Los trabajadores del Museo del Juguete de Ibi y Teatro R\u00edo desconvocan la huelga tras alcanzar un acuerdo con la Fundaci\u00f3n","author":{"@id":"https:\/\/www.lafresca.fm\/author\/adri\/#author"},"publisher":{"@id":"https:\/\/www.lafresca.fm\/#organization"},"image":{"@type":"ImageObject","url":"https:\/\/www.lafresca.fm\/f-solosog\/2026\/08\/Teatro-Rio-770x728-1.jpg","width":770,"height":728},"datePublished":"2026-09-04T10:13:25+02:00","dateModified":"2026-09-04T10:13:25+02:00","inLanguage":"es-ES","mainEntityOfPage":{"@id":"https:\/\/www.lafresca.fm\/los-trabajadores-del-museo-del-juguete-de-ibi-y-teatro-rio-desconvocan-la-huelga-tras-alcanzar-un-acuerdo-con-la-fundacion\/#webpage"},"isPartOf":{"@id":"https:\/\/www.lafresca.fm\/los-trabajadores-del-museo-del-juguete-de-ibi-y-teatro-rio-desconvocan-la-huelga-tras-alcanzar-un-acuerdo-con-la-fundacion\/#webpage"},"articleSection":"Interior de Alicante, Ibi"},{"@type":"BreadcrumbList","@id":"https:\/\/www.lafresca.fm\/los-trabajadores-del-museo-del-juguete-de-ibi-y-teatro-rio-desconvocan-la-huelga-tras-alcanzar-un-acuerdo-con-la-fundacion\/#breadcrumblist","itemListElement":[{"@type":"ListItem","@id":"https:\/\/www.lafresca.fm#listItem","position":1,"name":"Inicio","item":"https:\/\/www.lafresca.fm","nextItem":{"@type":"ListItem","@id":"https:\/\/www.lafresca.fm\/category\/alicante\/#listItem","name":"Interior de Alicante"}},{"@type":"ListItem","@id":"https:\/\/www.lafresca.fm\/category\/alicante\/#listItem","position":2,"name":"Interior de Alicante","item":"https:\/\/www.lafresca.fm\/category\/alicante\/","nextItem":{"@type":"ListItem","@id":"https:\/\/www.lafresca.fm\/los-trabajadores-del-museo-del-juguete-de-ibi-y-teatro-rio-desconvocan-la-huelga-tras-alcanzar-un-acuerdo-con-la-fundacion\/#listItem","name":"Los trabajadores del Museo del Juguete de Ibi y Teatro R\u00edo desconvocan la huelga tras alcanzar un acuerdo con la Fundaci\u00f3n"},"previousItem":{"@type":"ListItem","@id":"https:\/\/www.lafresca.fm#listItem","name":"Inicio"}},{"@type":"ListItem","@id":"https:\/\/www.lafresca.fm\/los-trabajadores-del-museo-del-juguete-de-ibi-y-teatro-rio-desconvocan-la-huelga-tras-alcanzar-un-acuerdo-con-la-fundacion\/#listItem","position":3,"name":"Los trabajadores del Museo del Juguete de Ibi y Teatro R\u00edo desconvocan la huelga tras alcanzar un acuerdo con la Fundaci\u00f3n","previousItem":{"@type":"ListItem","@id":"https:\/\/www.lafresca.fm\/category\/alicante\/#listItem","name":"Interior de Alicante"}}]},{"@type":"Organization","@id":"https:\/\/www.lafresca.fm\/#organization","name":"laFRESCA","description":"\u00a1Estamos de moda!","url":"https:\/\/www.lafresca.fm\/","logo":{"@type":"ImageObject","url":"https:\/\/www.lafresca.fm\/f-solosog\/2020\/06\/logo-opaque.png","@id":"https:\/\/www.lafresca.fm\/los-trabajadores-del-museo-del-juguete-de-ibi-y-teatro-rio-desconvocan-la-huelga-tras-alcanzar-un-acuerdo-con-la-fundacion\/#organizationLogo","width":766,"height":156},"image":{"@id":"https:\/\/www.lafresca.fm\/los-trabajadores-del-museo-del-juguete-de-ibi-y-teatro-rio-desconvocan-la-huelga-tras-alcanzar-un-acuerdo-con-la-fundacion\/#organizationLogo"},"sameAs":["https:\/\/instagram.com\/lafrescafm"]},{"@type":"Person","@id":"https:\/\/www.lafresca.fm\/author\/adri\/#author","url":"https:\/\/www.lafresca.fm\/author\/adri\/","name":"Redacci\u00f3n","image":{"@type":"ImageObject","@id":"https:\/\/www.lafresca.fm\/los-trabajadores-del-museo-del-juguete-de-ibi-y-teatro-rio-desconvocan-la-huelga-tras-alcanzar-un-acuerdo-con-la-fundacion\/#authorImage","url":"https:\/\/secure.gravatar.com\/avatar\/bbe35c7902c79b0cbe5a3eebbf91e29b5b70c6c0fcbe3d629eff0f3635a1cf2c?s=96&d=mm&r=g","width":96,"height":96,"caption":"Redacci\u00f3n"}},{"@type":"WebPage","@id":"https:\/\/www.lafresca.fm\/los-trabajadores-del-museo-del-juguete-de-ibi-y-teatro-rio-desconvocan-la-huelga-tras-alcanzar-un-acuerdo-con-la-fundacion\/#webpage","url":"https:\/\/www.lafresca.fm\/los-trabajadores-del-museo-del-juguete-de-ibi-y-teatro-rio-desconvocan-la-huelga-tras-alcanzar-un-acuerdo-con-la-fundacion\/","name":"Los trabajadores del Museo del Juguete de Ibi y Teatro R\u00edo desconvocan la huelga tras alcanzar un acuerdo con la Fundaci\u00f3n - laFRESCA","description":"- La plantilla concede un nuevo margen hasta el 4 de noviembre para que se cumplan los compromisos sobre funciones, categor\u00edas laborales y seguridad de las instalaciones. Los trabajadores de la Fundaci\u00f3n Museo Valenciano del Juguete de Ibi han decidido desconvocar la huelga indefinida prevista a partir de este viernes, 4 de septiembre, despu\u00e9s de","inLanguage":"es-ES","isPartOf":{"@id":"https:\/\/www.lafresca.fm\/#website"},"breadcrumb":{"@id":"https:\/\/www.lafresca.fm\/los-trabajadores-del-museo-del-juguete-de-ibi-y-teatro-rio-desconvocan-la-huelga-tras-alcanzar-un-acuerdo-con-la-fundacion\/#breadcrumblist"},"author":{"@id":"https:\/\/www.lafresca.fm\/author\/adri\/#author"},"creator":{"@id":"https:\/\/www.lafresca.fm\/author\/adri\/#author"},"image":{"@type":"ImageObject","url":"https:\/\/www.lafresca.fm\/f-solosog\/2026\/08\/Teatro-Rio-770x728-1.jpg","@id":"https:\/\/www.lafresca.fm\/los-trabajadores-del-museo-del-juguete-de-ibi-y-teatro-rio-desconvocan-la-huelga-tras-alcanzar-un-acuerdo-con-la-fundacion\/#mainImage","width":770,"height":728},"primaryImageOfPage":{"@id":"https:\/\/www.lafresca.fm\/los-trabajadores-del-museo-del-juguete-de-ibi-y-teatro-rio-desconvocan-la-huelga-tras-alcanzar-un-acuerdo-con-la-fundacion\/#mainImage"},"datePublished":"2026-09-04T10:13:25+02:00","dateModified":"2026-09-04T10:13:25+02:00"},{"@type":"WebSite","@id":"https:\/\/www.lafresca.fm\/#website","url":"https:\/\/www.lafresca.fm\/","name":"laFRESCA","description":"\u00a1Estamos de moda!","inLanguage":"es-ES","publisher":{"@id":"https:\/\/www.lafresca.fm\/#organization"}}]},"og:locale":"es_ES","og:site_name":"laFRESCA - \u00a1Estamos de moda!","og:type":"article","og:title":"Los trabajadores del Museo del Juguete de Ibi y Teatro R\u00edo desconvocan la huelga tras alcanzar un acuerdo con la Fundaci\u00f3n - laFRESCA","og:description":"- La plantilla concede un nuevo margen hasta el 4 de noviembre para que se cumplan los compromisos sobre funciones, categor\u00edas laborales y seguridad de las instalaciones. Los trabajadores de la Fundaci\u00f3n Museo Valenciano del Juguete de Ibi han decidido desconvocar la huelga indefinida prevista a partir de este viernes, 4 de septiembre, despu\u00e9s de","og:url":"https:\/\/www.lafresca.fm\/los-trabajadores-del-museo-del-juguete-de-ibi-y-teatro-rio-desconvocan-la-huelga-tras-alcanzar-un-acuerdo-con-la-fundacion\/","og:image":"https:\/\/www.lafresca.fm\/f-solosog\/2026\/08\/Teatro-Rio-770x728-1.jpg","og:image:secure_url":"https:\/\/www.lafresca.fm\/f-solosog\/2026\/08\/Teatro-Rio-770x728-1.jpg","og:image:width":770,"og:image:height":728,"article:published_time":"2026-09-04T08:13:25+00:00","article:modified_time":"2026-09-04T08:13:25+00:00","article:publisher":"https:\/\/facebook.com\/lafresca.es","twitter:card":"summary_large_image","twitter:site":"@frescafm","twitter:title":"Los trabajadores del Museo del Juguete de Ibi y Teatro R\u00edo desconvocan la huelga tras alcanzar un acuerdo con la Fundaci\u00f3n - laFRESCA","twitter:description":"- La plantilla concede un nuevo margen hasta el 4 de noviembre para que se cumplan los compromisos sobre funciones, categor\u00edas laborales y seguridad de las instalaciones. Los trabajadores de la Fundaci\u00f3n Museo Valenciano del Juguete de Ibi han decidido desconvocar la huelga indefinida prevista a partir de este viernes, 4 de septiembre, despu\u00e9s de","twitter:image":"https:\/\/www.lafresca.fm\/f-solosog\/2026\/08\/Teatro-Rio-770x728-1.jpg"},"aioseo_meta_data":{"post_id":"19314","title":null,"description":null,"keywords":null,"keyphrases":{"focus":{"keyphrase":"","score":0,"analysis":{"keyphraseInTitle":{"score":0,"maxScore":9,"error":1}}},"additional":[]},"primary_term":null,"canonical_url":null,"og_title":null,"og_description":null,"og_object_type":"default","og_image_type":"default","og_image_url":null,"og_image_width":null,"og_image_height":null,"og_image_custom_url":null,"og_image_custom_fields":null,"og_video":"","og_custom_url":null,"og_article_section":null,"og_article_tags":null,"twitter_use_og":false,"twitter_card":"default","twitter_image_type":"default","twitter_image_url":null,"twitter_image_custom_url":null,"twitter_image_custom_fields":null,"twitter_title":null,"twitter_description":null,"schema":{"blockGraphs":[],"customGraphs":[],"default":{"data":{"Article":[],"Course":[],"Dataset":[],"FAQPage":[],"Movie":[],"Person":[],"Product":[],"ProductReview":[],"Car":[],"Recipe":[],"Service":[],"SoftwareApplication":[],"WebPage":[]},"graphName":"BlogPosting","isEnabled":true},"graphs":[]},"schema_type":"default","schema_type_options":null,"pillar_content":false,"robots_default":true,"robots_noindex":false,"robots_noarchive":false,"robots_nosnippet":false,"robots_nofollow":false,"robots_noimageindex":false,"robots_noodp":false,"robots_notranslate":false,"robots_max_snippet":"-1","robots_max_videopreview":"-1","robots_max_imagepreview":"large","priority":null,"frequency":"default","local_seo":null,"breadcrumb_settings":null,"limit_modified_date":false,"ai":{"faqs":[],"keyPoints":[],"schemas":[],"titles":[],"descriptions":[],"socialPosts":{"email":{"subject":"","preview":"","content":""},"linkedin":[],"twitter":[],"facebook":[],"instagram":[]}},"created":"2026-09-04 08:13:25","updated":"2026-09-04 08:30:37","seo_analyzer_scan_date":null,"focus_keyword":null,"additional_keywords":null,"truseo_locale":null},"aioseo_breadcrumb":"<div class=\"aioseo-breadcrumbs\"><span class=\"aioseo-breadcrumb\">\n\t\t\t<a href=\"https:\/\/www.lafresca.fm\" title=\"Inicio\">Inicio<\/a>\n\t\t<\/span><span class=\"aioseo-breadcrumb-separator\">&raquo;<\/span><span class=\"aioseo-breadcrumb\">\n\t\t\t<a href=\"https:\/\/www.lafresca.fm\/category\/alicante\/\" title=\"Interior de Alicante\">Interior de Alicante<\/a>\n\t\t<\/span><span class=\"aioseo-breadcrumb-separator\">&raquo;<\/span><span class=\"aioseo-breadcrumb\">\n\t\t\tLos trabajadores del Museo del Juguete de Ibi y Teatro R\u00edo desconvocan la huelga tras alcanzar un acuerdo con la Fundaci\u00f3n\n\t\t<\/span><\/div>","aioseo_breadcrumb_json":[{"label":"Inicio","link":"https:\/\/www.lafresca.fm"},{"label":"Interior de Alicante","link":"https:\/\/www.lafresca.fm\/category\/alicante\/"},{"label":"Los trabajadores del Museo del Juguete de Ibi y Teatro R\u00edo desconvocan la huelga tras alcanzar un acuerdo con la Fundaci\u00f3n","link":"https:\/\/www.lafresca.fm\/los-trabajadores-del-museo-del-juguete-de-ibi-y-teatro-rio-desconvocan-la-huelga-tras-alcanzar-un-acuerdo-con-la-fundacion\/"}],"_links":{"self":[{"href":"https:\/\/www.lafresca.fm\/fresca-api-json\/wp\/v2\/posts\/19314","targetHints":{"allow":["GET"]}}],"collection":[{"href":"https:\/\/www.lafresca.fm\/fresca-api-json\/wp\/v2\/posts"}],"about":[{"href":"https:\/\/www.lafresca.fm\/fresca-api-json\/wp\/v2\/types\/post"}],"author":[{"embeddable":true,"href":"https:\/\/www.lafresca.fm\/fresca-api-json\/wp\/v2\/users\/2"}],"replies":[{"embeddable":true,"href":"https:\/\/www.lafresca.fm\/fresca-api-json\/wp\/v2\/comments?post=19314"}],"version-history":[{"count":2,"href":"https:\/\/www.lafresca.fm\/fresca-api-json\/wp\/v2\/posts\/19314\/revisions"}],"predecessor-version":[{"id":19316,"href":"https:\/\/www.lafresca.fm\/fresca-api-json\/wp\/v2\/posts\/19314\/revisions\/19316"}],"wp:featuredmedia":[{"embeddable":true,"href":"https:\/\/www.lafresca.fm\/fresca-api-json\/wp\/v2\/media\/19265"}],"wp:attachment":[{"href":"https:\/\/www.lafresca.fm\/fresca-api-json\/wp\/v2\/media?parent=19314"}],"wp:term":[{"taxonomy":"category","embeddable":true,"href":"https:\/\/www.lafresca.fm\/fresca-api-json\/wp\/v2\/categories?post=19314"},{"taxonomy":"post_tag","embeddable":true,"href":"https:\/\/www.lafresca.fm\/fresca-api-json\/wp\/v2\/tags?post=19314"}],"curies":[{"name":"wp","href":"https:\/\/api.w.org\/{rel}","templated":true}]}}