{"id":19317,"date":"2026-09-04T10:34:22","date_gmt":"2026-09-04T08:34:22","guid":{"rendered":"https:\/\/www.lafresca.fm\/?p=19317"},"modified":"2026-09-04T10:35:04","modified_gmt":"2026-09-04T08:35:04","slug":"lara-ayala-sera-la-candidata-a-la-alcaldia-de-ibi-por-som-ibi-en-las-elecciones-de-2027","status":"publish","type":"post","link":"https:\/\/www.lafresca.fm\/lara-ayala-sera-la-candidata-a-la-alcaldia-de-ibi-por-som-ibi-en-las-elecciones-de-2027\/","title":{"rendered":"Lara Ayala ser\u00e1 la candidata a la Alcald\u00eda de Ibi por Som Ibi en las elecciones de 2027"},"content":{"rendered":"<p>Lara Ayala ser\u00e1 la candidata de Som Ibi a la Alcald\u00eda de Ibi en las elecciones municipales de 2027, despu\u00e9s de haber sido elegida por unanimidad por la militancia de la formaci\u00f3n en el proceso de primarias.<\/p>\n<p>Ayala afronta esta nueva responsabilidad con el objetivo de abrir una nueva etapa pol\u00edtica en Ibi y reivindica una forma de hacer pol\u00edtica basada en <strong>la honestidad, la transparencia y la defensa de los intereses de la ciudadan\u00eda<\/strong>.<\/p>\n<p>La nueva candidata ha explicado que ha decidido dar el paso porque considera que Som Ibi es \u00abla \u00fanica voz\u00bb que est\u00e1 trasladando a la ciudadan\u00eda los que, a su juicio, son los verdaderos problemas internos del Ayuntamiento de Ibi y que se han mantenido durante las \u00faltimas d\u00e9cadas.<\/p>\n<p>Desde esta posici\u00f3n, Ayala asegura asumir el reto con el compromiso de impulsar una gesti\u00f3n municipal \u00abpr\u00f3xima, transparente y al servicio de la ciudadan\u00eda\u00bb.<\/p>\n<p><img fetchpriority=\"high\" decoding=\"async\" class=\"alignnone size-medium wp-image-15950\" src=\"https:\/\/www.lafresca.fm\/f-solosog\/2025\/07\/lara-ayala-30725-770x578.jpeg\" alt=\"\" width=\"770\" height=\"578\" srcset=\"https:\/\/www.lafresca.fm\/f-solosog\/2025\/07\/lara-ayala-30725-770x578.jpeg 770w, https:\/\/www.lafresca.fm\/f-solosog\/2025\/07\/lara-ayala-30725-1170x878.jpeg 1170w, https:\/\/www.lafresca.fm\/f-solosog\/2025\/07\/lara-ayala-30725-768x576.jpeg 768w, https:\/\/www.lafresca.fm\/f-solosog\/2025\/07\/lara-ayala-30725-1536x1152.jpeg 1536w, https:\/\/www.lafresca.fm\/f-solosog\/2025\/07\/lara-ayala-30725.jpeg 2000w\" sizes=\"(max-width: 770px) 100vw, 770px\" \/><\/p>\n<h3>Una voz cr\u00edtica dentro del Ayuntamiento<\/h3>\n<p>Durante su intervenci\u00f3n tras ser elegida candidata, Lara Ayala ha reivindicado el trabajo desarrollado por Som Ibi durante los \u00faltimos a\u00f1os y el papel de la formaci\u00f3n como voz cr\u00edtica ante determinadas decisiones municipales.<\/p>\n<p>\u00abHemos demostrado que se puede hacer pol\u00edtica de otra manera: con honestidad, transparencia, responsabilidad y, sobre todo, valent\u00eda\u00bb, ha se\u00f1alado.<\/p>\n<p>Ayala tambi\u00e9n ha defendido la labor realizada frente a aquellas decisiones que considera injustas o que pueden generar desigualdades y privilegios dentro de la administraci\u00f3n municipal. \u00abNo nos callamos ante las injusticias ni ante aquello que consideramos que no es justo para Ibi\u00bb, ha afirmado.<\/p>\n<p>La candidata considera ahora que para impulsar ese cambio es necesario conseguir un mayor respaldo ciudadano. \u00abPara continuar avanzando necesitamos m\u00e1s fuerza, y esa fuerza nos la pueden dar los ciudadanos y ciudadanas de Ibi\u00bb, ha manifestado.<\/p>\n<h3>El relevo de Aitana Gand\u00eda<\/h3>\n<p>La candidatura de Ayala supone tambi\u00e9n un <strong>relevo al frente de Som Ibi<\/strong> despu\u00e9s de que Aitana Gand\u00eda anunciara recientemente que no volver\u00eda a presentarse como candidata a la Alcald\u00eda en 2027.<\/p>\n<p>Gand\u00eda fue la candidata de Som Ibi en las elecciones municipales de 2023 y ocup\u00f3 la Vicealcald\u00eda de Ibi hasta febrero de este a\u00f1o, cuando se produjo la ruptura del conocido como <strong>Pacte del Mol\u00ed de Paper<\/strong>. La hasta ahora l\u00edder de la formaci\u00f3n explic\u00f3 que su decisi\u00f3n era personal y que cerrar\u00e1 en mayo de 2027 una etapa de ocho a\u00f1os al frente del proyecto, aunque continuar\u00e1 vinculada activamente a Som Ibi hasta el final de la legislatura.<\/p>\n<p>Con la elecci\u00f3n de Lara Ayala, la formaci\u00f3n inicia as\u00ed una nueva etapa de cara a las pr\u00f3ximas elecciones municipales.<\/p>\n<script>function PlayerjsAsync(){} if(window[\"Playerjs\"]){PlayerjsAsync();}<\/script>","protected":false},"excerpt":{"rendered":"<p>Lara Ayala ser\u00e1 la candidata de Som Ibi a la Alcald\u00eda de Ibi en las elecciones municipales de 2027, despu\u00e9s de haber sido elegida por unanimidad por la militancia de la formaci\u00f3n en el proceso de primarias. Ayala afronta esta nueva responsabilidad con el objetivo de abrir una nueva etapa ...<\/p>\n","protected":false},"author":2,"featured_media":15950,"comment_status":"closed","ping_status":"closed","sticky":false,"template":"","format":"standard","meta":{"_monsterinsights_skip_tracking":false,"footnotes":""},"categories":[4],"tags":[128,645,237],"class_list":["post-19317","post","type-post","status-publish","format-standard","has-post-thumbnail","hentry","category-alicante","tag-ibi","tag-lara-ayala","tag-som-ibi"],"aioseo_notices":[],"aioseo_head":"\n\t\t\n\t<meta name=\"description\" content=\"Lara Ayala ser\u00e1 la candidata de Som Ibi a la Alcald\u00eda de Ibi en las elecciones municipales de 2027, despu\u00e9s de haber sido elegida por unanimidad por la militancia de la formaci\u00f3n en el proceso de primarias. Ayala afronta esta nueva responsabilidad con el objetivo de abrir una nueva etapa pol\u00edtica en Ibi y reivindica\" \/>\n\t<meta name=\"robots\" content=\"max-image-preview:large\" \/>\n\t<meta name=\"author\" content=\"Redacci\u00f3n\"\/>\n\t<link rel=\"canonical\" href=\"https:\/\/www.lafresca.fm\/lara-ayala-sera-la-candidata-a-la-alcaldia-de-ibi-por-som-ibi-en-las-elecciones-de-2027\/\" \/>\n\t<meta name=\"generator\" content=\"All in One SEO (AIOSEO) 5.0.0.1\" \/>\n\t\t<meta property=\"og:locale\" content=\"es_ES\" \/>\n\t\t<meta property=\"og:site_name\" content=\"laFRESCA - \u00a1Estamos de moda!\" \/>\n\t\t<meta property=\"og:type\" content=\"article\" \/>\n\t\t<meta property=\"og:title\" content=\"Lara Ayala ser\u00e1 la candidata a la Alcald\u00eda de Ibi por Som Ibi en las elecciones de 2027 - laFRESCA\" \/>\n\t\t<meta property=\"og:description\" content=\"Lara Ayala ser\u00e1 la candidata de Som Ibi a la Alcald\u00eda de Ibi en las elecciones municipales de 2027, despu\u00e9s de haber sido elegida por unanimidad por la militancia de la formaci\u00f3n en el proceso de primarias. Ayala afronta esta nueva responsabilidad con el objetivo de abrir una nueva etapa pol\u00edtica en Ibi y reivindica\" \/>\n\t\t<meta property=\"og:url\" content=\"https:\/\/www.lafresca.fm\/lara-ayala-sera-la-candidata-a-la-alcaldia-de-ibi-por-som-ibi-en-las-elecciones-de-2027\/\" \/>\n\t\t<meta property=\"og:image\" content=\"https:\/\/www.lafresca.fm\/f-solosog\/2025\/07\/lara-ayala-30725.jpeg\" \/>\n\t\t<meta property=\"og:image:secure_url\" content=\"https:\/\/www.lafresca.fm\/f-solosog\/2025\/07\/lara-ayala-30725.jpeg\" \/>\n\t\t<meta property=\"og:image:width\" content=\"2000\" \/>\n\t\t<meta property=\"og:image:height\" content=\"1500\" \/>\n\t\t<meta property=\"article:published_time\" content=\"2026-09-04T08:34:22+00:00\" \/>\n\t\t<meta property=\"article:modified_time\" content=\"2026-09-04T08:35:04+00:00\" \/>\n\t\t<meta property=\"article:publisher\" content=\"https:\/\/facebook.com\/lafresca.es\" \/>\n\t\t<meta name=\"twitter:card\" content=\"summary_large_image\" \/>\n\t\t<meta name=\"twitter:site\" content=\"@frescafm\" \/>\n\t\t<meta name=\"twitter:title\" content=\"Lara Ayala ser\u00e1 la candidata a la Alcald\u00eda de Ibi por Som Ibi en las elecciones de 2027 - laFRESCA\" \/>\n\t\t<meta name=\"twitter:description\" content=\"Lara Ayala ser\u00e1 la candidata de Som Ibi a la Alcald\u00eda de Ibi en las elecciones municipales de 2027, despu\u00e9s de haber sido elegida por unanimidad por la militancia de la formaci\u00f3n en el proceso de primarias. Ayala afronta esta nueva responsabilidad con el objetivo de abrir una nueva etapa pol\u00edtica en Ibi y reivindica\" \/>\n\t\t<meta name=\"twitter:image\" content=\"https:\/\/www.lafresca.fm\/f-solosog\/2025\/07\/lara-ayala-30725.jpeg\" \/>\n\t\t<script type=\"application\/ld+json\" class=\"aioseo-schema\">\n\t\t\t{\"@context\":\"https:\\\/\\\/schema.org\",\"@graph\":[{\"@type\":\"BlogPosting\",\"@id\":\"https:\\\/\\\/www.lafresca.fm\\\/lara-ayala-sera-la-candidata-a-la-alcaldia-de-ibi-por-som-ibi-en-las-elecciones-de-2027\\\/#blogposting\",\"name\":\"Lara Ayala ser\\u00e1 la candidata a la Alcald\\u00eda de Ibi por Som Ibi en las elecciones de 2027 - laFRESCA\",\"headline\":\"Lara Ayala ser\\u00e1 la candidata a la Alcald\\u00eda de Ibi por Som Ibi en las elecciones de 2027\",\"author\":{\"@id\":\"https:\\\/\\\/www.lafresca.fm\\\/author\\\/adri\\\/#author\"},\"publisher\":{\"@id\":\"https:\\\/\\\/www.lafresca.fm\\\/#organization\"},\"image\":{\"@type\":\"ImageObject\",\"url\":\"https:\\\/\\\/www.lafresca.fm\\\/wp-content\\\/uploads\\\/2025\\\/07\\\/lara-ayala-30725.jpeg\",\"width\":2000,\"height\":1500},\"datePublished\":\"2026-09-04T10:34:22+02:00\",\"dateModified\":\"2026-09-04T10:35:04+02:00\",\"inLanguage\":\"es-ES\",\"mainEntityOfPage\":{\"@id\":\"https:\\\/\\\/www.lafresca.fm\\\/lara-ayala-sera-la-candidata-a-la-alcaldia-de-ibi-por-som-ibi-en-las-elecciones-de-2027\\\/#webpage\"},\"isPartOf\":{\"@id\":\"https:\\\/\\\/www.lafresca.fm\\\/lara-ayala-sera-la-candidata-a-la-alcaldia-de-ibi-por-som-ibi-en-las-elecciones-de-2027\\\/#webpage\"},\"articleSection\":\"Interior de Alicante, Ibi, Lara Ayala, Som Ibi\"},{\"@type\":\"BreadcrumbList\",\"@id\":\"https:\\\/\\\/www.lafresca.fm\\\/lara-ayala-sera-la-candidata-a-la-alcaldia-de-ibi-por-som-ibi-en-las-elecciones-de-2027\\\/#breadcrumblist\",\"itemListElement\":[{\"@type\":\"ListItem\",\"@id\":\"https:\\\/\\\/www.lafresca.fm#listItem\",\"position\":1,\"name\":\"Inicio\",\"item\":\"https:\\\/\\\/www.lafresca.fm\",\"nextItem\":{\"@type\":\"ListItem\",\"@id\":\"https:\\\/\\\/www.lafresca.fm\\\/category\\\/alicante\\\/#listItem\",\"name\":\"Interior de Alicante\"}},{\"@type\":\"ListItem\",\"@id\":\"https:\\\/\\\/www.lafresca.fm\\\/category\\\/alicante\\\/#listItem\",\"position\":2,\"name\":\"Interior de Alicante\",\"item\":\"https:\\\/\\\/www.lafresca.fm\\\/category\\\/alicante\\\/\",\"nextItem\":{\"@type\":\"ListItem\",\"@id\":\"https:\\\/\\\/www.lafresca.fm\\\/lara-ayala-sera-la-candidata-a-la-alcaldia-de-ibi-por-som-ibi-en-las-elecciones-de-2027\\\/#listItem\",\"name\":\"Lara Ayala ser\\u00e1 la candidata a la Alcald\\u00eda de Ibi por Som Ibi en las elecciones de 2027\"},\"previousItem\":{\"@type\":\"ListItem\",\"@id\":\"https:\\\/\\\/www.lafresca.fm#listItem\",\"name\":\"Inicio\"}},{\"@type\":\"ListItem\",\"@id\":\"https:\\\/\\\/www.lafresca.fm\\\/lara-ayala-sera-la-candidata-a-la-alcaldia-de-ibi-por-som-ibi-en-las-elecciones-de-2027\\\/#listItem\",\"position\":3,\"name\":\"Lara Ayala ser\\u00e1 la candidata a la Alcald\\u00eda de Ibi por Som Ibi en las elecciones de 2027\",\"previousItem\":{\"@type\":\"ListItem\",\"@id\":\"https:\\\/\\\/www.lafresca.fm\\\/category\\\/alicante\\\/#listItem\",\"name\":\"Interior de Alicante\"}}]},{\"@type\":\"Organization\",\"@id\":\"https:\\\/\\\/www.lafresca.fm\\\/#organization\",\"name\":\"laFRESCA\",\"description\":\"\\u00a1Estamos de moda!\",\"url\":\"https:\\\/\\\/www.lafresca.fm\\\/\",\"logo\":{\"@type\":\"ImageObject\",\"url\":\"https:\\\/\\\/www.lafresca.fm\\\/wp-content\\\/uploads\\\/2020\\\/06\\\/logo-opaque.png\",\"@id\":\"https:\\\/\\\/www.lafresca.fm\\\/lara-ayala-sera-la-candidata-a-la-alcaldia-de-ibi-por-som-ibi-en-las-elecciones-de-2027\\\/#organizationLogo\",\"width\":766,\"height\":156},\"image\":{\"@id\":\"https:\\\/\\\/www.lafresca.fm\\\/lara-ayala-sera-la-candidata-a-la-alcaldia-de-ibi-por-som-ibi-en-las-elecciones-de-2027\\\/#organizationLogo\"},\"sameAs\":[\"https:\\\/\\\/instagram.com\\\/lafrescafm\"]},{\"@type\":\"Person\",\"@id\":\"https:\\\/\\\/www.lafresca.fm\\\/author\\\/adri\\\/#author\",\"url\":\"https:\\\/\\\/www.lafresca.fm\\\/author\\\/adri\\\/\",\"name\":\"Redacci\\u00f3n\",\"image\":{\"@type\":\"ImageObject\",\"@id\":\"https:\\\/\\\/www.lafresca.fm\\\/lara-ayala-sera-la-candidata-a-la-alcaldia-de-ibi-por-som-ibi-en-las-elecciones-de-2027\\\/#authorImage\",\"url\":\"https:\\\/\\\/secure.gravatar.com\\\/avatar\\\/bbe35c7902c79b0cbe5a3eebbf91e29b5b70c6c0fcbe3d629eff0f3635a1cf2c?s=96&d=mm&r=g\",\"width\":96,\"height\":96,\"caption\":\"Redacci\\u00f3n\"}},{\"@type\":\"WebPage\",\"@id\":\"https:\\\/\\\/www.lafresca.fm\\\/lara-ayala-sera-la-candidata-a-la-alcaldia-de-ibi-por-som-ibi-en-las-elecciones-de-2027\\\/#webpage\",\"url\":\"https:\\\/\\\/www.lafresca.fm\\\/lara-ayala-sera-la-candidata-a-la-alcaldia-de-ibi-por-som-ibi-en-las-elecciones-de-2027\\\/\",\"name\":\"Lara Ayala ser\\u00e1 la candidata a la Alcald\\u00eda de Ibi por Som Ibi en las elecciones de 2027 - laFRESCA\",\"description\":\"Lara Ayala ser\\u00e1 la candidata de Som Ibi a la Alcald\\u00eda de Ibi en las elecciones municipales de 2027, despu\\u00e9s de haber sido elegida por unanimidad por la militancia de la formaci\\u00f3n en el proceso de primarias. Ayala afronta esta nueva responsabilidad con el objetivo de abrir una nueva etapa pol\\u00edtica en Ibi y reivindica\",\"inLanguage\":\"es-ES\",\"isPartOf\":{\"@id\":\"https:\\\/\\\/www.lafresca.fm\\\/#website\"},\"breadcrumb\":{\"@id\":\"https:\\\/\\\/www.lafresca.fm\\\/lara-ayala-sera-la-candidata-a-la-alcaldia-de-ibi-por-som-ibi-en-las-elecciones-de-2027\\\/#breadcrumblist\"},\"author\":{\"@id\":\"https:\\\/\\\/www.lafresca.fm\\\/author\\\/adri\\\/#author\"},\"creator\":{\"@id\":\"https:\\\/\\\/www.lafresca.fm\\\/author\\\/adri\\\/#author\"},\"image\":{\"@type\":\"ImageObject\",\"url\":\"https:\\\/\\\/www.lafresca.fm\\\/wp-content\\\/uploads\\\/2025\\\/07\\\/lara-ayala-30725.jpeg\",\"@id\":\"https:\\\/\\\/www.lafresca.fm\\\/lara-ayala-sera-la-candidata-a-la-alcaldia-de-ibi-por-som-ibi-en-las-elecciones-de-2027\\\/#mainImage\",\"width\":2000,\"height\":1500},\"primaryImageOfPage\":{\"@id\":\"https:\\\/\\\/www.lafresca.fm\\\/lara-ayala-sera-la-candidata-a-la-alcaldia-de-ibi-por-som-ibi-en-las-elecciones-de-2027\\\/#mainImage\"},\"datePublished\":\"2026-09-04T10:34:22+02:00\",\"dateModified\":\"2026-09-04T10:35:04+02:00\"},{\"@type\":\"WebSite\",\"@id\":\"https:\\\/\\\/www.lafresca.fm\\\/#website\",\"url\":\"https:\\\/\\\/www.lafresca.fm\\\/\",\"name\":\"laFRESCA\",\"description\":\"\\u00a1Estamos de moda!\",\"inLanguage\":\"es-ES\",\"publisher\":{\"@id\":\"https:\\\/\\\/www.lafresca.fm\\\/#organization\"}}]}\n\t\t<\/script>\n\t\t\n\n","aioseo_head_json":{"title":"Lara Ayala ser\u00e1 la candidata a la Alcald\u00eda de Ibi por Som Ibi en las elecciones de 2027 - laFRESCA","description":"Lara Ayala ser\u00e1 la candidata de Som Ibi a la Alcald\u00eda de Ibi en las elecciones municipales de 2027, despu\u00e9s de haber sido elegida por unanimidad por la militancia de la formaci\u00f3n en el proceso de primarias. Ayala afronta esta nueva responsabilidad con el objetivo de abrir una nueva etapa pol\u00edtica en Ibi y reivindica","canonical_url":"https:\/\/www.lafresca.fm\/lara-ayala-sera-la-candidata-a-la-alcaldia-de-ibi-por-som-ibi-en-las-elecciones-de-2027\/","robots":"max-image-preview:large","keywords":"","webmasterTools":{"miscellaneous":""},"schema":{"@context":"https:\/\/schema.org","@graph":[{"@type":"BlogPosting","@id":"https:\/\/www.lafresca.fm\/lara-ayala-sera-la-candidata-a-la-alcaldia-de-ibi-por-som-ibi-en-las-elecciones-de-2027\/#blogposting","name":"Lara Ayala ser\u00e1 la candidata a la Alcald\u00eda de Ibi por Som Ibi en las elecciones de 2027 - laFRESCA","headline":"Lara Ayala ser\u00e1 la candidata a la Alcald\u00eda de Ibi por Som Ibi en las elecciones de 2027","author":{"@id":"https:\/\/www.lafresca.fm\/author\/adri\/#author"},"publisher":{"@id":"https:\/\/www.lafresca.fm\/#organization"},"image":{"@type":"ImageObject","url":"https:\/\/www.lafresca.fm\/f-solosog\/2025\/07\/lara-ayala-30725.jpeg","width":2000,"height":1500},"datePublished":"2026-09-04T10:34:22+02:00","dateModified":"2026-09-04T10:35:04+02:00","inLanguage":"es-ES","mainEntityOfPage":{"@id":"https:\/\/www.lafresca.fm\/lara-ayala-sera-la-candidata-a-la-alcaldia-de-ibi-por-som-ibi-en-las-elecciones-de-2027\/#webpage"},"isPartOf":{"@id":"https:\/\/www.lafresca.fm\/lara-ayala-sera-la-candidata-a-la-alcaldia-de-ibi-por-som-ibi-en-las-elecciones-de-2027\/#webpage"},"articleSection":"Interior de Alicante, Ibi, Lara Ayala, Som Ibi"},{"@type":"BreadcrumbList","@id":"https:\/\/www.lafresca.fm\/lara-ayala-sera-la-candidata-a-la-alcaldia-de-ibi-por-som-ibi-en-las-elecciones-de-2027\/#breadcrumblist","itemListElement":[{"@type":"ListItem","@id":"https:\/\/www.lafresca.fm#listItem","position":1,"name":"Inicio","item":"https:\/\/www.lafresca.fm","nextItem":{"@type":"ListItem","@id":"https:\/\/www.lafresca.fm\/category\/alicante\/#listItem","name":"Interior de Alicante"}},{"@type":"ListItem","@id":"https:\/\/www.lafresca.fm\/category\/alicante\/#listItem","position":2,"name":"Interior de Alicante","item":"https:\/\/www.lafresca.fm\/category\/alicante\/","nextItem":{"@type":"ListItem","@id":"https:\/\/www.lafresca.fm\/lara-ayala-sera-la-candidata-a-la-alcaldia-de-ibi-por-som-ibi-en-las-elecciones-de-2027\/#listItem","name":"Lara Ayala ser\u00e1 la candidata a la Alcald\u00eda de Ibi por Som Ibi en las elecciones de 2027"},"previousItem":{"@type":"ListItem","@id":"https:\/\/www.lafresca.fm#listItem","name":"Inicio"}},{"@type":"ListItem","@id":"https:\/\/www.lafresca.fm\/lara-ayala-sera-la-candidata-a-la-alcaldia-de-ibi-por-som-ibi-en-las-elecciones-de-2027\/#listItem","position":3,"name":"Lara Ayala ser\u00e1 la candidata a la Alcald\u00eda de Ibi por Som Ibi en las elecciones de 2027","previousItem":{"@type":"ListItem","@id":"https:\/\/www.lafresca.fm\/category\/alicante\/#listItem","name":"Interior de Alicante"}}]},{"@type":"Organization","@id":"https:\/\/www.lafresca.fm\/#organization","name":"laFRESCA","description":"\u00a1Estamos de moda!","url":"https:\/\/www.lafresca.fm\/","logo":{"@type":"ImageObject","url":"https:\/\/www.lafresca.fm\/f-solosog\/2020\/06\/logo-opaque.png","@id":"https:\/\/www.lafresca.fm\/lara-ayala-sera-la-candidata-a-la-alcaldia-de-ibi-por-som-ibi-en-las-elecciones-de-2027\/#organizationLogo","width":766,"height":156},"image":{"@id":"https:\/\/www.lafresca.fm\/lara-ayala-sera-la-candidata-a-la-alcaldia-de-ibi-por-som-ibi-en-las-elecciones-de-2027\/#organizationLogo"},"sameAs":["https:\/\/instagram.com\/lafrescafm"]},{"@type":"Person","@id":"https:\/\/www.lafresca.fm\/author\/adri\/#author","url":"https:\/\/www.lafresca.fm\/author\/adri\/","name":"Redacci\u00f3n","image":{"@type":"ImageObject","@id":"https:\/\/www.lafresca.fm\/lara-ayala-sera-la-candidata-a-la-alcaldia-de-ibi-por-som-ibi-en-las-elecciones-de-2027\/#authorImage","url":"https:\/\/secure.gravatar.com\/avatar\/bbe35c7902c79b0cbe5a3eebbf91e29b5b70c6c0fcbe3d629eff0f3635a1cf2c?s=96&d=mm&r=g","width":96,"height":96,"caption":"Redacci\u00f3n"}},{"@type":"WebPage","@id":"https:\/\/www.lafresca.fm\/lara-ayala-sera-la-candidata-a-la-alcaldia-de-ibi-por-som-ibi-en-las-elecciones-de-2027\/#webpage","url":"https:\/\/www.lafresca.fm\/lara-ayala-sera-la-candidata-a-la-alcaldia-de-ibi-por-som-ibi-en-las-elecciones-de-2027\/","name":"Lara Ayala ser\u00e1 la candidata a la Alcald\u00eda de Ibi por Som Ibi en las elecciones de 2027 - laFRESCA","description":"Lara Ayala ser\u00e1 la candidata de Som Ibi a la Alcald\u00eda de Ibi en las elecciones municipales de 2027, despu\u00e9s de haber sido elegida por unanimidad por la militancia de la formaci\u00f3n en el proceso de primarias. Ayala afronta esta nueva responsabilidad con el objetivo de abrir una nueva etapa pol\u00edtica en Ibi y reivindica","inLanguage":"es-ES","isPartOf":{"@id":"https:\/\/www.lafresca.fm\/#website"},"breadcrumb":{"@id":"https:\/\/www.lafresca.fm\/lara-ayala-sera-la-candidata-a-la-alcaldia-de-ibi-por-som-ibi-en-las-elecciones-de-2027\/#breadcrumblist"},"author":{"@id":"https:\/\/www.lafresca.fm\/author\/adri\/#author"},"creator":{"@id":"https:\/\/www.lafresca.fm\/author\/adri\/#author"},"image":{"@type":"ImageObject","url":"https:\/\/www.lafresca.fm\/f-solosog\/2025\/07\/lara-ayala-30725.jpeg","@id":"https:\/\/www.lafresca.fm\/lara-ayala-sera-la-candidata-a-la-alcaldia-de-ibi-por-som-ibi-en-las-elecciones-de-2027\/#mainImage","width":2000,"height":1500},"primaryImageOfPage":{"@id":"https:\/\/www.lafresca.fm\/lara-ayala-sera-la-candidata-a-la-alcaldia-de-ibi-por-som-ibi-en-las-elecciones-de-2027\/#mainImage"},"datePublished":"2026-09-04T10:34:22+02:00","dateModified":"2026-09-04T10:35:04+02:00"},{"@type":"WebSite","@id":"https:\/\/www.lafresca.fm\/#website","url":"https:\/\/www.lafresca.fm\/","name":"laFRESCA","description":"\u00a1Estamos de moda!","inLanguage":"es-ES","publisher":{"@id":"https:\/\/www.lafresca.fm\/#organization"}}]},"og:locale":"es_ES","og:site_name":"laFRESCA - \u00a1Estamos de moda!","og:type":"article","og:title":"Lara Ayala ser\u00e1 la candidata a la Alcald\u00eda de Ibi por Som Ibi en las elecciones de 2027 - laFRESCA","og:description":"Lara Ayala ser\u00e1 la candidata de Som Ibi a la Alcald\u00eda de Ibi en las elecciones municipales de 2027, despu\u00e9s de haber sido elegida por unanimidad por la militancia de la formaci\u00f3n en el proceso de primarias. Ayala afronta esta nueva responsabilidad con el objetivo de abrir una nueva etapa pol\u00edtica en Ibi y reivindica","og:url":"https:\/\/www.lafresca.fm\/lara-ayala-sera-la-candidata-a-la-alcaldia-de-ibi-por-som-ibi-en-las-elecciones-de-2027\/","og:image":"https:\/\/www.lafresca.fm\/f-solosog\/2025\/07\/lara-ayala-30725.jpeg","og:image:secure_url":"https:\/\/www.lafresca.fm\/f-solosog\/2025\/07\/lara-ayala-30725.jpeg","og:image:width":2000,"og:image:height":1500,"article:published_time":"2026-09-04T08:34:22+00:00","article:modified_time":"2026-09-04T08:35:04+00:00","article:publisher":"https:\/\/facebook.com\/lafresca.es","twitter:card":"summary_large_image","twitter:site":"@frescafm","twitter:title":"Lara Ayala ser\u00e1 la candidata a la Alcald\u00eda de Ibi por Som Ibi en las elecciones de 2027 - laFRESCA","twitter:description":"Lara Ayala ser\u00e1 la candidata de Som Ibi a la Alcald\u00eda de Ibi en las elecciones municipales de 2027, despu\u00e9s de haber sido elegida por unanimidad por la militancia de la formaci\u00f3n en el proceso de primarias. Ayala afronta esta nueva responsabilidad con el objetivo de abrir una nueva etapa pol\u00edtica en Ibi y reivindica","twitter:image":"https:\/\/www.lafresca.fm\/f-solosog\/2025\/07\/lara-ayala-30725.jpeg"},"aioseo_meta_data":{"post_id":"19317","title":null,"description":null,"keywords":null,"keyphrases":{"focus":{"keyphrase":"","score":0,"analysis":{"keyphraseInTitle":{"score":0,"maxScore":9,"error":1}}},"additional":[]},"primary_term":null,"canonical_url":null,"og_title":null,"og_description":null,"og_object_type":"default","og_image_type":"default","og_image_url":null,"og_image_width":null,"og_image_height":null,"og_image_custom_url":null,"og_image_custom_fields":null,"og_video":"","og_custom_url":null,"og_article_section":null,"og_article_tags":null,"twitter_use_og":false,"twitter_card":"default","twitter_image_type":"default","twitter_image_url":null,"twitter_image_custom_url":null,"twitter_image_custom_fields":null,"twitter_title":null,"twitter_description":null,"schema":{"blockGraphs":[],"customGraphs":[],"default":{"data":{"Article":[],"Course":[],"Dataset":[],"FAQPage":[],"Movie":[],"Person":[],"Product":[],"ProductReview":[],"Car":[],"Recipe":[],"Service":[],"SoftwareApplication":[],"WebPage":[]},"graphName":"BlogPosting","isEnabled":true},"graphs":[]},"schema_type":"default","schema_type_options":null,"pillar_content":false,"robots_default":true,"robots_noindex":false,"robots_noarchive":false,"robots_nosnippet":false,"robots_nofollow":false,"robots_noimageindex":false,"robots_noodp":false,"robots_notranslate":false,"robots_max_snippet":"-1","robots_max_videopreview":"-1","robots_max_imagepreview":"large","priority":null,"frequency":"default","local_seo":null,"breadcrumb_settings":null,"limit_modified_date":false,"ai":{"faqs":[],"keyPoints":[],"schemas":[],"titles":[],"descriptions":[],"socialPosts":{"email":{"subject":"","preview":"","content":""},"linkedin":[],"twitter":[],"facebook":[],"instagram":[]}},"created":"2026-09-04 08:34:22","updated":"2026-09-04 09:33:42","seo_analyzer_scan_date":null,"focus_keyword":null,"additional_keywords":null,"truseo_locale":null},"aioseo_breadcrumb":"<div class=\"aioseo-breadcrumbs\"><span class=\"aioseo-breadcrumb\">\n\t\t\t<a href=\"https:\/\/www.lafresca.fm\" title=\"Inicio\">Inicio<\/a>\n\t\t<\/span><span class=\"aioseo-breadcrumb-separator\">&raquo;<\/span><span class=\"aioseo-breadcrumb\">\n\t\t\t<a href=\"https:\/\/www.lafresca.fm\/category\/alicante\/\" title=\"Interior de Alicante\">Interior de Alicante<\/a>\n\t\t<\/span><span class=\"aioseo-breadcrumb-separator\">&raquo;<\/span><span class=\"aioseo-breadcrumb\">\n\t\t\tLara Ayala ser\u00e1 la candidata a la Alcald\u00eda de Ibi por Som Ibi en las elecciones de 2027\n\t\t<\/span><\/div>","aioseo_breadcrumb_json":[{"label":"Inicio","link":"https:\/\/www.lafresca.fm"},{"label":"Interior de Alicante","link":"https:\/\/www.lafresca.fm\/category\/alicante\/"},{"label":"Lara Ayala ser\u00e1 la candidata a la Alcald\u00eda de Ibi por Som Ibi en las elecciones de 2027","link":"https:\/\/www.lafresca.fm\/lara-ayala-sera-la-candidata-a-la-alcaldia-de-ibi-por-som-ibi-en-las-elecciones-de-2027\/"}],"_links":{"self":[{"href":"https:\/\/www.lafresca.fm\/fresca-api-json\/wp\/v2\/posts\/19317","targetHints":{"allow":["GET"]}}],"collection":[{"href":"https:\/\/www.lafresca.fm\/fresca-api-json\/wp\/v2\/posts"}],"about":[{"href":"https:\/\/www.lafresca.fm\/fresca-api-json\/wp\/v2\/types\/post"}],"author":[{"embeddable":true,"href":"https:\/\/www.lafresca.fm\/fresca-api-json\/wp\/v2\/users\/2"}],"replies":[{"embeddable":true,"href":"https:\/\/www.lafresca.fm\/fresca-api-json\/wp\/v2\/comments?post=19317"}],"version-history":[{"count":2,"href":"https:\/\/www.lafresca.fm\/fresca-api-json\/wp\/v2\/posts\/19317\/revisions"}],"predecessor-version":[{"id":19319,"href":"https:\/\/www.lafresca.fm\/fresca-api-json\/wp\/v2\/posts\/19317\/revisions\/19319"}],"wp:featuredmedia":[{"embeddable":true,"href":"https:\/\/www.lafresca.fm\/fresca-api-json\/wp\/v2\/media\/15950"}],"wp:attachment":[{"href":"https:\/\/www.lafresca.fm\/fresca-api-json\/wp\/v2\/media?parent=19317"}],"wp:term":[{"taxonomy":"category","embeddable":true,"href":"https:\/\/www.lafresca.fm\/fresca-api-json\/wp\/v2\/categories?post=19317"},{"taxonomy":"post_tag","embeddable":true,"href":"https:\/\/www.lafresca.fm\/fresca-api-json\/wp\/v2\/tags?post=19317"}],"curies":[{"name":"wp","href":"https:\/\/api.w.org\/{rel}","templated":true}]}}