{"id":19320,"date":"2026-09-05T13:40:04","date_gmt":"2026-09-05T11:40:04","guid":{"rendered":"https:\/\/www.lafresca.fm\/?p=19320"},"modified":"2026-09-05T13:40:49","modified_gmt":"2026-09-05T11:40:49","slug":"los-autos-locos-de-onil-repartiran-800-euros-en-premios-y-mantienen-abiertas-las-inscripciones-hasta-el-23-de-septiembre","status":"publish","type":"post","link":"https:\/\/www.lafresca.fm\/los-autos-locos-de-onil-repartiran-800-euros-en-premios-y-mantienen-abiertas-las-inscripciones-hasta-el-23-de-septiembre\/","title":{"rendered":"Los Autos Locos de Onil repartir\u00e1n 800 euros en premios y mantienen abiertas las inscripciones hasta el 23 de septiembre"},"content":{"rendered":"<p>Onil ya se prepara para volver a vivir una de las citas m\u00e1s originales y divertidas del calendario local. Los <strong>Autos Locos 2026<\/strong> ya tienen fecha y, sobre todo, ya tienen abiertas sus inscripciones para todos aquellos que quieran lanzarse a la aventura sobre ruedas.<\/p>\n<p>La carrera se celebrar\u00e1 el <strong>s\u00e1bado 26 de septiembre, a las 18:30 horas dentro de las actividades de la Feria de Onil Es Mostra<\/strong>. La propuesta invita a los participantes a crear su propio coche, formar un equipo y poner a prueba su ingenio, creatividad y velocidad.<\/p>\n<p><img fetchpriority=\"high\" decoding=\"async\" class=\"alignnone size-full wp-image-19323\" src=\"https:\/\/www.lafresca.fm\/f-solosog\/2026\/09\/images-2.jpg\" alt=\"\" width=\"662\" height=\"463\" \/><\/p>\n<p>Las inscripciones permanecer\u00e1n abiertas <strong>hasta el pr\u00f3ximo 23 de septiembre<\/strong>, aunque las plazas son limitadas, por lo que se recomienda no esperar a \u00faltima hora para formalizar la participaci\u00f3n.<\/p>\n<p>Adem\u00e1s de disfrutar de una tarde diferente, los participantes tendr\u00e1n la oportunidad de optar a <strong>cuatro premios de 200 euros<\/strong>. Se reconocer\u00e1 al mejor coche mec\u00e1nico, al veh\u00edculo m\u00e1s original, al mejor Auto Loco juvenil, dirigido a participantes de entre 16 y 28 a\u00f1os, y al Auto Loco m\u00e1s r\u00e1pido.<\/p>\n<p>Las personas interesadas en participar pueden inscribirse o solicitar informaci\u00f3n enviando un WhatsApp o llamando al <strong>637 597 298<\/strong>.<\/p>\n<p>Con los motores a punto y la imaginaci\u00f3n como principal ingrediente, Onil se prepara para una nueva edici\u00f3n de los Autos Locos. <strong>El plazo de inscripci\u00f3n finaliza el 23 de septiembre.<\/strong><\/p>\n<p><img decoding=\"async\" class=\"alignnone size-medium wp-image-19321\" src=\"https:\/\/www.lafresca.fm\/f-solosog\/2026\/09\/656813325_1362799135883350_4478508919824531409_n-616x770.jpg\" alt=\"\" width=\"616\" height=\"770\" srcset=\"https:\/\/www.lafresca.fm\/f-solosog\/2026\/09\/656813325_1362799135883350_4478508919824531409_n-616x770.jpg 616w, https:\/\/www.lafresca.fm\/f-solosog\/2026\/09\/656813325_1362799135883350_4478508919824531409_n-936x1170.jpg 936w, https:\/\/www.lafresca.fm\/f-solosog\/2026\/09\/656813325_1362799135883350_4478508919824531409_n-768x960.jpg 768w, https:\/\/www.lafresca.fm\/f-solosog\/2026\/09\/656813325_1362799135883350_4478508919824531409_n.jpg 1080w\" sizes=\"(max-width: 616px) 100vw, 616px\" \/><\/p>\n<p>&nbsp;<\/p>\n<script>function PlayerjsAsync(){} if(window[\"Playerjs\"]){PlayerjsAsync();}<\/script>","protected":false},"excerpt":{"rendered":"<p>Onil ya se prepara para volver a vivir una de las citas m\u00e1s originales y divertidas del calendario local. Los Autos Locos 2026 ya tienen fecha y, sobre todo, ya tienen abiertas sus inscripciones para todos aquellos que quieran lanzarse a la aventura sobre ruedas. La carrera se celebrar\u00e1 el ...<\/p>\n","protected":false},"author":2,"featured_media":19323,"comment_status":"closed","ping_status":"closed","sticky":false,"template":"","format":"standard","meta":{"_monsterinsights_skip_tracking":false,"footnotes":""},"categories":[4],"tags":[],"class_list":["post-19320","post","type-post","status-publish","format-standard","has-post-thumbnail","hentry","category-alicante"],"aioseo_notices":[],"aioseo_head":"\n\t\t\n\t<meta name=\"description\" content=\"Onil ya se prepara para volver a vivir una de las citas m\u00e1s originales y divertidas del calendario local. Los Autos Locos 2026 ya tienen fecha y, sobre todo, ya tienen abiertas sus inscripciones para todos aquellos que quieran lanzarse a la aventura sobre ruedas. La carrera se celebrar\u00e1 el s\u00e1bado 26 de septiembre, a\" \/>\n\t<meta name=\"robots\" content=\"max-image-preview:large\" \/>\n\t<meta name=\"author\" content=\"Redacci\u00f3n\"\/>\n\t<link rel=\"canonical\" href=\"https:\/\/www.lafresca.fm\/los-autos-locos-de-onil-repartiran-800-euros-en-premios-y-mantienen-abiertas-las-inscripciones-hasta-el-23-de-septiembre\/\" \/>\n\t<meta name=\"generator\" content=\"All in One SEO (AIOSEO) 5.0.0.1\" \/>\n\t\t<meta property=\"og:locale\" content=\"es_ES\" \/>\n\t\t<meta property=\"og:site_name\" content=\"laFRESCA - \u00a1Estamos de moda!\" \/>\n\t\t<meta property=\"og:type\" content=\"article\" \/>\n\t\t<meta property=\"og:title\" content=\"Los Autos Locos de Onil repartir\u00e1n 800 euros en premios y mantienen abiertas las inscripciones hasta el 23 de septiembre - laFRESCA\" \/>\n\t\t<meta property=\"og:description\" content=\"Onil ya se prepara para volver a vivir una de las citas m\u00e1s originales y divertidas del calendario local. Los Autos Locos 2026 ya tienen fecha y, sobre todo, ya tienen abiertas sus inscripciones para todos aquellos que quieran lanzarse a la aventura sobre ruedas. La carrera se celebrar\u00e1 el s\u00e1bado 26 de septiembre, a\" \/>\n\t\t<meta property=\"og:url\" content=\"https:\/\/www.lafresca.fm\/los-autos-locos-de-onil-repartiran-800-euros-en-premios-y-mantienen-abiertas-las-inscripciones-hasta-el-23-de-septiembre\/\" \/>\n\t\t<meta property=\"og:image\" content=\"https:\/\/www.lafresca.fm\/f-solosog\/2026\/09\/images-2.jpg\" \/>\n\t\t<meta property=\"og:image:secure_url\" content=\"https:\/\/www.lafresca.fm\/f-solosog\/2026\/09\/images-2.jpg\" \/>\n\t\t<meta property=\"og:image:width\" content=\"662\" \/>\n\t\t<meta property=\"og:image:height\" content=\"463\" \/>\n\t\t<meta property=\"article:published_time\" content=\"2026-09-05T11:40:04+00:00\" \/>\n\t\t<meta property=\"article:modified_time\" content=\"2026-09-05T11:40:49+00:00\" \/>\n\t\t<meta property=\"article:publisher\" content=\"https:\/\/facebook.com\/lafresca.es\" \/>\n\t\t<meta name=\"twitter:card\" content=\"summary_large_image\" \/>\n\t\t<meta name=\"twitter:site\" content=\"@frescafm\" \/>\n\t\t<meta name=\"twitter:title\" content=\"Los Autos Locos de Onil repartir\u00e1n 800 euros en premios y mantienen abiertas las inscripciones hasta el 23 de septiembre - laFRESCA\" \/>\n\t\t<meta name=\"twitter:description\" content=\"Onil ya se prepara para volver a vivir una de las citas m\u00e1s originales y divertidas del calendario local. Los Autos Locos 2026 ya tienen fecha y, sobre todo, ya tienen abiertas sus inscripciones para todos aquellos que quieran lanzarse a la aventura sobre ruedas. La carrera se celebrar\u00e1 el s\u00e1bado 26 de septiembre, a\" \/>\n\t\t<meta name=\"twitter:image\" content=\"https:\/\/www.lafresca.fm\/f-solosog\/2026\/09\/images-2.jpg\" \/>\n\t\t<script type=\"application\/ld+json\" class=\"aioseo-schema\">\n\t\t\t{\"@context\":\"https:\\\/\\\/schema.org\",\"@graph\":[{\"@type\":\"BlogPosting\",\"@id\":\"https:\\\/\\\/www.lafresca.fm\\\/los-autos-locos-de-onil-repartiran-800-euros-en-premios-y-mantienen-abiertas-las-inscripciones-hasta-el-23-de-septiembre\\\/#blogposting\",\"name\":\"Los Autos Locos de Onil repartir\\u00e1n 800 euros en premios y mantienen abiertas las inscripciones hasta el 23 de septiembre - laFRESCA\",\"headline\":\"Los Autos Locos de Onil repartir\\u00e1n 800 euros en premios y mantienen abiertas las inscripciones hasta el 23 de septiembre\",\"author\":{\"@id\":\"https:\\\/\\\/www.lafresca.fm\\\/author\\\/adri\\\/#author\"},\"publisher\":{\"@id\":\"https:\\\/\\\/www.lafresca.fm\\\/#organization\"},\"image\":{\"@type\":\"ImageObject\",\"url\":\"https:\\\/\\\/www.lafresca.fm\\\/wp-content\\\/uploads\\\/2026\\\/09\\\/images-2.jpg\",\"width\":662,\"height\":463},\"datePublished\":\"2026-09-05T13:40:04+02:00\",\"dateModified\":\"2026-09-05T13:40:49+02:00\",\"inLanguage\":\"es-ES\",\"mainEntityOfPage\":{\"@id\":\"https:\\\/\\\/www.lafresca.fm\\\/los-autos-locos-de-onil-repartiran-800-euros-en-premios-y-mantienen-abiertas-las-inscripciones-hasta-el-23-de-septiembre\\\/#webpage\"},\"isPartOf\":{\"@id\":\"https:\\\/\\\/www.lafresca.fm\\\/los-autos-locos-de-onil-repartiran-800-euros-en-premios-y-mantienen-abiertas-las-inscripciones-hasta-el-23-de-septiembre\\\/#webpage\"},\"articleSection\":\"Interior de Alicante\"},{\"@type\":\"BreadcrumbList\",\"@id\":\"https:\\\/\\\/www.lafresca.fm\\\/los-autos-locos-de-onil-repartiran-800-euros-en-premios-y-mantienen-abiertas-las-inscripciones-hasta-el-23-de-septiembre\\\/#breadcrumblist\",\"itemListElement\":[{\"@type\":\"ListItem\",\"@id\":\"https:\\\/\\\/www.lafresca.fm#listItem\",\"position\":1,\"name\":\"Inicio\",\"item\":\"https:\\\/\\\/www.lafresca.fm\",\"nextItem\":{\"@type\":\"ListItem\",\"@id\":\"https:\\\/\\\/www.lafresca.fm\\\/category\\\/alicante\\\/#listItem\",\"name\":\"Interior de Alicante\"}},{\"@type\":\"ListItem\",\"@id\":\"https:\\\/\\\/www.lafresca.fm\\\/category\\\/alicante\\\/#listItem\",\"position\":2,\"name\":\"Interior de Alicante\",\"item\":\"https:\\\/\\\/www.lafresca.fm\\\/category\\\/alicante\\\/\",\"nextItem\":{\"@type\":\"ListItem\",\"@id\":\"https:\\\/\\\/www.lafresca.fm\\\/los-autos-locos-de-onil-repartiran-800-euros-en-premios-y-mantienen-abiertas-las-inscripciones-hasta-el-23-de-septiembre\\\/#listItem\",\"name\":\"Los Autos Locos de Onil repartir\\u00e1n 800 euros en premios y mantienen abiertas las inscripciones hasta el 23 de septiembre\"},\"previousItem\":{\"@type\":\"ListItem\",\"@id\":\"https:\\\/\\\/www.lafresca.fm#listItem\",\"name\":\"Inicio\"}},{\"@type\":\"ListItem\",\"@id\":\"https:\\\/\\\/www.lafresca.fm\\\/los-autos-locos-de-onil-repartiran-800-euros-en-premios-y-mantienen-abiertas-las-inscripciones-hasta-el-23-de-septiembre\\\/#listItem\",\"position\":3,\"name\":\"Los Autos Locos de Onil repartir\\u00e1n 800 euros en premios y mantienen abiertas las inscripciones hasta el 23 de septiembre\",\"previousItem\":{\"@type\":\"ListItem\",\"@id\":\"https:\\\/\\\/www.lafresca.fm\\\/category\\\/alicante\\\/#listItem\",\"name\":\"Interior de Alicante\"}}]},{\"@type\":\"Organization\",\"@id\":\"https:\\\/\\\/www.lafresca.fm\\\/#organization\",\"name\":\"laFRESCA\",\"description\":\"\\u00a1Estamos de moda!\",\"url\":\"https:\\\/\\\/www.lafresca.fm\\\/\",\"logo\":{\"@type\":\"ImageObject\",\"url\":\"https:\\\/\\\/www.lafresca.fm\\\/wp-content\\\/uploads\\\/2020\\\/06\\\/logo-opaque.png\",\"@id\":\"https:\\\/\\\/www.lafresca.fm\\\/los-autos-locos-de-onil-repartiran-800-euros-en-premios-y-mantienen-abiertas-las-inscripciones-hasta-el-23-de-septiembre\\\/#organizationLogo\",\"width\":766,\"height\":156},\"image\":{\"@id\":\"https:\\\/\\\/www.lafresca.fm\\\/los-autos-locos-de-onil-repartiran-800-euros-en-premios-y-mantienen-abiertas-las-inscripciones-hasta-el-23-de-septiembre\\\/#organizationLogo\"},\"sameAs\":[\"https:\\\/\\\/instagram.com\\\/lafrescafm\"]},{\"@type\":\"Person\",\"@id\":\"https:\\\/\\\/www.lafresca.fm\\\/author\\\/adri\\\/#author\",\"url\":\"https:\\\/\\\/www.lafresca.fm\\\/author\\\/adri\\\/\",\"name\":\"Redacci\\u00f3n\",\"image\":{\"@type\":\"ImageObject\",\"@id\":\"https:\\\/\\\/www.lafresca.fm\\\/los-autos-locos-de-onil-repartiran-800-euros-en-premios-y-mantienen-abiertas-las-inscripciones-hasta-el-23-de-septiembre\\\/#authorImage\",\"url\":\"https:\\\/\\\/secure.gravatar.com\\\/avatar\\\/bbe35c7902c79b0cbe5a3eebbf91e29b5b70c6c0fcbe3d629eff0f3635a1cf2c?s=96&d=mm&r=g\",\"width\":96,\"height\":96,\"caption\":\"Redacci\\u00f3n\"}},{\"@type\":\"WebPage\",\"@id\":\"https:\\\/\\\/www.lafresca.fm\\\/los-autos-locos-de-onil-repartiran-800-euros-en-premios-y-mantienen-abiertas-las-inscripciones-hasta-el-23-de-septiembre\\\/#webpage\",\"url\":\"https:\\\/\\\/www.lafresca.fm\\\/los-autos-locos-de-onil-repartiran-800-euros-en-premios-y-mantienen-abiertas-las-inscripciones-hasta-el-23-de-septiembre\\\/\",\"name\":\"Los Autos Locos de Onil repartir\\u00e1n 800 euros en premios y mantienen abiertas las inscripciones hasta el 23 de septiembre - laFRESCA\",\"description\":\"Onil ya se prepara para volver a vivir una de las citas m\\u00e1s originales y divertidas del calendario local. Los Autos Locos 2026 ya tienen fecha y, sobre todo, ya tienen abiertas sus inscripciones para todos aquellos que quieran lanzarse a la aventura sobre ruedas. La carrera se celebrar\\u00e1 el s\\u00e1bado 26 de septiembre, a\",\"inLanguage\":\"es-ES\",\"isPartOf\":{\"@id\":\"https:\\\/\\\/www.lafresca.fm\\\/#website\"},\"breadcrumb\":{\"@id\":\"https:\\\/\\\/www.lafresca.fm\\\/los-autos-locos-de-onil-repartiran-800-euros-en-premios-y-mantienen-abiertas-las-inscripciones-hasta-el-23-de-septiembre\\\/#breadcrumblist\"},\"author\":{\"@id\":\"https:\\\/\\\/www.lafresca.fm\\\/author\\\/adri\\\/#author\"},\"creator\":{\"@id\":\"https:\\\/\\\/www.lafresca.fm\\\/author\\\/adri\\\/#author\"},\"image\":{\"@type\":\"ImageObject\",\"url\":\"https:\\\/\\\/www.lafresca.fm\\\/wp-content\\\/uploads\\\/2026\\\/09\\\/images-2.jpg\",\"@id\":\"https:\\\/\\\/www.lafresca.fm\\\/los-autos-locos-de-onil-repartiran-800-euros-en-premios-y-mantienen-abiertas-las-inscripciones-hasta-el-23-de-septiembre\\\/#mainImage\",\"width\":662,\"height\":463},\"primaryImageOfPage\":{\"@id\":\"https:\\\/\\\/www.lafresca.fm\\\/los-autos-locos-de-onil-repartiran-800-euros-en-premios-y-mantienen-abiertas-las-inscripciones-hasta-el-23-de-septiembre\\\/#mainImage\"},\"datePublished\":\"2026-09-05T13:40:04+02:00\",\"dateModified\":\"2026-09-05T13:40:49+02:00\"},{\"@type\":\"WebSite\",\"@id\":\"https:\\\/\\\/www.lafresca.fm\\\/#website\",\"url\":\"https:\\\/\\\/www.lafresca.fm\\\/\",\"name\":\"laFRESCA\",\"description\":\"\\u00a1Estamos de moda!\",\"inLanguage\":\"es-ES\",\"publisher\":{\"@id\":\"https:\\\/\\\/www.lafresca.fm\\\/#organization\"}}]}\n\t\t<\/script>\n\t\t\n\n","aioseo_head_json":{"title":"Los Autos Locos de Onil repartir\u00e1n 800 euros en premios y mantienen abiertas las inscripciones hasta el 23 de septiembre - laFRESCA","description":"Onil ya se prepara para volver a vivir una de las citas m\u00e1s originales y divertidas del calendario local. Los Autos Locos 2026 ya tienen fecha y, sobre todo, ya tienen abiertas sus inscripciones para todos aquellos que quieran lanzarse a la aventura sobre ruedas. La carrera se celebrar\u00e1 el s\u00e1bado 26 de septiembre, a","canonical_url":"https:\/\/www.lafresca.fm\/los-autos-locos-de-onil-repartiran-800-euros-en-premios-y-mantienen-abiertas-las-inscripciones-hasta-el-23-de-septiembre\/","robots":"max-image-preview:large","keywords":"","webmasterTools":{"miscellaneous":""},"schema":{"@context":"https:\/\/schema.org","@graph":[{"@type":"BlogPosting","@id":"https:\/\/www.lafresca.fm\/los-autos-locos-de-onil-repartiran-800-euros-en-premios-y-mantienen-abiertas-las-inscripciones-hasta-el-23-de-septiembre\/#blogposting","name":"Los Autos Locos de Onil repartir\u00e1n 800 euros en premios y mantienen abiertas las inscripciones hasta el 23 de septiembre - laFRESCA","headline":"Los Autos Locos de Onil repartir\u00e1n 800 euros en premios y mantienen abiertas las inscripciones hasta el 23 de septiembre","author":{"@id":"https:\/\/www.lafresca.fm\/author\/adri\/#author"},"publisher":{"@id":"https:\/\/www.lafresca.fm\/#organization"},"image":{"@type":"ImageObject","url":"https:\/\/www.lafresca.fm\/f-solosog\/2026\/09\/images-2.jpg","width":662,"height":463},"datePublished":"2026-09-05T13:40:04+02:00","dateModified":"2026-09-05T13:40:49+02:00","inLanguage":"es-ES","mainEntityOfPage":{"@id":"https:\/\/www.lafresca.fm\/los-autos-locos-de-onil-repartiran-800-euros-en-premios-y-mantienen-abiertas-las-inscripciones-hasta-el-23-de-septiembre\/#webpage"},"isPartOf":{"@id":"https:\/\/www.lafresca.fm\/los-autos-locos-de-onil-repartiran-800-euros-en-premios-y-mantienen-abiertas-las-inscripciones-hasta-el-23-de-septiembre\/#webpage"},"articleSection":"Interior de Alicante"},{"@type":"BreadcrumbList","@id":"https:\/\/www.lafresca.fm\/los-autos-locos-de-onil-repartiran-800-euros-en-premios-y-mantienen-abiertas-las-inscripciones-hasta-el-23-de-septiembre\/#breadcrumblist","itemListElement":[{"@type":"ListItem","@id":"https:\/\/www.lafresca.fm#listItem","position":1,"name":"Inicio","item":"https:\/\/www.lafresca.fm","nextItem":{"@type":"ListItem","@id":"https:\/\/www.lafresca.fm\/category\/alicante\/#listItem","name":"Interior de Alicante"}},{"@type":"ListItem","@id":"https:\/\/www.lafresca.fm\/category\/alicante\/#listItem","position":2,"name":"Interior de Alicante","item":"https:\/\/www.lafresca.fm\/category\/alicante\/","nextItem":{"@type":"ListItem","@id":"https:\/\/www.lafresca.fm\/los-autos-locos-de-onil-repartiran-800-euros-en-premios-y-mantienen-abiertas-las-inscripciones-hasta-el-23-de-septiembre\/#listItem","name":"Los Autos Locos de Onil repartir\u00e1n 800 euros en premios y mantienen abiertas las inscripciones hasta el 23 de septiembre"},"previousItem":{"@type":"ListItem","@id":"https:\/\/www.lafresca.fm#listItem","name":"Inicio"}},{"@type":"ListItem","@id":"https:\/\/www.lafresca.fm\/los-autos-locos-de-onil-repartiran-800-euros-en-premios-y-mantienen-abiertas-las-inscripciones-hasta-el-23-de-septiembre\/#listItem","position":3,"name":"Los Autos Locos de Onil repartir\u00e1n 800 euros en premios y mantienen abiertas las inscripciones hasta el 23 de septiembre","previousItem":{"@type":"ListItem","@id":"https:\/\/www.lafresca.fm\/category\/alicante\/#listItem","name":"Interior de Alicante"}}]},{"@type":"Organization","@id":"https:\/\/www.lafresca.fm\/#organization","name":"laFRESCA","description":"\u00a1Estamos de moda!","url":"https:\/\/www.lafresca.fm\/","logo":{"@type":"ImageObject","url":"https:\/\/www.lafresca.fm\/f-solosog\/2020\/06\/logo-opaque.png","@id":"https:\/\/www.lafresca.fm\/los-autos-locos-de-onil-repartiran-800-euros-en-premios-y-mantienen-abiertas-las-inscripciones-hasta-el-23-de-septiembre\/#organizationLogo","width":766,"height":156},"image":{"@id":"https:\/\/www.lafresca.fm\/los-autos-locos-de-onil-repartiran-800-euros-en-premios-y-mantienen-abiertas-las-inscripciones-hasta-el-23-de-septiembre\/#organizationLogo"},"sameAs":["https:\/\/instagram.com\/lafrescafm"]},{"@type":"Person","@id":"https:\/\/www.lafresca.fm\/author\/adri\/#author","url":"https:\/\/www.lafresca.fm\/author\/adri\/","name":"Redacci\u00f3n","image":{"@type":"ImageObject","@id":"https:\/\/www.lafresca.fm\/los-autos-locos-de-onil-repartiran-800-euros-en-premios-y-mantienen-abiertas-las-inscripciones-hasta-el-23-de-septiembre\/#authorImage","url":"https:\/\/secure.gravatar.com\/avatar\/bbe35c7902c79b0cbe5a3eebbf91e29b5b70c6c0fcbe3d629eff0f3635a1cf2c?s=96&d=mm&r=g","width":96,"height":96,"caption":"Redacci\u00f3n"}},{"@type":"WebPage","@id":"https:\/\/www.lafresca.fm\/los-autos-locos-de-onil-repartiran-800-euros-en-premios-y-mantienen-abiertas-las-inscripciones-hasta-el-23-de-septiembre\/#webpage","url":"https:\/\/www.lafresca.fm\/los-autos-locos-de-onil-repartiran-800-euros-en-premios-y-mantienen-abiertas-las-inscripciones-hasta-el-23-de-septiembre\/","name":"Los Autos Locos de Onil repartir\u00e1n 800 euros en premios y mantienen abiertas las inscripciones hasta el 23 de septiembre - laFRESCA","description":"Onil ya se prepara para volver a vivir una de las citas m\u00e1s originales y divertidas del calendario local. Los Autos Locos 2026 ya tienen fecha y, sobre todo, ya tienen abiertas sus inscripciones para todos aquellos que quieran lanzarse a la aventura sobre ruedas. La carrera se celebrar\u00e1 el s\u00e1bado 26 de septiembre, a","inLanguage":"es-ES","isPartOf":{"@id":"https:\/\/www.lafresca.fm\/#website"},"breadcrumb":{"@id":"https:\/\/www.lafresca.fm\/los-autos-locos-de-onil-repartiran-800-euros-en-premios-y-mantienen-abiertas-las-inscripciones-hasta-el-23-de-septiembre\/#breadcrumblist"},"author":{"@id":"https:\/\/www.lafresca.fm\/author\/adri\/#author"},"creator":{"@id":"https:\/\/www.lafresca.fm\/author\/adri\/#author"},"image":{"@type":"ImageObject","url":"https:\/\/www.lafresca.fm\/f-solosog\/2026\/09\/images-2.jpg","@id":"https:\/\/www.lafresca.fm\/los-autos-locos-de-onil-repartiran-800-euros-en-premios-y-mantienen-abiertas-las-inscripciones-hasta-el-23-de-septiembre\/#mainImage","width":662,"height":463},"primaryImageOfPage":{"@id":"https:\/\/www.lafresca.fm\/los-autos-locos-de-onil-repartiran-800-euros-en-premios-y-mantienen-abiertas-las-inscripciones-hasta-el-23-de-septiembre\/#mainImage"},"datePublished":"2026-09-05T13:40:04+02:00","dateModified":"2026-09-05T13:40:49+02:00"},{"@type":"WebSite","@id":"https:\/\/www.lafresca.fm\/#website","url":"https:\/\/www.lafresca.fm\/","name":"laFRESCA","description":"\u00a1Estamos de moda!","inLanguage":"es-ES","publisher":{"@id":"https:\/\/www.lafresca.fm\/#organization"}}]},"og:locale":"es_ES","og:site_name":"laFRESCA - \u00a1Estamos de moda!","og:type":"article","og:title":"Los Autos Locos de Onil repartir\u00e1n 800 euros en premios y mantienen abiertas las inscripciones hasta el 23 de septiembre - laFRESCA","og:description":"Onil ya se prepara para volver a vivir una de las citas m\u00e1s originales y divertidas del calendario local. Los Autos Locos 2026 ya tienen fecha y, sobre todo, ya tienen abiertas sus inscripciones para todos aquellos que quieran lanzarse a la aventura sobre ruedas. La carrera se celebrar\u00e1 el s\u00e1bado 26 de septiembre, a","og:url":"https:\/\/www.lafresca.fm\/los-autos-locos-de-onil-repartiran-800-euros-en-premios-y-mantienen-abiertas-las-inscripciones-hasta-el-23-de-septiembre\/","og:image":"https:\/\/www.lafresca.fm\/f-solosog\/2026\/09\/images-2.jpg","og:image:secure_url":"https:\/\/www.lafresca.fm\/f-solosog\/2026\/09\/images-2.jpg","og:image:width":662,"og:image:height":463,"article:published_time":"2026-09-05T11:40:04+00:00","article:modified_time":"2026-09-05T11:40:49+00:00","article:publisher":"https:\/\/facebook.com\/lafresca.es","twitter:card":"summary_large_image","twitter:site":"@frescafm","twitter:title":"Los Autos Locos de Onil repartir\u00e1n 800 euros en premios y mantienen abiertas las inscripciones hasta el 23 de septiembre - laFRESCA","twitter:description":"Onil ya se prepara para volver a vivir una de las citas m\u00e1s originales y divertidas del calendario local. Los Autos Locos 2026 ya tienen fecha y, sobre todo, ya tienen abiertas sus inscripciones para todos aquellos que quieran lanzarse a la aventura sobre ruedas. La carrera se celebrar\u00e1 el s\u00e1bado 26 de septiembre, a","twitter:image":"https:\/\/www.lafresca.fm\/f-solosog\/2026\/09\/images-2.jpg"},"aioseo_meta_data":{"post_id":"19320","title":null,"description":null,"keywords":null,"keyphrases":{"focus":{"keyphrase":"","score":0,"analysis":{"keyphraseInTitle":{"score":0,"maxScore":9,"error":1}}},"additional":[]},"primary_term":null,"canonical_url":null,"og_title":null,"og_description":null,"og_object_type":"default","og_image_type":"default","og_image_url":null,"og_image_width":null,"og_image_height":null,"og_image_custom_url":null,"og_image_custom_fields":null,"og_video":"","og_custom_url":null,"og_article_section":null,"og_article_tags":null,"twitter_use_og":false,"twitter_card":"default","twitter_image_type":"default","twitter_image_url":null,"twitter_image_custom_url":null,"twitter_image_custom_fields":null,"twitter_title":null,"twitter_description":null,"schema":{"blockGraphs":[],"customGraphs":[],"default":{"data":{"Article":[],"Course":[],"Dataset":[],"FAQPage":[],"Movie":[],"Person":[],"Product":[],"ProductReview":[],"Car":[],"Recipe":[],"Service":[],"SoftwareApplication":[],"WebPage":[]},"graphName":"BlogPosting","isEnabled":true},"graphs":[]},"schema_type":"default","schema_type_options":null,"pillar_content":false,"robots_default":true,"robots_noindex":false,"robots_noarchive":false,"robots_nosnippet":false,"robots_nofollow":false,"robots_noimageindex":false,"robots_noodp":false,"robots_notranslate":false,"robots_max_snippet":"-1","robots_max_videopreview":"-1","robots_max_imagepreview":"large","priority":null,"frequency":"default","local_seo":null,"breadcrumb_settings":null,"limit_modified_date":false,"ai":{"faqs":[],"keyPoints":[],"schemas":[],"titles":[],"descriptions":[],"socialPosts":{"email":{"subject":"","preview":"","content":""},"linkedin":[],"twitter":[],"facebook":[],"instagram":[]}},"created":"2026-09-05 11:36:04","updated":"2026-09-05 12:00:14","seo_analyzer_scan_date":null,"focus_keyword":null,"additional_keywords":null,"truseo_locale":null},"aioseo_breadcrumb":"<div class=\"aioseo-breadcrumbs\"><span class=\"aioseo-breadcrumb\">\n\t\t\t<a href=\"https:\/\/www.lafresca.fm\" title=\"Inicio\">Inicio<\/a>\n\t\t<\/span><span class=\"aioseo-breadcrumb-separator\">&raquo;<\/span><span class=\"aioseo-breadcrumb\">\n\t\t\t<a href=\"https:\/\/www.lafresca.fm\/category\/alicante\/\" title=\"Interior de Alicante\">Interior de Alicante<\/a>\n\t\t<\/span><span class=\"aioseo-breadcrumb-separator\">&raquo;<\/span><span class=\"aioseo-breadcrumb\">\n\t\t\tLos Autos Locos de Onil repartir\u00e1n 800 euros en premios y mantienen abiertas las inscripciones hasta el 23 de septiembre\n\t\t<\/span><\/div>","aioseo_breadcrumb_json":[{"label":"Inicio","link":"https:\/\/www.lafresca.fm"},{"label":"Interior de Alicante","link":"https:\/\/www.lafresca.fm\/category\/alicante\/"},{"label":"Los Autos Locos de Onil repartir\u00e1n 800 euros en premios y mantienen abiertas las inscripciones hasta el 23 de septiembre","link":"https:\/\/www.lafresca.fm\/los-autos-locos-de-onil-repartiran-800-euros-en-premios-y-mantienen-abiertas-las-inscripciones-hasta-el-23-de-septiembre\/"}],"_links":{"self":[{"href":"https:\/\/www.lafresca.fm\/fresca-api-json\/wp\/v2\/posts\/19320","targetHints":{"allow":["GET"]}}],"collection":[{"href":"https:\/\/www.lafresca.fm\/fresca-api-json\/wp\/v2\/posts"}],"about":[{"href":"https:\/\/www.lafresca.fm\/fresca-api-json\/wp\/v2\/types\/post"}],"author":[{"embeddable":true,"href":"https:\/\/www.lafresca.fm\/fresca-api-json\/wp\/v2\/users\/2"}],"replies":[{"embeddable":true,"href":"https:\/\/www.lafresca.fm\/fresca-api-json\/wp\/v2\/comments?post=19320"}],"version-history":[{"count":1,"href":"https:\/\/www.lafresca.fm\/fresca-api-json\/wp\/v2\/posts\/19320\/revisions"}],"predecessor-version":[{"id":19324,"href":"https:\/\/www.lafresca.fm\/fresca-api-json\/wp\/v2\/posts\/19320\/revisions\/19324"}],"wp:featuredmedia":[{"embeddable":true,"href":"https:\/\/www.lafresca.fm\/fresca-api-json\/wp\/v2\/media\/19323"}],"wp:attachment":[{"href":"https:\/\/www.lafresca.fm\/fresca-api-json\/wp\/v2\/media?parent=19320"}],"wp:term":[{"taxonomy":"category","embeddable":true,"href":"https:\/\/www.lafresca.fm\/fresca-api-json\/wp\/v2\/categories?post=19320"},{"taxonomy":"post_tag","embeddable":true,"href":"https:\/\/www.lafresca.fm\/fresca-api-json\/wp\/v2\/tags?post=19320"}],"curies":[{"name":"wp","href":"https:\/\/api.w.org\/{rel}","templated":true}]}}