{"id":6588,"date":"2022-04-25T21:42:59","date_gmt":"2022-04-25T19:42:59","guid":{"rendered":"https:\/\/www.lafresca.fm\/?p=6588"},"modified":"2022-04-25T21:42:59","modified_gmt":"2022-04-25T19:42:59","slug":"elon-musk-compra-twitter-por-44-mil-millones-de-dolares","status":"publish","type":"post","link":"https:\/\/www.lafresca.fm\/elon-musk-compra-twitter-por-44-mil-millones-de-dolares\/","title":{"rendered":"Elon Musk compra Twitter por 44 mil millones de d\u00f3lares"},"content":{"rendered":"<p><strong>Elon Musk ha comprado la red social Twitter<\/strong>. El empresario hab\u00eda presentado una <strong>propuesta de adquisici\u00f3n por valor de<\/strong> <strong>54,20 d\u00f3lares <\/strong>en efectivo <strong>por cada una de las acciones<\/strong>\u00a0que todav\u00eda no eran de su propiedad, y esta <strong>ha sido aceptada de forma un\u00e1nime por la Junta Directiva<\/strong>.<\/p>\n<p>La red social ha confirmado que ha alcanzado un acuerdo con una entidad que es propiedad exclusiva de Elon Musk.<\/p>\n<p>El montante de la operaci\u00f3n es de aproximadamente <strong>44.000 millones de d\u00f3lares o 41 mil millones de euros para que lo entendamos mejor.<\/strong><\/p>\n<p>Pocos d\u00edas antes el\u00a0empresario se hizo con el 9 % de Twitter.\u00a0Desde entonces el tambi\u00e9n propietario de Tesla ha mostrado su inter\u00e9s por comprar el resto de las acciones y hacer que Twitter cumpla el imperativo social de \u201cser la plataforma para la libertad de expresi\u00f3n en todo el mundo\u201d. En su opini\u00f3n, esto s\u00f3lo es posible como empresa privada\u201d. Cuando se haga efectiva la operaci\u00f3n, Twitter <strong>dejar\u00e1 de cotizar en bolsa<\/strong>.<\/p>\n<p>Tras recibir el s\u00ed de la Junta, ahora el comprador debe esperar el visto bueno de los accionistas de Twitter y las aprobaciones regulatorias habituales.<\/p>\n<p>Tras hacerse p\u00fablico el acuerdo, Elon Musk ha insistido en que \u201cla libertad de expresi\u00f3n es la base para que una democracia funcione\u201d. En este sentido, \u201cTwitter es la plaza p\u00fablica digital donde se debaten asuntos vitales para el futuro de la humanidad\u201d.<\/p>\n<p>\u201cQuiero que Twitter sea mejor que nunca\u201d, dice, y promete <strong>\u201cmejorar el producto con nuevas caracter\u00edsticas, haciendo que los algoritmos sean<em> open source<\/em><\/strong> para aumentar la confianza, derrotar a los bots de <em>spam<\/em> y autenticar a todas las personas. Twitter tiene un enorme potencial: espero trabajar con la empresa y la comunidad de usuarios para desbloquearlo\u201d.<\/p>\n<p>El actual CEO de Twitter, Parag Agrawal, se ha limitado a declarar que esta plataforma social \u201ctiene un prop\u00f3sito y una relevancia que impacta a todo el mundo\u201d y se ha mostrado \u201cprofundamente orgulloso de nuestros equipos e inspirado por el trabajo\u201d realizado.<\/p>\n<script>function PlayerjsAsync(){} if(window[\"Playerjs\"]){PlayerjsAsync();}<\/script>","protected":false},"excerpt":{"rendered":"<p>Elon Musk ha comprado la red social Twitter. El empresario hab\u00eda presentado una propuesta de adquisici\u00f3n por valor de 54,20 d\u00f3lares en efectivo por cada una de las acciones\u00a0que todav\u00eda no eran de su propiedad, y esta ha sido aceptada de forma un\u00e1nime por la Junta Directiva. La red social ...<\/p>\n","protected":false},"author":1,"featured_media":6590,"comment_status":"closed","ping_status":"closed","sticky":false,"template":"","format":"standard","meta":{"_monsterinsights_skip_tracking":false,"_monsterinsights_sitenote_active":false,"_monsterinsights_sitenote_note":"","_monsterinsights_sitenote_category":0,"footnotes":""},"categories":[82,81],"tags":[107,105,108,109,106],"class_list":["post-6588","post","type-post","status-publish","format-standard","has-post-thumbnail","hentry","category-redes-sociales","category-tecnologia","tag-compra","tag-elon-musk","tag-red-social","tag-tesla","tag-twitter"],"aioseo_notices":[],"_links":{"self":[{"href":"https:\/\/www.lafresca.fm\/fresca-api-json\/wp\/v2\/posts\/6588","targetHints":{"allow":["GET"]}}],"collection":[{"href":"https:\/\/www.lafresca.fm\/fresca-api-json\/wp\/v2\/posts"}],"about":[{"href":"https:\/\/www.lafresca.fm\/fresca-api-json\/wp\/v2\/types\/post"}],"author":[{"embeddable":true,"href":"https:\/\/www.lafresca.fm\/fresca-api-json\/wp\/v2\/users\/1"}],"replies":[{"embeddable":true,"href":"https:\/\/www.lafresca.fm\/fresca-api-json\/wp\/v2\/comments?post=6588"}],"version-history":[{"count":1,"href":"https:\/\/www.lafresca.fm\/fresca-api-json\/wp\/v2\/posts\/6588\/revisions"}],"predecessor-version":[{"id":6591,"href":"https:\/\/www.lafresca.fm\/fresca-api-json\/wp\/v2\/posts\/6588\/revisions\/6591"}],"wp:featuredmedia":[{"embeddable":true,"href":"https:\/\/www.lafresca.fm\/fresca-api-json\/wp\/v2\/media\/6590"}],"wp:attachment":[{"href":"https:\/\/www.lafresca.fm\/fresca-api-json\/wp\/v2\/media?parent=6588"}],"wp:term":[{"taxonomy":"category","embeddable":true,"href":"https:\/\/www.lafresca.fm\/fresca-api-json\/wp\/v2\/categories?post=6588"},{"taxonomy":"post_tag","embeddable":true,"href":"https:\/\/www.lafresca.fm\/fresca-api-json\/wp\/v2\/tags?post=6588"}],"curies":[{"name":"wp","href":"https:\/\/api.w.org\/{rel}","templated":true}]}}