{"id":6695,"date":"2022-06-28T16:41:31","date_gmt":"2022-06-28T14:41:31","guid":{"rendered":"https:\/\/www.lafresca.fm\/?p=6695"},"modified":"2022-06-28T16:41:33","modified_gmt":"2022-06-28T14:41:33","slug":"los-reiterados-actos-vandalicos-en-los-parques-de-onil-obliga-a-la-policia-a-aumentar-la-vigilancia-existente","status":"publish","type":"post","link":"https:\/\/www.lafresca.fm\/los-reiterados-actos-vandalicos-en-los-parques-de-onil-obliga-a-la-policia-a-aumentar-la-vigilancia-existente\/","title":{"rendered":"Los reiterados actos vand\u00e1licos en los parques de Onil obliga a la polic\u00eda a aumentar la vigilancia existente"},"content":{"rendered":"\n<p>Debido a la comisi\u00f3n de diversos actos de vandalismo en los distintos parques de la poblaci\u00f3n (pintadas, rotura de mobiliario, quema de objetos), por parte de la Polic\u00eda Local de Onil han anunciado que se aumentar\u00e1n la ya actual vigilancia sobre estos.<\/p>\n\n\n\n<p>Al mismo tiempo la comisi\u00f3n de actos vand\u00e1licos ser\u00e1 denunciada mediante la Ordenanza Municipal de Convivencia con sanciones de hasta 300 euros.<\/p>\n\n\n\n<p>Por parte de la Polic\u00eda Local de Onil se hace un llamamiento para la colaboraci\u00f3n por parte de los ciudadanos de la poblaci\u00f3n y en caso de observar alguno de estos actos se coopere e informe a los Agentes de Polic\u00eda Local <\/p>\n<script>function PlayerjsAsync(){} if(window[\"Playerjs\"]){PlayerjsAsync();}<\/script>","protected":false},"excerpt":{"rendered":"<p>Debido a la comisi\u00f3n de diversos actos de vandalismo en los distintos parques de la poblaci\u00f3n (pintadas, rotura de mobiliario, quema de objetos), por parte de la Polic\u00eda Local de Onil han anunciado que se aumentar\u00e1n la ya actual vigilancia sobre estos. Al mismo tiempo la comisi\u00f3n de actos vand\u00e1licos ...<\/p>\n","protected":false},"author":2,"featured_media":6696,"comment_status":"closed","ping_status":"closed","sticky":false,"template":"","format":"standard","meta":{"_monsterinsights_skip_tracking":false,"_monsterinsights_sitenote_active":false,"_monsterinsights_sitenote_note":"","_monsterinsights_sitenote_category":0,"footnotes":""},"categories":[4],"tags":[143,133],"class_list":["post-6695","post","type-post","status-publish","format-standard","has-post-thumbnail","hentry","category-alicante","tag-actos-vandalicos","tag-onil"],"aioseo_notices":[],"_links":{"self":[{"href":"https:\/\/www.lafresca.fm\/fresca-api-json\/wp\/v2\/posts\/6695","targetHints":{"allow":["GET"]}}],"collection":[{"href":"https:\/\/www.lafresca.fm\/fresca-api-json\/wp\/v2\/posts"}],"about":[{"href":"https:\/\/www.lafresca.fm\/fresca-api-json\/wp\/v2\/types\/post"}],"author":[{"embeddable":true,"href":"https:\/\/www.lafresca.fm\/fresca-api-json\/wp\/v2\/users\/2"}],"replies":[{"embeddable":true,"href":"https:\/\/www.lafresca.fm\/fresca-api-json\/wp\/v2\/comments?post=6695"}],"version-history":[{"count":1,"href":"https:\/\/www.lafresca.fm\/fresca-api-json\/wp\/v2\/posts\/6695\/revisions"}],"predecessor-version":[{"id":6697,"href":"https:\/\/www.lafresca.fm\/fresca-api-json\/wp\/v2\/posts\/6695\/revisions\/6697"}],"wp:featuredmedia":[{"embeddable":true,"href":"https:\/\/www.lafresca.fm\/fresca-api-json\/wp\/v2\/media\/6696"}],"wp:attachment":[{"href":"https:\/\/www.lafresca.fm\/fresca-api-json\/wp\/v2\/media?parent=6695"}],"wp:term":[{"taxonomy":"category","embeddable":true,"href":"https:\/\/www.lafresca.fm\/fresca-api-json\/wp\/v2\/categories?post=6695"},{"taxonomy":"post_tag","embeddable":true,"href":"https:\/\/www.lafresca.fm\/fresca-api-json\/wp\/v2\/tags?post=6695"}],"curies":[{"name":"wp","href":"https:\/\/api.w.org\/{rel}","templated":true}]}}