{"id":6714,"date":"2022-06-30T11:44:53","date_gmt":"2022-06-30T09:44:53","guid":{"rendered":"https:\/\/www.lafresca.fm\/?p=6714"},"modified":"2022-06-30T11:45:00","modified_gmt":"2022-06-30T09:45:00","slug":"el-new-york-times-reconoce-los-munecos-de-miniland-entre-los-mejores-por-su-capacidad-para-aumentar-la-empatia-entre-los-ninos","status":"publish","type":"post","link":"https:\/\/www.lafresca.fm\/el-new-york-times-reconoce-los-munecos-de-miniland-entre-los-mejores-por-su-capacidad-para-aumentar-la-empatia-entre-los-ninos\/","title":{"rendered":"El New York Times reconoce los mu\u00f1ecos de MINILAND entre los mejores por su capacidad para aumentar la empat\u00eda entre los ni\u00f1os"},"content":{"rendered":"\n<p>El&nbsp;<strong>New York Times \u2013<\/strong>diario de referencia a nivel mundial y dentro de su prestigiosa secci\u00f3n&nbsp;<em>Wirecutte\u2013<\/em>&nbsp;ha puesto en valor los mu\u00f1ecos de&nbsp;<strong><a href=\"https:\/\/spain.minilandeducational.com\/\" target=\"_blank\" rel=\"noreferrer noopener\">MINILAND<\/a><\/strong>. Despu\u00e9s de m\u00e1s de 40 horas de investigaci\u00f3n el rotativo norteamericano concluye que&nbsp;<strong>la firma de Onil<\/strong>&nbsp;se encuentra en el&nbsp;<strong>top 8 de los mejores mu\u00f1ecos a nivel mundial de este 2022<\/strong>, poniendo de relieve su&nbsp;<strong>valor educativo<\/strong>.<\/p>\n\n\n\n<p><a href=\"https:\/\/spain.minilandeducational.com\/\" target=\"_blank\" rel=\"noreferrer noopener\"><strong>MINILAND<\/strong>&nbsp;<\/a>desarrolla&nbsp;<strong>mu\u00f1ecos inclusivos<\/strong>&nbsp;que refuerzan valores como la diversidad, la integraci\u00f3n, el respeto y la tolerancia. Los mu\u00f1ecos con&nbsp;<strong>S\u00edndrome de Down<\/strong>&nbsp;han recibido numerosos reconocimientos: Mejor Juguete del A\u00f1o para AEFJ (2020) y Medalla de Oro en la categor\u00eda Empowerment en los premios europeos Playf or Change Awards (2021)<\/p>\n\n\n\n<p><strong>Mar Ivars<\/strong>, directora de Innovaci\u00f3n de&nbsp;<strong><a rel=\"noreferrer noopener\" href=\"https:\/\/spain.minilandeducational.com\/\" target=\"_blank\">MINILAND<\/a><\/strong>, explica que lo reflejado por el&nbsp;<strong>NY Times<\/strong>&nbsp;<em>\u201csupone un refuerzo de que&nbsp;<strong><a href=\"https:\/\/spain.minilandeducational.com\/\" target=\"_blank\" rel=\"noreferrer noopener\">MINILAND<\/a><\/strong>&nbsp;despunta como una marca de referencia en el sector del juguete y esto nos motiva a continuar desarrollando nuestra l\u00ednea de productos en favor de una sociedad basada en estos valores desde la primera infancia\u201d<\/em>.<\/p>\n<script>function PlayerjsAsync(){} if(window[\"Playerjs\"]){PlayerjsAsync();}<\/script>","protected":false},"excerpt":{"rendered":"<p>El&nbsp;New York Times \u2013diario de referencia a nivel mundial y dentro de su prestigiosa secci\u00f3n&nbsp;Wirecutte\u2013&nbsp;ha puesto en valor los mu\u00f1ecos de&nbsp;MINILAND. Despu\u00e9s de m\u00e1s de 40 horas de investigaci\u00f3n el rotativo norteamericano concluye que&nbsp;la firma de Onil&nbsp;se encuentra en el&nbsp;top 8 de los mejores mu\u00f1ecos a nivel mundial de este ...<\/p>\n","protected":false},"author":2,"featured_media":6715,"comment_status":"closed","ping_status":"closed","sticky":false,"template":"","format":"standard","meta":{"_monsterinsights_skip_tracking":false,"_monsterinsights_sitenote_active":false,"_monsterinsights_sitenote_note":"","_monsterinsights_sitenote_category":0,"footnotes":""},"categories":[4],"tags":[149],"class_list":["post-6714","post","type-post","status-publish","format-standard","has-post-thumbnail","hentry","category-alicante","tag-miniland"],"aioseo_notices":[],"_links":{"self":[{"href":"https:\/\/www.lafresca.fm\/fresca-api-json\/wp\/v2\/posts\/6714","targetHints":{"allow":["GET"]}}],"collection":[{"href":"https:\/\/www.lafresca.fm\/fresca-api-json\/wp\/v2\/posts"}],"about":[{"href":"https:\/\/www.lafresca.fm\/fresca-api-json\/wp\/v2\/types\/post"}],"author":[{"embeddable":true,"href":"https:\/\/www.lafresca.fm\/fresca-api-json\/wp\/v2\/users\/2"}],"replies":[{"embeddable":true,"href":"https:\/\/www.lafresca.fm\/fresca-api-json\/wp\/v2\/comments?post=6714"}],"version-history":[{"count":1,"href":"https:\/\/www.lafresca.fm\/fresca-api-json\/wp\/v2\/posts\/6714\/revisions"}],"predecessor-version":[{"id":6716,"href":"https:\/\/www.lafresca.fm\/fresca-api-json\/wp\/v2\/posts\/6714\/revisions\/6716"}],"wp:featuredmedia":[{"embeddable":true,"href":"https:\/\/www.lafresca.fm\/fresca-api-json\/wp\/v2\/media\/6715"}],"wp:attachment":[{"href":"https:\/\/www.lafresca.fm\/fresca-api-json\/wp\/v2\/media?parent=6714"}],"wp:term":[{"taxonomy":"category","embeddable":true,"href":"https:\/\/www.lafresca.fm\/fresca-api-json\/wp\/v2\/categories?post=6714"},{"taxonomy":"post_tag","embeddable":true,"href":"https:\/\/www.lafresca.fm\/fresca-api-json\/wp\/v2\/tags?post=6714"}],"curies":[{"name":"wp","href":"https:\/\/api.w.org\/{rel}","templated":true}]}}