{"id":6724,"date":"2022-06-30T16:23:10","date_gmt":"2022-06-30T14:23:10","guid":{"rendered":"https:\/\/www.lafresca.fm\/?p=6724"},"modified":"2022-06-30T16:31:02","modified_gmt":"2022-06-30T14:31:02","slug":"eusebio-caceres-al-mundial-de-eugene-de-atletismo","status":"publish","type":"post","link":"https:\/\/www.lafresca.fm\/eusebio-caceres-al-mundial-de-eugene-de-atletismo\/","title":{"rendered":"Eusebio C\u00e1ceres, al Mundial de Eugene de Atletismo"},"content":{"rendered":"\n<p>Eusebio C\u00e1ceres va a por su quinto Mundial. El saltador de Onil ya estuvo en las ediciones de 2011, 2013, 2017 y 2019. En dos de ellas acab\u00f3 en puestos de finalista: en Mosc\u00fa 2013, donde termin\u00f3 cuarto, y en Doha 2019, donde finaliz\u00f3 s\u00e9ptimo.<\/p>\n\n\n\n<figure class=\"wp-block-image size-large\"><img fetchpriority=\"high\" decoding=\"async\" width=\"1170\" height=\"780\" src=\"https:\/\/www.lafresca.fm\/f-solosog\/2022\/06\/eusebio-caceres-of-team-spain-reacts-while-competing-in-the-news-photo-1627873512-1-1-1170x780.jpg\" alt=\"\" class=\"wp-image-6727\" srcset=\"https:\/\/www.lafresca.fm\/f-solosog\/2022\/06\/eusebio-caceres-of-team-spain-reacts-while-competing-in-the-news-photo-1627873512-1-1-1170x780.jpg 1170w, https:\/\/www.lafresca.fm\/f-solosog\/2022\/06\/eusebio-caceres-of-team-spain-reacts-while-competing-in-the-news-photo-1627873512-1-1-770x513.jpg 770w, https:\/\/www.lafresca.fm\/f-solosog\/2022\/06\/eusebio-caceres-of-team-spain-reacts-while-competing-in-the-news-photo-1627873512-1-1-768x512.jpg 768w, https:\/\/www.lafresca.fm\/f-solosog\/2022\/06\/eusebio-caceres-of-team-spain-reacts-while-competing-in-the-news-photo-1627873512-1-1-1536x1024.jpg 1536w, https:\/\/www.lafresca.fm\/f-solosog\/2022\/06\/eusebio-caceres-of-team-spain-reacts-while-competing-in-the-news-photo-1627873512-1-1-2048x1365.jpg 2048w\" sizes=\"(max-width: 1170px) 100vw, 1170px\" \/><\/figure>\n\n\n\n<p><\/p>\n\n\n\n<p><strong>Siete valencianos estar\u00e1n en el Mundial de Eugene. -Quique Llopis, V\u00edctor Ruiz, Eusebio C\u00e1ceres, Pablo Torrijos, F\u00e1tima Diame, Claudia Conte y Carmen marco entran en la selecci\u00f3n espa\u00f1ola de Pepe Peir\u00f3<\/strong><strong>&nbsp;<\/strong><\/p>\n\n\n\n<p>La selecci\u00f3n espa\u00f1ola que acudir\u00e1 al Campeonato del Mundo de Eugene (Oregon), en Estados Unidos, del 15 al 24 de julio, contar\u00e1 con siete atletas de la Comunitat Valenciana: Quique Llopis (110 metros vallas), V\u00edctor Ruiz (3.000 m obst\u00e1culos), Eusebio C\u00e1ceres (longitud), Pablo Torrijos (triple salto), F\u00e1tima Diame (longitud), Claudia Conte (heptatl\u00f3n) y Carmen Marco (4&#215;100).<\/p>\n\n\n\n<p><\/p>\n<script>function PlayerjsAsync(){} if(window[\"Playerjs\"]){PlayerjsAsync();}<\/script>","protected":false},"excerpt":{"rendered":"<p>Eusebio C\u00e1ceres va a por su quinto Mundial. El saltador de Onil ya estuvo en las ediciones de 2011, 2013, 2017 y 2019. En dos de ellas acab\u00f3 en puestos de finalista: en Mosc\u00fa 2013, donde termin\u00f3 cuarto, y en Doha 2019, donde finaliz\u00f3 s\u00e9ptimo. Siete valencianos estar\u00e1n en el ...<\/p>\n","protected":false},"author":2,"featured_media":6725,"comment_status":"closed","ping_status":"closed","sticky":false,"template":"","format":"standard","meta":{"_monsterinsights_skip_tracking":false,"_monsterinsights_sitenote_active":false,"_monsterinsights_sitenote_note":"","_monsterinsights_sitenote_category":0,"footnotes":""},"categories":[4],"tags":[139,152],"class_list":["post-6724","post","type-post","status-publish","format-standard","has-post-thumbnail","hentry","category-alicante","tag-atletismo","tag-eusebio-caceres-2"],"aioseo_notices":[],"_links":{"self":[{"href":"https:\/\/www.lafresca.fm\/fresca-api-json\/wp\/v2\/posts\/6724","targetHints":{"allow":["GET"]}}],"collection":[{"href":"https:\/\/www.lafresca.fm\/fresca-api-json\/wp\/v2\/posts"}],"about":[{"href":"https:\/\/www.lafresca.fm\/fresca-api-json\/wp\/v2\/types\/post"}],"author":[{"embeddable":true,"href":"https:\/\/www.lafresca.fm\/fresca-api-json\/wp\/v2\/users\/2"}],"replies":[{"embeddable":true,"href":"https:\/\/www.lafresca.fm\/fresca-api-json\/wp\/v2\/comments?post=6724"}],"version-history":[{"count":2,"href":"https:\/\/www.lafresca.fm\/fresca-api-json\/wp\/v2\/posts\/6724\/revisions"}],"predecessor-version":[{"id":6728,"href":"https:\/\/www.lafresca.fm\/fresca-api-json\/wp\/v2\/posts\/6724\/revisions\/6728"}],"wp:featuredmedia":[{"embeddable":true,"href":"https:\/\/www.lafresca.fm\/fresca-api-json\/wp\/v2\/media\/6725"}],"wp:attachment":[{"href":"https:\/\/www.lafresca.fm\/fresca-api-json\/wp\/v2\/media?parent=6724"}],"wp:term":[{"taxonomy":"category","embeddable":true,"href":"https:\/\/www.lafresca.fm\/fresca-api-json\/wp\/v2\/categories?post=6724"},{"taxonomy":"post_tag","embeddable":true,"href":"https:\/\/www.lafresca.fm\/fresca-api-json\/wp\/v2\/tags?post=6724"}],"curies":[{"name":"wp","href":"https:\/\/api.w.org\/{rel}","templated":true}]}}