{"id":6749,"date":"2022-07-05T10:28:17","date_gmt":"2022-07-05T08:28:17","guid":{"rendered":"https:\/\/www.lafresca.fm\/?p=6749"},"modified":"2022-07-05T10:28:20","modified_gmt":"2022-07-05T08:28:20","slug":"actiu-recibe-el-premio-honorifico-de-innovacion-de-la-asociacion-de-disenadores-de-la-comunitat-valenciana","status":"publish","type":"post","link":"https:\/\/www.lafresca.fm\/actiu-recibe-el-premio-honorifico-de-innovacion-de-la-asociacion-de-disenadores-de-la-comunitat-valenciana\/","title":{"rendered":"ACTIU recibe el Premio Honor\u00edfico de Innovaci\u00f3n de la Asociaci\u00f3n de Dise\u00f1adores de la Comunitat Valenciana"},"content":{"rendered":"\n<p><strong><a href=\"https:\/\/www.actiu.com\/es\/empresa\/nosotros\/\" target=\"_blank\" rel=\"noreferrer noopener\">ACTIU<\/a><\/strong>\u00a0contin\u00faa cosechando reconocimientos a su trayectoria. A finales de mayo recibi\u00f3 el\u00a0<strong>Premio Honor\u00edfico de Innovaci\u00f3n de la Asociaci\u00f3n de Dise\u00f1adores de la Comunitat Valenciana (ADCV)<\/strong>.<em>\u00a0\u00abEs un orgullo para nosotros que sean precisamente los dise\u00f1adores, con su talento creativo y su capacidad para solucionar problemas, quienes reconozcan la labor innovadora de\u00a0<strong><a href=\"https:\/\/www.actiu.com\/es\/empresa\/nosotros\/\" target=\"_blank\" rel=\"noreferrer noopener\">ACTIU<\/a><\/strong>\u00ab<\/em>, expresan desde la firma de Castalla. El galard\u00f3n fue recogido por la consejera y responsable de Reputaci\u00f3n de Marca de\u00a0<strong><a href=\"https:\/\/www.actiu.com\/es\/empresa\/nosotros\/\" target=\"_blank\" rel=\"noreferrer noopener\">ACTIU<\/a><\/strong>,\u00a0<strong>Soledat Berbegal<\/strong>, y\u00a0<strong>Laura Berbegal<\/strong>, responsable de Family Office en\u00a0<strong><a href=\"https:\/\/www.actiu.com\/es\/empresa\/nosotros\/\" target=\"_blank\" rel=\"noreferrer noopener\">ACTIU<\/a><\/strong>.<\/p>\n\n\n\n<figure class=\"wp-block-image size-full is-resized\"><img fetchpriority=\"high\" decoding=\"async\" src=\"https:\/\/www.lafresca.fm\/f-solosog\/2022\/07\/ACTIU-PREMIO-1.jpg\" alt=\"\" class=\"wp-image-6751\" width=\"788\" height=\"525\" srcset=\"https:\/\/www.lafresca.fm\/f-solosog\/2022\/07\/ACTIU-PREMIO-1.jpg 1000w, https:\/\/www.lafresca.fm\/f-solosog\/2022\/07\/ACTIU-PREMIO-1-770x514.jpg 770w, https:\/\/www.lafresca.fm\/f-solosog\/2022\/07\/ACTIU-PREMIO-1-768x512.jpg 768w\" sizes=\"(max-width: 788px) 100vw, 788px\" \/><\/figure>\n\n\n\n<p><em>\u00abPara nuestra familia es un honor recoger este premio a la innovaci\u00f3n de manos de una comunidad a la que admiramos, con la que colaboramos y trabajamos por conseguir que nuestra empresa y la sociedad sean mejores. Hace 54 a\u00f1os nuestro padre, Vicent Berbegal, crey\u00f3 en que el dise\u00f1o podr\u00eda ser la herramienta de crecimiento y diferenciaci\u00f3n de sus primeros productos y su empresa. Y comenz\u00f3 a estudiarlo, y a utilizarlo en su producci\u00f3n, siempre desde la apuesta por su tierra, la sostenibilidad, su gente y respeto al medio ambiente. Mis padres nos han dejado un legado incre\u00edble que nosotros, como segunda generaci\u00f3n, queremos llevar a otra etapa\u00bb<\/em>, destac\u00f3&nbsp;<strong>Soledat Berbegal<\/strong>.<\/p>\n\n\n\n<p>Del mismo modo, Soledat puso en valor que&nbsp;<em>\u00abestamos en un momento hist\u00f3rico para defender el valor del dise\u00f1o, del talento, de los dise\u00f1adores, y de la industria por su capacidad para transformar el d\u00eda a d\u00eda.Y un ejemplo fant\u00e1stico es Val\u00e8ncia capital mundial del dise\u00f1o proyecto en que participamos, disfrutamos y llevamos con orgullo a todo el mundo\u00bb<\/em>.<\/p>\n<script>function PlayerjsAsync(){} if(window[\"Playerjs\"]){PlayerjsAsync();}<\/script>","protected":false},"excerpt":{"rendered":"<p>ACTIU\u00a0contin\u00faa cosechando reconocimientos a su trayectoria. A finales de mayo recibi\u00f3 el\u00a0Premio Honor\u00edfico de Innovaci\u00f3n de la Asociaci\u00f3n de Dise\u00f1adores de la Comunitat Valenciana (ADCV).\u00a0\u00abEs un orgullo para nosotros que sean precisamente los dise\u00f1adores, con su talento creativo y su capacidad para solucionar problemas, quienes reconozcan la labor innovadora de\u00a0ACTIU\u00ab, ...<\/p>\n","protected":false},"author":2,"featured_media":6750,"comment_status":"closed","ping_status":"closed","sticky":false,"template":"","format":"standard","meta":{"_monsterinsights_skip_tracking":false,"_monsterinsights_sitenote_active":false,"_monsterinsights_sitenote_note":"","_monsterinsights_sitenote_category":0,"footnotes":""},"categories":[4],"tags":[156,158],"class_list":["post-6749","post","type-post","status-publish","format-standard","has-post-thumbnail","hentry","category-alicante","tag-actiu","tag-premio"],"aioseo_notices":[],"_links":{"self":[{"href":"https:\/\/www.lafresca.fm\/fresca-api-json\/wp\/v2\/posts\/6749","targetHints":{"allow":["GET"]}}],"collection":[{"href":"https:\/\/www.lafresca.fm\/fresca-api-json\/wp\/v2\/posts"}],"about":[{"href":"https:\/\/www.lafresca.fm\/fresca-api-json\/wp\/v2\/types\/post"}],"author":[{"embeddable":true,"href":"https:\/\/www.lafresca.fm\/fresca-api-json\/wp\/v2\/users\/2"}],"replies":[{"embeddable":true,"href":"https:\/\/www.lafresca.fm\/fresca-api-json\/wp\/v2\/comments?post=6749"}],"version-history":[{"count":1,"href":"https:\/\/www.lafresca.fm\/fresca-api-json\/wp\/v2\/posts\/6749\/revisions"}],"predecessor-version":[{"id":6752,"href":"https:\/\/www.lafresca.fm\/fresca-api-json\/wp\/v2\/posts\/6749\/revisions\/6752"}],"wp:featuredmedia":[{"embeddable":true,"href":"https:\/\/www.lafresca.fm\/fresca-api-json\/wp\/v2\/media\/6750"}],"wp:attachment":[{"href":"https:\/\/www.lafresca.fm\/fresca-api-json\/wp\/v2\/media?parent=6749"}],"wp:term":[{"taxonomy":"category","embeddable":true,"href":"https:\/\/www.lafresca.fm\/fresca-api-json\/wp\/v2\/categories?post=6749"},{"taxonomy":"post_tag","embeddable":true,"href":"https:\/\/www.lafresca.fm\/fresca-api-json\/wp\/v2\/tags?post=6749"}],"curies":[{"name":"wp","href":"https:\/\/api.w.org\/{rel}","templated":true}]}}