{"id":6761,"date":"2022-07-06T10:22:04","date_gmt":"2022-07-06T08:22:04","guid":{"rendered":"https:\/\/www.lafresca.fm\/?p=6761"},"modified":"2022-07-06T10:22:06","modified_gmt":"2022-07-06T08:22:06","slug":"el-recien-nombrado-presidente-de-la-camara-de-comercio-de-alicante-visita-ibi-lafresca","status":"publish","type":"post","link":"https:\/\/www.lafresca.fm\/el-recien-nombrado-presidente-de-la-camara-de-comercio-de-alicante-visita-ibi-lafresca\/","title":{"rendered":"El reci\u00e9n nombrado presidente de la C\u00e1mara de Comercio de Alicante visita Ibi &#8211; laFRESCA"},"content":{"rendered":"\n<p>El pasado viernes, 1 de julio, el reci\u00e9n nombrado presidente de la C\u00e1mara de Comercio de Alicante, Carlos Ba\u00f1o Marhuenda, visitaba Ibi en lo que es una de sus primeras visitas al frente de la instituci\u00f3n alicantina. Rafael Serralta, alcalde de Ibi, lo recibi\u00f3 en el consistorio, donde pudieron conversar y analizar sobre las diferentes v\u00edas de colaboraci\u00f3n entre C\u00e1mara, ayuntamiento y el tejido empresarial para potenciar el emprendimiento y la competitividad de las empresas.<\/p>\n\n\n\n<figure class=\"wp-block-image size-full is-resized\"><img fetchpriority=\"high\" decoding=\"async\" src=\"https:\/\/www.lafresca.fm\/f-solosog\/2022\/07\/Visita_PresidenteCamara01.jpeg\" alt=\"\" class=\"wp-image-6762\" width=\"732\" height=\"549\"\/><\/figure>\n\n\n\n<p>El encuentro dio paso a la visita a las Naves Nido, ubicadas en el Pol\u00edgono Industrial de Ibi, cuya finalidad es la de apoyar el desarrollo de proyectos de emprendedores, con la iniciativa de la C\u00e1mara y el Ayuntamiento de Ibi<\/p>\n<script>function PlayerjsAsync(){} if(window[\"Playerjs\"]){PlayerjsAsync();}<\/script>","protected":false},"excerpt":{"rendered":"<p>El pasado viernes, 1 de julio, el reci\u00e9n nombrado presidente de la C\u00e1mara de Comercio de Alicante, Carlos Ba\u00f1o Marhuenda, visitaba Ibi en lo que es una de sus primeras visitas al frente de la instituci\u00f3n alicantina. Rafael Serralta, alcalde de Ibi, lo recibi\u00f3 en el consistorio, donde pudieron conversar ...<\/p>\n","protected":false},"author":2,"featured_media":6762,"comment_status":"closed","ping_status":"closed","sticky":false,"template":"","format":"standard","meta":{"_monsterinsights_skip_tracking":false,"_monsterinsights_sitenote_active":false,"_monsterinsights_sitenote_note":"","_monsterinsights_sitenote_category":0,"footnotes":""},"categories":[4],"tags":[131,161,128],"class_list":["post-6761","post","type-post","status-publish","format-standard","has-post-thumbnail","hentry","category-alicante","tag-ayuntamiento-ibi","tag-camara-de-comercio-alicante","tag-ibi"],"aioseo_notices":[],"_links":{"self":[{"href":"https:\/\/www.lafresca.fm\/fresca-api-json\/wp\/v2\/posts\/6761","targetHints":{"allow":["GET"]}}],"collection":[{"href":"https:\/\/www.lafresca.fm\/fresca-api-json\/wp\/v2\/posts"}],"about":[{"href":"https:\/\/www.lafresca.fm\/fresca-api-json\/wp\/v2\/types\/post"}],"author":[{"embeddable":true,"href":"https:\/\/www.lafresca.fm\/fresca-api-json\/wp\/v2\/users\/2"}],"replies":[{"embeddable":true,"href":"https:\/\/www.lafresca.fm\/fresca-api-json\/wp\/v2\/comments?post=6761"}],"version-history":[{"count":1,"href":"https:\/\/www.lafresca.fm\/fresca-api-json\/wp\/v2\/posts\/6761\/revisions"}],"predecessor-version":[{"id":6763,"href":"https:\/\/www.lafresca.fm\/fresca-api-json\/wp\/v2\/posts\/6761\/revisions\/6763"}],"wp:featuredmedia":[{"embeddable":true,"href":"https:\/\/www.lafresca.fm\/fresca-api-json\/wp\/v2\/media\/6762"}],"wp:attachment":[{"href":"https:\/\/www.lafresca.fm\/fresca-api-json\/wp\/v2\/media?parent=6761"}],"wp:term":[{"taxonomy":"category","embeddable":true,"href":"https:\/\/www.lafresca.fm\/fresca-api-json\/wp\/v2\/categories?post=6761"},{"taxonomy":"post_tag","embeddable":true,"href":"https:\/\/www.lafresca.fm\/fresca-api-json\/wp\/v2\/tags?post=6761"}],"curies":[{"name":"wp","href":"https:\/\/api.w.org\/{rel}","templated":true}]}}