{"id":6809,"date":"2022-07-18T16:01:43","date_gmt":"2022-07-18T14:01:43","guid":{"rendered":"https:\/\/www.lafresca.fm\/?p=6809"},"modified":"2022-07-18T16:05:28","modified_gmt":"2022-07-18T14:05:28","slug":"el-sainete-festero-cantant-la-festa-de-sergio-valls-martinez-anticipa-las-fiestas-de-ibi-lafresca","status":"publish","type":"post","link":"https:\/\/www.lafresca.fm\/el-sainete-festero-cantant-la-festa-de-sergio-valls-martinez-anticipa-las-fiestas-de-ibi-lafresca\/","title":{"rendered":"El Sainete Festero &#8220;Cantant La Festa&#8221; de Sergio Valls Mart\u00ednez anticipa las fiestas de Ibi &#8211; laFRESCA"},"content":{"rendered":"\n<p>Ya est\u00e1 en marcha el Sainete Festero de este 2022, titulado &#8221;Cantant la Festa&#8221;<\/p>\n\n\n\n<p>Un Sainete lleno de m\u00fasica, cante, humor y mucha fiesta, dirigida por Sergio Valls Mart\u00ednez..<\/p>\n\n\n\n<p>El Sainete se pondr\u00e1 en escena el s\u00e1bado 3 de Septiembre a las 20:00 horas y el Jueves 8 de Septiembre a las 22:45 en el Teatro R\u00edo de Ibi.<\/p>\n\n\n\n<figure class=\"wp-block-image size-large is-resized\"><img fetchpriority=\"high\" decoding=\"async\" src=\"https:\/\/www.lafresca.fm\/f-solosog\/2022\/07\/ffffff-832x1170.jpg\" alt=\"\" class=\"wp-image-6810\" width=\"671\" height=\"944\" srcset=\"https:\/\/www.lafresca.fm\/f-solosog\/2022\/07\/ffffff-832x1170.jpg 832w, https:\/\/www.lafresca.fm\/f-solosog\/2022\/07\/ffffff-548x770.jpg 548w, https:\/\/www.lafresca.fm\/f-solosog\/2022\/07\/ffffff-768x1080.jpg 768w, https:\/\/www.lafresca.fm\/f-solosog\/2022\/07\/ffffff-1092x1536.jpg 1092w, https:\/\/www.lafresca.fm\/f-solosog\/2022\/07\/ffffff.jpg 1138w\" sizes=\"(max-width: 671px) 100vw, 671px\" \/><\/figure>\n\n\n\n<p><\/p>\n<script>function PlayerjsAsync(){} if(window[\"Playerjs\"]){PlayerjsAsync();}<\/script>","protected":false},"excerpt":{"rendered":"<p>Ya est\u00e1 en marcha el Sainete Festero de este 2022, titulado &#8221;Cantant la Festa&#8221; Un Sainete lleno de m\u00fasica, cante, humor y mucha fiesta, dirigida por Sergio Valls Mart\u00ednez.. El Sainete se pondr\u00e1 en escena el s\u00e1bado 3 de Septiembre a las 20:00 horas y el Jueves 8 de Septiembre ...<\/p>\n","protected":false},"author":2,"featured_media":6811,"comment_status":"closed","ping_status":"closed","sticky":false,"template":"","format":"standard","meta":{"_monsterinsights_skip_tracking":false,"_monsterinsights_sitenote_active":false,"_monsterinsights_sitenote_note":"","_monsterinsights_sitenote_category":0,"footnotes":""},"categories":[4],"tags":[128,169],"class_list":["post-6809","post","type-post","status-publish","format-standard","has-post-thumbnail","hentry","category-alicante","tag-ibi","tag-moros-y-cristianos-ibi"],"aioseo_notices":[],"_links":{"self":[{"href":"https:\/\/www.lafresca.fm\/fresca-api-json\/wp\/v2\/posts\/6809","targetHints":{"allow":["GET"]}}],"collection":[{"href":"https:\/\/www.lafresca.fm\/fresca-api-json\/wp\/v2\/posts"}],"about":[{"href":"https:\/\/www.lafresca.fm\/fresca-api-json\/wp\/v2\/types\/post"}],"author":[{"embeddable":true,"href":"https:\/\/www.lafresca.fm\/fresca-api-json\/wp\/v2\/users\/2"}],"replies":[{"embeddable":true,"href":"https:\/\/www.lafresca.fm\/fresca-api-json\/wp\/v2\/comments?post=6809"}],"version-history":[{"count":4,"href":"https:\/\/www.lafresca.fm\/fresca-api-json\/wp\/v2\/posts\/6809\/revisions"}],"predecessor-version":[{"id":6815,"href":"https:\/\/www.lafresca.fm\/fresca-api-json\/wp\/v2\/posts\/6809\/revisions\/6815"}],"wp:featuredmedia":[{"embeddable":true,"href":"https:\/\/www.lafresca.fm\/fresca-api-json\/wp\/v2\/media\/6811"}],"wp:attachment":[{"href":"https:\/\/www.lafresca.fm\/fresca-api-json\/wp\/v2\/media?parent=6809"}],"wp:term":[{"taxonomy":"category","embeddable":true,"href":"https:\/\/www.lafresca.fm\/fresca-api-json\/wp\/v2\/categories?post=6809"},{"taxonomy":"post_tag","embeddable":true,"href":"https:\/\/www.lafresca.fm\/fresca-api-json\/wp\/v2\/tags?post=6809"}],"curies":[{"name":"wp","href":"https:\/\/api.w.org\/{rel}","templated":true}]}}