{"id":6816,"date":"2022-07-19T15:08:09","date_gmt":"2022-07-19T13:08:09","guid":{"rendered":"https:\/\/www.lafresca.fm\/?p=6816"},"modified":"2022-07-19T15:08:11","modified_gmt":"2022-07-19T13:08:11","slug":"la-alcaldesa-de-biar-entrega-las-llaves-del-archivo-a-jose-maestre-lafresca","status":"publish","type":"post","link":"https:\/\/www.lafresca.fm\/la-alcaldesa-de-biar-entrega-las-llaves-del-archivo-a-jose-maestre-lafresca\/","title":{"rendered":"La alcaldesa de Biar entrega las llaves del archivo a Jos\u00e9 Maestre &#8211; laFRESCA"},"content":{"rendered":"\n<p>El nuevo archivero, ceramista y licenciado en Historia, recoge el testigo de Crist\u00f3bal Pay\u00e1<\/p>\n\n\n\n<p>La alcaldesa de Biar, Magdalena Mart\u00ednez, ha entregado al nuevo archivero, Jos\u00e9 Maestre, las llaves del archivo. As\u00ed, la primera autoridad de Biar le ha confiado al ceramista uno de los legados m\u00e1s importantes y ricos del municipio. Maestre recoge el testigo de Crist\u00f3bal Pay\u00e1, que estuvo al frente del registro municipal durante d\u00e9cadas y hasta su fallecimiento.<\/p>\n\n\n\n<figure class=\"wp-block-image size-large\"><img fetchpriority=\"high\" decoding=\"async\" width=\"1170\" height=\"878\" src=\"https:\/\/www.lafresca.fm\/f-solosog\/2022\/07\/La-alcaldesa-entrega-las-llaves-1170x878.jpg\" alt=\"\" class=\"wp-image-6817\" srcset=\"https:\/\/www.lafresca.fm\/f-solosog\/2022\/07\/La-alcaldesa-entrega-las-llaves-1170x878.jpg 1170w, https:\/\/www.lafresca.fm\/f-solosog\/2022\/07\/La-alcaldesa-entrega-las-llaves-770x578.jpg 770w, https:\/\/www.lafresca.fm\/f-solosog\/2022\/07\/La-alcaldesa-entrega-las-llaves-768x576.jpg 768w, https:\/\/www.lafresca.fm\/f-solosog\/2022\/07\/La-alcaldesa-entrega-las-llaves-1536x1152.jpg 1536w, https:\/\/www.lafresca.fm\/f-solosog\/2022\/07\/La-alcaldesa-entrega-las-llaves-2048x1536.jpg 2048w\" sizes=\"(max-width: 1170px) 100vw, 1170px\" \/><\/figure>\n\n\n\n<p>La primera edil nombr\u00f3 archivero municipal a Jos\u00e9 Maestre en el pasado pleno y de \u00e9l destac\u00f3 su formaci\u00f3n como licenciado en Historia y los trabajos que realiz\u00f3 con Crist\u00f3bal Pay\u00e1, siguiendo el rastro de la tradici\u00f3n ceramista de Biar. En este sentido, Maestre ha subrayado que \u201cen los \u00faltimos cuatro a\u00f1os he realizado trabajos sobre la historia de la cer\u00e1mica de Biar, que es muy oficio. Al quedar vacante el puesto de archivero, la alcaldesa me propuso ocuparlo y me pareci\u00f3 interesante, me atrae, me gusta\u201d.<\/p>\n\n\n\n<p>Jos\u00e9 Pay\u00e1, al recoger las llaves, ha adelantado algunos proyectos que tiene en mente y los primeros trabajos que debe afrontar. \u201cCreo que el archivo est\u00e1 digitalizado en parte, no al completo, y uno de los objetivos es terminar esta labor. Tambi\u00e9n debemos evaluar si todas las condiciones de seguridad y de conservaci\u00f3n son las adecuadas, despu\u00e9s de permanecer un a\u00f1o cerrado\u201d, ha subrayado<\/p>\n\n\n\n<p>Adem\u00e1s, otro de los proyectos que quiere llevar adelante es institucionalizar una visita anual del colegio y el instituto al archivo para que vean la gran riqueza documental del municipio.<\/p>\n<script>function PlayerjsAsync(){} if(window[\"Playerjs\"]){PlayerjsAsync();}<\/script>","protected":false},"excerpt":{"rendered":"<p>El nuevo archivero, ceramista y licenciado en Historia, recoge el testigo de Crist\u00f3bal Pay\u00e1 La alcaldesa de Biar, Magdalena Mart\u00ednez, ha entregado al nuevo archivero, Jos\u00e9 Maestre, las llaves del archivo. As\u00ed, la primera autoridad de Biar le ha confiado al ceramista uno de los legados m\u00e1s importantes y ricos ...<\/p>\n","protected":false},"author":2,"featured_media":6817,"comment_status":"closed","ping_status":"closed","sticky":false,"template":"","format":"standard","meta":{"_monsterinsights_skip_tracking":false,"_monsterinsights_sitenote_active":false,"_monsterinsights_sitenote_note":"","_monsterinsights_sitenote_category":0,"footnotes":""},"categories":[4],"tags":[146],"class_list":["post-6816","post","type-post","status-publish","format-standard","has-post-thumbnail","hentry","category-alicante","tag-biar"],"aioseo_notices":[],"_links":{"self":[{"href":"https:\/\/www.lafresca.fm\/fresca-api-json\/wp\/v2\/posts\/6816","targetHints":{"allow":["GET"]}}],"collection":[{"href":"https:\/\/www.lafresca.fm\/fresca-api-json\/wp\/v2\/posts"}],"about":[{"href":"https:\/\/www.lafresca.fm\/fresca-api-json\/wp\/v2\/types\/post"}],"author":[{"embeddable":true,"href":"https:\/\/www.lafresca.fm\/fresca-api-json\/wp\/v2\/users\/2"}],"replies":[{"embeddable":true,"href":"https:\/\/www.lafresca.fm\/fresca-api-json\/wp\/v2\/comments?post=6816"}],"version-history":[{"count":1,"href":"https:\/\/www.lafresca.fm\/fresca-api-json\/wp\/v2\/posts\/6816\/revisions"}],"predecessor-version":[{"id":6818,"href":"https:\/\/www.lafresca.fm\/fresca-api-json\/wp\/v2\/posts\/6816\/revisions\/6818"}],"wp:featuredmedia":[{"embeddable":true,"href":"https:\/\/www.lafresca.fm\/fresca-api-json\/wp\/v2\/media\/6817"}],"wp:attachment":[{"href":"https:\/\/www.lafresca.fm\/fresca-api-json\/wp\/v2\/media?parent=6816"}],"wp:term":[{"taxonomy":"category","embeddable":true,"href":"https:\/\/www.lafresca.fm\/fresca-api-json\/wp\/v2\/categories?post=6816"},{"taxonomy":"post_tag","embeddable":true,"href":"https:\/\/www.lafresca.fm\/fresca-api-json\/wp\/v2\/tags?post=6816"}],"curies":[{"name":"wp","href":"https:\/\/api.w.org\/{rel}","templated":true}]}}