{"id":6859,"date":"2022-07-25T13:03:44","date_gmt":"2022-07-25T11:03:44","guid":{"rendered":"https:\/\/www.lafresca.fm\/?p=6859"},"modified":"2022-07-25T13:41:24","modified_gmt":"2022-07-25T11:41:24","slug":"tibi-sufre-un-incendio-forestal-proximo-a-urbanizaciones-lafresca","status":"publish","type":"post","link":"https:\/\/www.lafresca.fm\/tibi-sufre-un-incendio-forestal-proximo-a-urbanizaciones-lafresca\/","title":{"rendered":"Tibi sufri\u00f3 el s\u00e1bado un incendio en una zona de cultivo pr\u00f3xima al casco urbano  -laFRESCA"},"content":{"rendered":"\n<p><a href=\"https:\/\/www.facebook.com\/sharer\/sharer.php?u=https:\/\/www.lavanguardia.com\/vida\/20220723\/8428029\/controlado-incendio-forestal-proximo-urbanizaciones-tibi-alicante.html\" target=\"_blank\" rel=\"noreferrer noopener\"><\/a><a href=\"https:\/\/twitter.com\/intent\/tweet?text=Controlado%20un%20incendio%20forestal%20pr%C3%B3ximo%20a%20urbanizaciones%20en%20Tibi%20(Alicante)&amp;url=https:\/\/www.lavanguardia.com\/vida\/20220723\/8428029\/controlado-incendio-forestal-proximo-urbanizaciones-tibi-alicante.html\" target=\"_blank\" rel=\"noreferrer noopener\"><\/a>Los bomberos han dado por controlado un incendio en una zona de cultivo cercana al casco urbano registrado sobre las 14.30 horas en una zona de vegetaci\u00f3n y bancales. Un fuego que obligaba a activar el Plan Especial Frente al Riesgo de Incendios Forestales (PEIF), seg\u00fan ha informado el Consorcio de Bomberos de Alicante.<\/p>\n\n\n\n<p>Los servicios de Emergencias controlaban el avance de las llamas y no habido que llevar a cabo evacuaciones de viviendas ni se produjeron da\u00f1os personales, seg\u00fan las mismas fuentes.<\/p>\n\n\n\n<figure class=\"wp-block-image size-large is-resized\"><img fetchpriority=\"high\" decoding=\"async\" src=\"https:\/\/www.lafresca.fm\/f-solosog\/2022\/07\/294691193_412421947587166_5717531133911047417_n-1170x732.jpg\" alt=\"\" class=\"wp-image-6860\" width=\"808\" height=\"505\" srcset=\"https:\/\/www.lafresca.fm\/f-solosog\/2022\/07\/294691193_412421947587166_5717531133911047417_n-1170x732.jpg 1170w, https:\/\/www.lafresca.fm\/f-solosog\/2022\/07\/294691193_412421947587166_5717531133911047417_n-770x482.jpg 770w, https:\/\/www.lafresca.fm\/f-solosog\/2022\/07\/294691193_412421947587166_5717531133911047417_n-768x480.jpg 768w, https:\/\/www.lafresca.fm\/f-solosog\/2022\/07\/294691193_412421947587166_5717531133911047417_n-1536x961.jpg 1536w, https:\/\/www.lafresca.fm\/f-solosog\/2022\/07\/294691193_412421947587166_5717531133911047417_n.jpg 2048w\" sizes=\"(max-width: 808px) 100vw, 808px\" \/><\/figure>\n\n\n\n<p>El incendio se originaba en torno a las 14.30 horas entre la Avenida de les Llometes y la rotonda de entrada a Tibi.<\/p>\n\n\n\n<p>Al lugar se desplazaba una unidad de mando de jefatura, una bomba nodriza ligera, dos bombas rurales pesadas, otras dos unidades de bomberos forestales con sus autobombas y dos helic\u00f3pteros Alpha, que en total han movilizado a m\u00e1s de una decena de efectivos de los parques de Ibi, Cocentaina y San Vicente del Raspeig.<\/p>\n\n\n\n<p>La dotaci\u00f3n antiincendios declaraba el incendio bajo control unas dos horas despu\u00e9s de que comenzara su intervenci\u00f3n, a las 16.30 horas, han explicado desde el Consorcio.<\/p>\n\n\n\n<p><\/p>\n<script>function PlayerjsAsync(){} if(window[\"Playerjs\"]){PlayerjsAsync();}<\/script>","protected":false},"excerpt":{"rendered":"<p>Los bomberos han dado por controlado un incendio en una zona de cultivo cercana al casco urbano registrado sobre las 14.30 horas en una zona de vegetaci\u00f3n y bancales. Un fuego que obligaba a activar el Plan Especial Frente al Riesgo de Incendios Forestales (PEIF), seg\u00fan ha informado el Consorcio ...<\/p>\n","protected":false},"author":2,"featured_media":6860,"comment_status":"closed","ping_status":"closed","sticky":false,"template":"","format":"standard","meta":{"_monsterinsights_skip_tracking":false,"_monsterinsights_sitenote_active":false,"_monsterinsights_sitenote_note":"","_monsterinsights_sitenote_category":0,"footnotes":""},"categories":[4],"tags":[175,170],"class_list":["post-6859","post","type-post","status-publish","format-standard","has-post-thumbnail","hentry","category-alicante","tag-incendio-tibi","tag-tibi"],"aioseo_notices":[],"_links":{"self":[{"href":"https:\/\/www.lafresca.fm\/fresca-api-json\/wp\/v2\/posts\/6859","targetHints":{"allow":["GET"]}}],"collection":[{"href":"https:\/\/www.lafresca.fm\/fresca-api-json\/wp\/v2\/posts"}],"about":[{"href":"https:\/\/www.lafresca.fm\/fresca-api-json\/wp\/v2\/types\/post"}],"author":[{"embeddable":true,"href":"https:\/\/www.lafresca.fm\/fresca-api-json\/wp\/v2\/users\/2"}],"replies":[{"embeddable":true,"href":"https:\/\/www.lafresca.fm\/fresca-api-json\/wp\/v2\/comments?post=6859"}],"version-history":[{"count":5,"href":"https:\/\/www.lafresca.fm\/fresca-api-json\/wp\/v2\/posts\/6859\/revisions"}],"predecessor-version":[{"id":6867,"href":"https:\/\/www.lafresca.fm\/fresca-api-json\/wp\/v2\/posts\/6859\/revisions\/6867"}],"wp:featuredmedia":[{"embeddable":true,"href":"https:\/\/www.lafresca.fm\/fresca-api-json\/wp\/v2\/media\/6860"}],"wp:attachment":[{"href":"https:\/\/www.lafresca.fm\/fresca-api-json\/wp\/v2\/media?parent=6859"}],"wp:term":[{"taxonomy":"category","embeddable":true,"href":"https:\/\/www.lafresca.fm\/fresca-api-json\/wp\/v2\/categories?post=6859"},{"taxonomy":"post_tag","embeddable":true,"href":"https:\/\/www.lafresca.fm\/fresca-api-json\/wp\/v2\/tags?post=6859"}],"curies":[{"name":"wp","href":"https:\/\/api.w.org\/{rel}","templated":true}]}}