{"id":6937,"date":"2022-08-12T14:36:30","date_gmt":"2022-08-12T12:36:30","guid":{"rendered":"https:\/\/www.lafresca.fm\/?p=6937"},"modified":"2022-08-12T14:42:10","modified_gmt":"2022-08-12T12:42:10","slug":"el-guitarrista-jonathan-esteve-primer-premio-del-concurso-internacional-golden-classical-music-award-de-nueva-york-lafresca","status":"publish","type":"post","link":"https:\/\/www.lafresca.fm\/el-guitarrista-jonathan-esteve-primer-premio-del-concurso-internacional-golden-classical-music-award-de-nueva-york-lafresca\/","title":{"rendered":"El guitarrista Jonathan Esteve, primer premio del Concurso Internacional &#8220;Golden Classical Music Award&#8221; de Nueva York -laFRESCA"},"content":{"rendered":"\n<p><\/p>\n\n\n\n<p>Jonathan particip\u00f3 en su primer concurso de guitarra cuando s\u00f3lo ten\u00eda 12 a\u00f1os y desde entonces ha ganado diferentes premios nacionales e internacionales.<\/p>\n\n\n\n<figure class=\"wp-block-image size-full is-resized\"><img fetchpriority=\"high\" decoding=\"async\" src=\"https:\/\/www.lafresca.fm\/f-solosog\/2022\/08\/jona.jpg\" alt=\"\" class=\"wp-image-6938\" width=\"770\" height=\"578\"\/><\/figure>\n\n\n\n<p>Esta prestigiosa competici\u00f3n que se celebra anualmente de forma online, cuenta con distintas categor\u00edas abiertas a todos los instrumentos y m\u00fasicos de diferentes nacionalidades y pa\u00edses<\/p>\n\n\n\n<p>Este nuevo premio le abre las puertas del Carnegie Hall de Nueva York el pr\u00f3ximo a\u00f1o.<\/p>\n\n\n\n<p>Enhorabuena Jonathan&nbsp;<img decoding=\"async\" height=\"16\" width=\"16\" alt=\"\ud83d\udcaf\" src=\"https:\/\/static.xx.fbcdn.net\/images\/emoji.php\/v9\/tf1\/1\/16\/1f4af.png\"><\/p>\n<script>function PlayerjsAsync(){} if(window[\"Playerjs\"]){PlayerjsAsync();}<\/script>","protected":false},"excerpt":{"rendered":"<p>Jonathan particip\u00f3 en su primer concurso de guitarra cuando s\u00f3lo ten\u00eda 12 a\u00f1os y desde entonces ha ganado diferentes premios nacionales e internacionales. Esta prestigiosa competici\u00f3n que se celebra anualmente de forma online, cuenta con distintas categor\u00edas abiertas a todos los instrumentos y m\u00fasicos de diferentes nacionalidades y pa\u00edses Este ...<\/p>\n","protected":false},"author":2,"featured_media":6941,"comment_status":"closed","ping_status":"closed","sticky":false,"template":"","format":"standard","meta":{"_monsterinsights_skip_tracking":false,"_monsterinsights_sitenote_active":false,"_monsterinsights_sitenote_note":"","_monsterinsights_sitenote_category":0,"footnotes":""},"categories":[4],"tags":[144,191],"class_list":["post-6937","post","type-post","status-publish","format-standard","has-post-thumbnail","hentry","category-alicante","tag-castalla","tag-jonathan-esteve"],"aioseo_notices":[],"_links":{"self":[{"href":"https:\/\/www.lafresca.fm\/fresca-api-json\/wp\/v2\/posts\/6937","targetHints":{"allow":["GET"]}}],"collection":[{"href":"https:\/\/www.lafresca.fm\/fresca-api-json\/wp\/v2\/posts"}],"about":[{"href":"https:\/\/www.lafresca.fm\/fresca-api-json\/wp\/v2\/types\/post"}],"author":[{"embeddable":true,"href":"https:\/\/www.lafresca.fm\/fresca-api-json\/wp\/v2\/users\/2"}],"replies":[{"embeddable":true,"href":"https:\/\/www.lafresca.fm\/fresca-api-json\/wp\/v2\/comments?post=6937"}],"version-history":[{"count":3,"href":"https:\/\/www.lafresca.fm\/fresca-api-json\/wp\/v2\/posts\/6937\/revisions"}],"predecessor-version":[{"id":6943,"href":"https:\/\/www.lafresca.fm\/fresca-api-json\/wp\/v2\/posts\/6937\/revisions\/6943"}],"wp:featuredmedia":[{"embeddable":true,"href":"https:\/\/www.lafresca.fm\/fresca-api-json\/wp\/v2\/media\/6941"}],"wp:attachment":[{"href":"https:\/\/www.lafresca.fm\/fresca-api-json\/wp\/v2\/media?parent=6937"}],"wp:term":[{"taxonomy":"category","embeddable":true,"href":"https:\/\/www.lafresca.fm\/fresca-api-json\/wp\/v2\/categories?post=6937"},{"taxonomy":"post_tag","embeddable":true,"href":"https:\/\/www.lafresca.fm\/fresca-api-json\/wp\/v2\/tags?post=6937"}],"curies":[{"name":"wp","href":"https:\/\/api.w.org\/{rel}","templated":true}]}}