{"id":6969,"date":"2022-08-19T11:39:41","date_gmt":"2022-08-19T09:39:41","guid":{"rendered":"https:\/\/www.lafresca.fm\/?p=6969"},"modified":"2022-08-19T11:39:42","modified_gmt":"2022-08-19T09:39:42","slug":"asun-vera-edil-en-el-ayuntamiento-de-castalla-deja-el-equipo-de-gobierno-y-se-pasa-al-grupo-mixto-lafresca","status":"publish","type":"post","link":"https:\/\/www.lafresca.fm\/asun-vera-edil-en-el-ayuntamiento-de-castalla-deja-el-equipo-de-gobierno-y-se-pasa-al-grupo-mixto-lafresca\/","title":{"rendered":"Asun Vera edil en el ayuntamiento de Castalla deja el equipo de gobierno y se pasa al grupo Mixto -laFRESCA"},"content":{"rendered":"\n<p>Asun Vera, registra su pase al Grupo Mixto en el ayuntamiento de la ciudad de Castalla, manteniendo su acta de Concejala.<\/p>\n\n\n\n<p>La dimisi\u00f3n de Vera se suma a la de Noelia \u00c1lvarez Leal que dejaba su cargo de delegada de Fiestas, Promoci\u00f3n Econ\u00f3mica y Tradiciones del Ayuntamiento de Castalla a principios de Agosto.<\/p>\n\n\n\n<p>Comunicado de Asun Vera: <\/p>\n\n\n\n<p>En julio de 2019, entr\u00e9 a formar parte del Equipo de Gobierno del Ayuntamiento de Castalla.<\/p>\n\n\n\n<p>Uno de los motivos que me impuls\u00f3 a ser Concejala, era el de contribuir con mi trabajo a mejorar el pueblo de Castalla, y con ello, el bienestar de la ciudadan\u00eda.<\/p>\n\n\n\n<p>En estos tres a\u00f1os, como Concejala del Ayuntamiento de Castalla, he visto y sentido, como desde una parte del Equipo de gobierno, se ha estado dificultando mi labor, poniendo trabas a mi trabajo como Concejala.<\/p>\n\n\n\n<p>Todo esto, unido a las presiones que he recibido por parte de algunos Concejales, la falta de participaci\u00f3n en las decisiones tomadas, la falta de transparencia y la total inexistencia de comunicaci\u00f3n en el Equipo de Gobierno actual, son los motivos que me han llevado a tomar la decisi\u00f3n de pasarme al Grupo Mixto del Ayuntamiento de Castalla, manteniendo el Acta como Concejal en este grupo mixto.<\/p>\n\n\n\n<p>No puedo dejar de agradecer a los ciudadanos de Castalla, la confianza que me dieron, y que espero seguir contando con todos, en esta nueva etapa que surge ahora.<\/p>\n\n\n\n<p>Agradecer el trabajo de todos los funcionarios del Ayuntamiento y el trato que siempre he recibido por parte de ellos y que espero que comprendan esta nueva situaci\u00f3n y podamos seguir trabajando, de otra forma, ya que seguir\u00e9 como Concejal.<\/p>\n<script>function PlayerjsAsync(){} if(window[\"Playerjs\"]){PlayerjsAsync();}<\/script>","protected":false},"excerpt":{"rendered":"<p>Asun Vera, registra su pase al Grupo Mixto en el ayuntamiento de la ciudad de Castalla, manteniendo su acta de Concejala. La dimisi\u00f3n de Vera se suma a la de Noelia \u00c1lvarez Leal que dejaba su cargo de delegada de Fiestas, Promoci\u00f3n Econ\u00f3mica y Tradiciones del Ayuntamiento de Castalla a ...<\/p>\n","protected":false},"author":2,"featured_media":6970,"comment_status":"closed","ping_status":"closed","sticky":false,"template":"","format":"standard","meta":{"_monsterinsights_skip_tracking":false,"_monsterinsights_sitenote_active":false,"_monsterinsights_sitenote_note":"","_monsterinsights_sitenote_category":0,"footnotes":""},"categories":[4],"tags":[194,144],"class_list":["post-6969","post","type-post","status-publish","format-standard","has-post-thumbnail","hentry","category-alicante","tag-ayuntamiento-de-castalla","tag-castalla"],"aioseo_notices":[],"_links":{"self":[{"href":"https:\/\/www.lafresca.fm\/fresca-api-json\/wp\/v2\/posts\/6969","targetHints":{"allow":["GET"]}}],"collection":[{"href":"https:\/\/www.lafresca.fm\/fresca-api-json\/wp\/v2\/posts"}],"about":[{"href":"https:\/\/www.lafresca.fm\/fresca-api-json\/wp\/v2\/types\/post"}],"author":[{"embeddable":true,"href":"https:\/\/www.lafresca.fm\/fresca-api-json\/wp\/v2\/users\/2"}],"replies":[{"embeddable":true,"href":"https:\/\/www.lafresca.fm\/fresca-api-json\/wp\/v2\/comments?post=6969"}],"version-history":[{"count":1,"href":"https:\/\/www.lafresca.fm\/fresca-api-json\/wp\/v2\/posts\/6969\/revisions"}],"predecessor-version":[{"id":6971,"href":"https:\/\/www.lafresca.fm\/fresca-api-json\/wp\/v2\/posts\/6969\/revisions\/6971"}],"wp:featuredmedia":[{"embeddable":true,"href":"https:\/\/www.lafresca.fm\/fresca-api-json\/wp\/v2\/media\/6970"}],"wp:attachment":[{"href":"https:\/\/www.lafresca.fm\/fresca-api-json\/wp\/v2\/media?parent=6969"}],"wp:term":[{"taxonomy":"category","embeddable":true,"href":"https:\/\/www.lafresca.fm\/fresca-api-json\/wp\/v2\/categories?post=6969"},{"taxonomy":"post_tag","embeddable":true,"href":"https:\/\/www.lafresca.fm\/fresca-api-json\/wp\/v2\/tags?post=6969"}],"curies":[{"name":"wp","href":"https:\/\/api.w.org\/{rel}","templated":true}]}}