{"id":6975,"date":"2022-08-22T11:38:36","date_gmt":"2022-08-22T09:38:36","guid":{"rendered":"https:\/\/www.lafresca.fm\/?p=6975"},"modified":"2022-08-22T11:38:38","modified_gmt":"2022-08-22T09:38:38","slug":"ibi-y-castalla-se-beneficiaran-de-las-ayudas-que-la-diputacion-destina-a-la-mejora-de-los-parajes-naturales-lafresca","status":"publish","type":"post","link":"https:\/\/www.lafresca.fm\/ibi-y-castalla-se-beneficiaran-de-las-ayudas-que-la-diputacion-destina-a-la-mejora-de-los-parajes-naturales-lafresca\/","title":{"rendered":"Ibi y Castalla se beneficiar\u00e1n de las ayudas que la diputaci\u00f3n destina a la mejora de los parajes naturales -laFRESCA"},"content":{"rendered":"\n<p>La Diputaci\u00f3n de Alicante destinar\u00e1 este a\u00f1o 310.000 euros para colaborar con los municipios del territorio en la conservaci\u00f3n de sus senderos y en la mejora de sus parajes naturales. La instituci\u00f3n provincial ha dado el visto bueno a la resoluci\u00f3n de estas ayudas que se articulan en torno a dos convocatorias y de las que se beneficiar\u00e1n medio centenar de ayuntamientos, todos los que lo han solicitado.<\/p>\n\n\n\n<p>El diputado de Medio Ambiente y Energ\u00eda, Miguel \u00c1ngel S\u00e1nchez, ha destacado la importancia de este tipo de inversiones, \u201cya que permiten a los consistorios llevar a cabo el mantenimiento y cuidado de sus espacios verdes, algo esencial que repercute directamente en el bienestar y en la mejora de la calidad de vida de sus vecinos\u201d.<\/p>\n\n\n\n<p>Por un lado, la Diputaci\u00f3n subvencionar\u00e1 con 200.000 euros el desarrollo de acciones de conservaci\u00f3n y mejora en los senderos homologados de la provincia. Un total de 38 localidades se beneficiar\u00e1n de este programa, creado por primera vez este a\u00f1o.<\/p>\n\n\n\n<p>Por comarcas, los ayuntamientos de la Marina Alta que recibir\u00e1n subvenci\u00f3n son Benidoleig, Benigembla, Benimeli, Benissa, El Poble Nou de Benitatxell, El Verger, Gata de Gorgos, Ll\u00edber, Orba, Parcent, Teulada y X\u00e0bia, mientras que en la Marina Baixa lo har\u00e1n Orxeta, Sella y T\u00e0rbena.<\/p>\n\n\n\n<p>El reparto tambi\u00e9n llegar\u00e1 a Albatera, Benij\u00f3far, Callosa de Segura, Los Montesinos y Redov\u00e1n, en la Vega Baja, a Agres, Alfafara, Banyeres de Mariola, Castalla, L\u2019Orxa y Muro de Alcoy, en L\u2019Alcoi\u00e0-El Comtat, a Agost, Aig\u00fces y Mutxamel, en L\u2019Alacant\u00ed, y a Algue\u00f1a, Ca\u00f1ada, Elche, Hond\u00f3n de los Frailes, Mon\u00f2ver, Novelda, Petrer, Salinas y Santa Pola, en la zona del Vinalop\u00f3.<\/p>\n\n\n\n<p>Adem\u00e1s, la Diputaci\u00f3n colaborar\u00e1 en la conservaci\u00f3n y mejora de los parajes naturales de Alcoi, Aspe, Callosa de Segura, Castell de Castells, Ibi, Monforte del Cid, Mon\u00f2ver, Muro de Alcoy, Novelda, Petrer, Pilar de la Horadada, Pinoso, Redov\u00e1n, Sax y Xixona a trav\u00e9s de una l\u00ednea de ayudas dotada con 110.000 euros.<\/p>\n<script>function PlayerjsAsync(){} if(window[\"Playerjs\"]){PlayerjsAsync();}<\/script>","protected":false},"excerpt":{"rendered":"<p>La Diputaci\u00f3n de Alicante destinar\u00e1 este a\u00f1o 310.000 euros para colaborar con los municipios del territorio en la conservaci\u00f3n de sus senderos y en la mejora de sus parajes naturales. La instituci\u00f3n provincial ha dado el visto bueno a la resoluci\u00f3n de estas ayudas que se articulan en torno a ...<\/p>\n","protected":false},"author":2,"featured_media":6976,"comment_status":"closed","ping_status":"closed","sticky":false,"template":"","format":"standard","meta":{"_monsterinsights_skip_tracking":false,"_monsterinsights_sitenote_active":false,"_monsterinsights_sitenote_note":"","_monsterinsights_sitenote_category":0,"footnotes":""},"categories":[4],"tags":[144,128,195],"class_list":["post-6975","post","type-post","status-publish","format-standard","has-post-thumbnail","hentry","category-alicante","tag-castalla","tag-ibi","tag-parajes-alicante"],"aioseo_notices":[],"_links":{"self":[{"href":"https:\/\/www.lafresca.fm\/fresca-api-json\/wp\/v2\/posts\/6975","targetHints":{"allow":["GET"]}}],"collection":[{"href":"https:\/\/www.lafresca.fm\/fresca-api-json\/wp\/v2\/posts"}],"about":[{"href":"https:\/\/www.lafresca.fm\/fresca-api-json\/wp\/v2\/types\/post"}],"author":[{"embeddable":true,"href":"https:\/\/www.lafresca.fm\/fresca-api-json\/wp\/v2\/users\/2"}],"replies":[{"embeddable":true,"href":"https:\/\/www.lafresca.fm\/fresca-api-json\/wp\/v2\/comments?post=6975"}],"version-history":[{"count":1,"href":"https:\/\/www.lafresca.fm\/fresca-api-json\/wp\/v2\/posts\/6975\/revisions"}],"predecessor-version":[{"id":6977,"href":"https:\/\/www.lafresca.fm\/fresca-api-json\/wp\/v2\/posts\/6975\/revisions\/6977"}],"wp:featuredmedia":[{"embeddable":true,"href":"https:\/\/www.lafresca.fm\/fresca-api-json\/wp\/v2\/media\/6976"}],"wp:attachment":[{"href":"https:\/\/www.lafresca.fm\/fresca-api-json\/wp\/v2\/media?parent=6975"}],"wp:term":[{"taxonomy":"category","embeddable":true,"href":"https:\/\/www.lafresca.fm\/fresca-api-json\/wp\/v2\/categories?post=6975"},{"taxonomy":"post_tag","embeddable":true,"href":"https:\/\/www.lafresca.fm\/fresca-api-json\/wp\/v2\/tags?post=6975"}],"curies":[{"name":"wp","href":"https:\/\/api.w.org\/{rel}","templated":true}]}}