{"id":6994,"date":"2022-08-23T15:32:45","date_gmt":"2022-08-23T13:32:45","guid":{"rendered":"https:\/\/www.lafresca.fm\/?p=6994"},"modified":"2022-08-23T15:32:47","modified_gmt":"2022-08-23T13:32:47","slug":"ibi-promueve-el-bono-consumo-financiado-por-diputacion-de-alicante-y-el-ayuntamiento-lafresca","status":"publish","type":"post","link":"https:\/\/www.lafresca.fm\/ibi-promueve-el-bono-consumo-financiado-por-diputacion-de-alicante-y-el-ayuntamiento-lafresca\/","title":{"rendered":"Ibi promueve el Bono Consumo financiado por Diputaci\u00f3n de Alicante y el Ayuntamiento -laFRESCA"},"content":{"rendered":"\n<p>La Diputaci\u00f3n de Alicante y la Concejal\u00eda de Comercio del Ayuntamiento promueven el Bono Consumo en Ibi, un bono financiado por la Diputaci\u00f3n de Alicante que subvenciona el 50% de todas las compras que se realicen en los establecimientos adheridos a la campa\u00f1a. Los bonos son de 10 \u20ac, 20 \u20ac y 50 \u20ac, por lo que los consumidores\/as podr\u00e1n adquirir dichos bonos al 50% de su valor nominativo, es decir, por 5 \u20ac, 10 \u20ac y 25 \u20ac respectivamente.<\/p>\n\n\n\n<p>La campa\u00f1a va destinada a los comerciantes, los cuales ser\u00e1n libres de adherirse o no a ella. Por lo que los que tengan un comercio, establecimiento de hosteler\u00eda o empresa de servicios en el t\u00e9rmino municipal de Ibi tendr\u00e1n posibilidad de formar parte de la campa\u00f1a adhiri\u00e9ndose a partir de hoy martes, 23 de agosto, y d\u00e1ndose de alta en www.ibibonoconsumo.es , introduciendo los datos y la documentaci\u00f3n solicitada.<\/p>\n\n\n\n<figure class=\"wp-block-image size-large is-resized\"><img fetchpriority=\"high\" decoding=\"async\" src=\"https:\/\/www.lafresca.fm\/f-solosog\/2022\/08\/C_BONO-IBI-cartel-consumidor-832x1170.jpg\" alt=\"\" class=\"wp-image-6995\" width=\"809\" height=\"1137\" srcset=\"https:\/\/www.lafresca.fm\/f-solosog\/2022\/08\/C_BONO-IBI-cartel-consumidor-832x1170.jpg 832w, https:\/\/www.lafresca.fm\/f-solosog\/2022\/08\/C_BONO-IBI-cartel-consumidor-548x770.jpg 548w, https:\/\/www.lafresca.fm\/f-solosog\/2022\/08\/C_BONO-IBI-cartel-consumidor-768x1080.jpg 768w, https:\/\/www.lafresca.fm\/f-solosog\/2022\/08\/C_BONO-IBI-cartel-consumidor-1093x1536.jpg 1093w, https:\/\/www.lafresca.fm\/f-solosog\/2022\/08\/C_BONO-IBI-cartel-consumidor-1457x2048.jpg 1457w, https:\/\/www.lafresca.fm\/f-solosog\/2022\/08\/C_BONO-IBI-cartel-consumidor-scaled.jpg 1821w\" sizes=\"(max-width: 809px) 100vw, 809px\" \/><\/figure>\n\n\n\n<p>Los vecinos y vecinas de Ibi podr\u00e1n consumir sus bonos en los establecimientos previamente adheridos y as\u00ed contribuir al desarrollo del comercio local y a la econom\u00eda circular, conociendo los servicios y productos que aqu\u00ed se ofrecen y realizando un consumo responsable.<\/p>\n\n\n\n<p>Los consumidores , por otra parte, tendr\u00e1n oportunidad de adquirir sus bonos, del 1 de septiembre al 1 de octubre, accediendo a la web www.ibibonoconsumo.es en el apartado BONOS y rellenando el formulario telem\u00e1tico con todos los datos. Ah\u00ed se elegir\u00e1 el bono o los bonos que m\u00e1s les interesen y realizar\u00e1n el pago seguro obligatoriamente con una tarjeta bancaria, recibiendo a continuaci\u00f3n el bono o los bonos adquiridos en su correo electr\u00f3nico, hasta 100 \u20ac por persona. Se podr\u00e1n imprimir o simplemente presentar a trav\u00e9s del m\u00f3vil en el momento de realizar la compra.<\/p>\n\n\n\n<p>Para aquellas personas con dificultades para la tramitaci\u00f3n online (mayores de 50 a\u00f1os o con diversidad funcional) que deseen hacerlo de manera presencial, podr\u00e1n solicitar sus bonos el 6 y 7 de septiembre, de 10:00 h a 14:00 h, en el Centro de Atenci\u00f3n a Visitantes, junto a la Oficina de Turismo (plaza Centenario del Juguete s\/n).<\/p>\n\n\n\n<p>Los establecimiento participantes se podr\u00e1n consultar en www.ibibonoconsumo.es y la campa\u00f1a estar\u00e1 vigente del 1 de septiembre al 15 de octubre de 2022.<\/p>\n<script>function PlayerjsAsync(){} if(window[\"Playerjs\"]){PlayerjsAsync();}<\/script>","protected":false},"excerpt":{"rendered":"<p>La Diputaci\u00f3n de Alicante y la Concejal\u00eda de Comercio del Ayuntamiento promueven el Bono Consumo en Ibi, un bono financiado por la Diputaci\u00f3n de Alicante que subvenciona el 50% de todas las compras que se realicen en los establecimientos adheridos a la campa\u00f1a. Los bonos son de 10 \u20ac, 20 ...<\/p>\n","protected":false},"author":2,"featured_media":6995,"comment_status":"closed","ping_status":"closed","sticky":false,"template":"","format":"standard","meta":{"_monsterinsights_skip_tracking":false,"_monsterinsights_sitenote_active":false,"_monsterinsights_sitenote_note":"","_monsterinsights_sitenote_category":0,"footnotes":""},"categories":[4],"tags":[],"class_list":["post-6994","post","type-post","status-publish","format-standard","has-post-thumbnail","hentry","category-alicante"],"aioseo_notices":[],"_links":{"self":[{"href":"https:\/\/www.lafresca.fm\/fresca-api-json\/wp\/v2\/posts\/6994","targetHints":{"allow":["GET"]}}],"collection":[{"href":"https:\/\/www.lafresca.fm\/fresca-api-json\/wp\/v2\/posts"}],"about":[{"href":"https:\/\/www.lafresca.fm\/fresca-api-json\/wp\/v2\/types\/post"}],"author":[{"embeddable":true,"href":"https:\/\/www.lafresca.fm\/fresca-api-json\/wp\/v2\/users\/2"}],"replies":[{"embeddable":true,"href":"https:\/\/www.lafresca.fm\/fresca-api-json\/wp\/v2\/comments?post=6994"}],"version-history":[{"count":1,"href":"https:\/\/www.lafresca.fm\/fresca-api-json\/wp\/v2\/posts\/6994\/revisions"}],"predecessor-version":[{"id":6996,"href":"https:\/\/www.lafresca.fm\/fresca-api-json\/wp\/v2\/posts\/6994\/revisions\/6996"}],"wp:featuredmedia":[{"embeddable":true,"href":"https:\/\/www.lafresca.fm\/fresca-api-json\/wp\/v2\/media\/6995"}],"wp:attachment":[{"href":"https:\/\/www.lafresca.fm\/fresca-api-json\/wp\/v2\/media?parent=6994"}],"wp:term":[{"taxonomy":"category","embeddable":true,"href":"https:\/\/www.lafresca.fm\/fresca-api-json\/wp\/v2\/categories?post=6994"},{"taxonomy":"post_tag","embeddable":true,"href":"https:\/\/www.lafresca.fm\/fresca-api-json\/wp\/v2\/tags?post=6994"}],"curies":[{"name":"wp","href":"https:\/\/api.w.org\/{rel}","templated":true}]}}