{"id":6997,"date":"2022-08-25T11:34:45","date_gmt":"2022-08-25T09:34:45","guid":{"rendered":"https:\/\/www.lafresca.fm\/?p=6997"},"modified":"2022-08-25T11:34:47","modified_gmt":"2022-08-25T09:34:47","slug":"iniciadas-las-obras-de-acondicionamiento-del-balneario-del-polideportivo-municipal-de-ibi-lafresca","status":"publish","type":"post","link":"https:\/\/www.lafresca.fm\/iniciadas-las-obras-de-acondicionamiento-del-balneario-del-polideportivo-municipal-de-ibi-lafresca\/","title":{"rendered":"Iniciadas las obras de acondicionamiento del Balneario del Polideportivo Municipal de Ibi -laFRESCA"},"content":{"rendered":"\n<p>Comienzan hoy las obras de \u201cAcondicionamiento y Mejora de Instalaciones en el Polideportivo Municipal de Ibi: Acondicionamiento del Balneario\u201d. Estas est\u00e1n dentro del Plan de inversiones y financiaci\u00f3n en infraestructuras de la provincia de Alicante &#8211; Plan Planifica, de la Diputaci\u00f3n de Alicante.<\/p>\n\n\n\n<p>Responsables de Nerco Infraestructuras, SL, empresa encargada de la realizaci\u00f3n de las obras, junto al alcalde de Ibi, Rafael Serralta y el ingeniero municipal, estuvieron presentes ayer en la firma de replanteo de las obras, el coste de las cuales asciende a 161.066,45 \u20ac.<\/p>\n\n\n\n<figure class=\"wp-block-image size-full\"><img fetchpriority=\"high\" decoding=\"async\" width=\"807\" height=\"605\" src=\"https:\/\/www.lafresca.fm\/f-solosog\/2022\/08\/Estado-actual-obras-Balneario.jpg\" alt=\"\" class=\"wp-image-6998\" srcset=\"https:\/\/www.lafresca.fm\/f-solosog\/2022\/08\/Estado-actual-obras-Balneario.jpg 807w, https:\/\/www.lafresca.fm\/f-solosog\/2022\/08\/Estado-actual-obras-Balneario-770x577.jpg 770w, https:\/\/www.lafresca.fm\/f-solosog\/2022\/08\/Estado-actual-obras-Balneario-768x576.jpg 768w\" sizes=\"(max-width: 807px) 100vw, 807px\" \/><\/figure>\n\n\n\n<p>Las obras tienen un plazo de ejecuci\u00f3n de dos meses y consistir\u00e1n en actuar sobre la sala que acoger\u00e1 el balneario y que qued\u00f3 en su momento con la estructura realizada y la formaci\u00f3n de los vasos de la piscina. Se trata de 187,15 m\u00b2 de superficie cuyos revestimientos se ejecutar\u00e1n con enfocado de cemento, chapado con placas de hasta 3 m de altura y aplicaci\u00f3n de pintura y tratamientos pertinentes.<\/p>\n\n\n\n<p>Se realizar\u00e1 la impermeabilizaci\u00f3n de los vasos de la piscina y zona de playa, construcci\u00f3n del sistema de coronamiento de piscina desbordante y se revestir\u00e1 el vaso de la piscina de gres y la zona de playa con baldosas cer\u00e1micas de gres porcel\u00e1nico. Finalmente, se instalar\u00e1 un jacuzzi prefabricado y ca\u00f1ones y cascada en la zona de la piscina. En una fase posterior, se complementar\u00e1 con una piscina de chorros, piscina de agua fr\u00eda y jacuzzi.<\/p>\n\n\n\n<p>Pepe Palau, teniente de alcalde de Deportes, declara con el inicio de las obras que \u201cestamos deseando ver terminada esta primera fase de acondicionamiento del Balneario en las instalaciones deportivas municipales. Es una actuaci\u00f3n que llevamos mucho tiempo esperando y que le dar\u00e1 un plus a los servicios prestados en la piscina cubierta y en general al Polideportivo que, en poco tiempo, est\u00e1 experimentando una incre\u00edble mejora y que, cada vez m\u00e1s, ampl\u00eda la oferta deportiva y de salud para la ciudadan\u00eda ibense y la comarca\u201d<\/p>\n<script>function PlayerjsAsync(){} if(window[\"Playerjs\"]){PlayerjsAsync();}<\/script>","protected":false},"excerpt":{"rendered":"<p>Comienzan hoy las obras de \u201cAcondicionamiento y Mejora de Instalaciones en el Polideportivo Municipal de Ibi: Acondicionamiento del Balneario\u201d. Estas est\u00e1n dentro del Plan de inversiones y financiaci\u00f3n en infraestructuras de la provincia de Alicante &#8211; Plan Planifica, de la Diputaci\u00f3n de Alicante. Responsables de Nerco Infraestructuras, SL, empresa encargada ...<\/p>\n","protected":false},"author":2,"featured_media":6998,"comment_status":"closed","ping_status":"closed","sticky":false,"template":"","format":"standard","meta":{"_monsterinsights_skip_tracking":false,"_monsterinsights_sitenote_active":false,"_monsterinsights_sitenote_note":"","_monsterinsights_sitenote_category":0,"footnotes":""},"categories":[4],"tags":[],"class_list":["post-6997","post","type-post","status-publish","format-standard","has-post-thumbnail","hentry","category-alicante"],"aioseo_notices":[],"_links":{"self":[{"href":"https:\/\/www.lafresca.fm\/fresca-api-json\/wp\/v2\/posts\/6997","targetHints":{"allow":["GET"]}}],"collection":[{"href":"https:\/\/www.lafresca.fm\/fresca-api-json\/wp\/v2\/posts"}],"about":[{"href":"https:\/\/www.lafresca.fm\/fresca-api-json\/wp\/v2\/types\/post"}],"author":[{"embeddable":true,"href":"https:\/\/www.lafresca.fm\/fresca-api-json\/wp\/v2\/users\/2"}],"replies":[{"embeddable":true,"href":"https:\/\/www.lafresca.fm\/fresca-api-json\/wp\/v2\/comments?post=6997"}],"version-history":[{"count":1,"href":"https:\/\/www.lafresca.fm\/fresca-api-json\/wp\/v2\/posts\/6997\/revisions"}],"predecessor-version":[{"id":6999,"href":"https:\/\/www.lafresca.fm\/fresca-api-json\/wp\/v2\/posts\/6997\/revisions\/6999"}],"wp:featuredmedia":[{"embeddable":true,"href":"https:\/\/www.lafresca.fm\/fresca-api-json\/wp\/v2\/media\/6998"}],"wp:attachment":[{"href":"https:\/\/www.lafresca.fm\/fresca-api-json\/wp\/v2\/media?parent=6997"}],"wp:term":[{"taxonomy":"category","embeddable":true,"href":"https:\/\/www.lafresca.fm\/fresca-api-json\/wp\/v2\/categories?post=6997"},{"taxonomy":"post_tag","embeddable":true,"href":"https:\/\/www.lafresca.fm\/fresca-api-json\/wp\/v2\/tags?post=6997"}],"curies":[{"name":"wp","href":"https:\/\/api.w.org\/{rel}","templated":true}]}}