{"id":7003,"date":"2022-08-29T11:54:49","date_gmt":"2022-08-29T09:54:49","guid":{"rendered":"https:\/\/www.lafresca.fm\/?p=7003"},"modified":"2022-08-29T12:05:54","modified_gmt":"2022-08-29T10:05:54","slug":"la-vuelta-al-cole-trae-un-nuevo-modelo-de-aula-flexible-y-conectada-segun-actiu-lafresca","status":"publish","type":"post","link":"https:\/\/www.lafresca.fm\/la-vuelta-al-cole-trae-un-nuevo-modelo-de-aula-flexible-y-conectada-segun-actiu-lafresca\/","title":{"rendered":"La \u201cvuelta al cole\u201d trae un nuevo modelo de aula, flexible y conectada seg\u00fan ACTIU -laFRESCA"},"content":{"rendered":"\n<p><strong>El objetivo del nuevo modelo es conectar lo que estudian los alumnos con lo que desean las empresas de sus futuros empleados y sustituir el \u201cpoder hacer\u201d por el \u201csaber hacer\u201d.<\/strong><\/p>\n\n\n\n<p><strong>La implementaci\u00f3n de nuevas metodolog\u00edas, competencias y habilidades en el aula requiere espacios que ofrezcan a los estudiantes y profesores soluciones de aprendizaje, que ayuden a conectar, inspirar y lograr un conocimiento m\u00e1s profundo y duradero.<\/strong><\/p>\n\n\n\n<p><strong>Utilizando los dispositivos y el mobiliario adecuados el nuevo modelo de aula se puede reconfigurar r\u00e1pidamente para cada tipo de actividad: Intercambiar\/Explorar, interactuar, Crear, Presentar, Investigar, Desarrollar\u2026 dando un salto de gigante en los resultados<\/strong><strong>.<\/strong><\/p>\n\n\n\n<p>La pr\u00f3xima \u201c<strong>vuelta al cole<\/strong>\u201d traer\u00e1 importantes novedades derivadas del cuestionamiento de los m\u00e9todos pedag\u00f3gicos tradicionales y del replanteamiento de los espacios educativos. El objetivo del nuevo modelo es conectar lo que estudian los alumnos con lo que desean las empresas de sus futuros empleados y sustituir el \u201cpoder hacer\u201d por el \u201csaber hacer\u201d, alej\u00e1ndose de las situaciones artificiales que se suelen plantear en las aulas para aterrizar m\u00e1s en el mundo real.<\/p>\n\n\n\n<p>Seg\u00fan <strong>Actiu<\/strong>, l\u00edder espa\u00f1ol en dise\u00f1o y fabricaci\u00f3n de soluciones de mobiliario para espacios de trabajo, educativos y&nbsp;<em>hospitality,<\/em> el nuevo modelo dotar\u00e1 a las aulas de capacidad transformadora, basada en entornos multifuncionales, horizontales, integrados, adaptables y flexibles que, m\u00e1s all\u00e1 del conocimiento, promuevan el pensamiento innovador, la capacidad de resolver problemas y la creatividad, centrando los esfuerzos en el aprendizaje de competencias, es decir, aplicar el saber aprendido.<\/p>\n\n\n\n<p>Para facilitar esta transici\u00f3n, la firma de Castalla ha elaborado una gu\u00eda \u201c<em>Actiu: Innovando para ser los primeros de la clase. Repensando las aulas: m\u00e1s eficientes y funcionales<\/em>\u201d, en la que se fijan los desaf\u00edos y objetivos del nuevo modelo educativo y se marca el camino para llegar a \u00e9l con \u00e9xito.<\/p>\n\n\n\n<p><strong>Aulas transformadoras<\/strong><\/p>\n\n\n\n<p>La implementaci\u00f3n de nuevas metodolog\u00edas, competencias y habilidades en el aula requiere espacios que ofrezcan a los estudiantes y profesores soluciones de aprendizaje, que ayuden a conectar, inspirar y lograr un conocimiento m\u00e1s profundo y duradero. Aulas configurables, din\u00e1micas, flexibles y conectadas, capaces de adaptarse a cada metodolog\u00eda u objetivo pedag\u00f3gico. Adem\u00e1s, en el nuevo modelo, el aula se ampl\u00eda, para abarcar todos los espacios del centro educativo como lugares de aprendizaje.<\/p>\n\n\n\n<p>Aulas flexibles que se adaptan a cada metodolog\u00eda y, tambi\u00e9n, a la jerarqu\u00eda relacional y social que se persigue, incorporando valores en alza como la integraci\u00f3n, el cuidado medioambiental, la cooperaci\u00f3n\u2026 y, por supuesto, las nuevas tecnolog\u00edas y la digitalizaci\u00f3n.<\/p>\n\n\n\n<p>El proceso de aprendizaje se inicia por la experiencia sensorial y, en \u00e9l, la emoci\u00f3n tiene un papel fundamental. Los espacios que generan un ambiente de armon\u00eda e inspiraci\u00f3n estimulan la atenci\u00f3n y la concentraci\u00f3n impactando directamente en los resultados del aprendizaje, una sinergia donde el dise\u00f1o act\u00faa como el \u201ctercer educador\u201d.<\/p>\n\n\n\n<p>El nuevo modelo promueve el dise\u00f1o de nuevos espacios educativos que favorezcan un nuevo di\u00e1logo con el entorno y acompa\u00f1en los procesos de cambio. No existe un dise\u00f1o \u00fanico que garantice un mejor aprendizaje y cada centro debe generar espacios que respondan a su identidad y a las necesidades de su comunidad utilizando t\u00e9cnicas y estrategias que sit\u00faen al alumno en el centro del aprendizaje. Un proceso que promueve la participaci\u00f3n y el uso de metodolog\u00edas como el Aprendizaje Basado en Proyectos, el Aprendizaje Cooperativo, la Gamificaci\u00f3n, el Design Thinking, el Thinking Based Learning o Aprendizaje Basado en Competencias.<\/p>\n\n\n\n<p><strong>Mobiliario como palanca de cambio <\/strong><\/p>\n\n\n\n<p>El mobiliario y la tecnolog\u00eda son elementos claves en esta transformaci\u00f3n. Para que los nuevos espacios de aprendizaje cumplan su objetivo, el mobiliario debe ser ergon\u00f3mico, c\u00f3modo, \u00e1gil, eficiente, flexible y conectado. Tambi\u00e9n debe ser vers\u00e1til, adaptable y facilitar su desplazamiento para reconfigurar el aula r\u00e1pidamente seg\u00fan cada necesidad: trabajo individual, en grupo, exposici\u00f3n, etc. Un mobiliario que debe facilitar la creaci\u00f3n de espacios flexibles y multifuncionales, reconfigurando en tiempo real cada aula seg\u00fan la actividad.<\/p>\n\n\n\n<p><strong>Un aula, m\u00faltiples configuraciones<\/strong><\/p>\n\n\n\n<p>Utilizando los dispositivos y el mobiliario adecuados el nuevo modelo de aula se puede reconfigurar r\u00e1pidamente para cada tipo de actividad: Intercambiar\/Explorar, interactuar, Crear, Presentar, Investigar, Desarrollar\u2026 dando un salto de gigante en los resultados.<\/p>\n\n\n\n<p>Un ciclo virtuoso que requiere de herramientas, dispositivos y mobiliario <em>ad hoc<\/em> como pizarras t\u00e1ctiles y digitales, Caddy m\u00f3viles para video presentaciones, sistemas de videoconferencia, mobiliario Agile, sillas m\u00f3viles o f\u00e1ciles de mover, mesas para trabajar de forma grupal, gradas\u00a0 m\u00f3viles, zonas de <em>soft seating<\/em> con pantalla, mesas elevables tipo atril, mesas para grabaci\u00f3n, regulables en altura, taburetes, mesas que permitan trabajar de forma individual y colectiva (formas que encajan a modo puzle), zonas de almacenamiento para libros o elementos para\u00a0 la investigaci\u00f3n, estanter\u00edas, armarios. La capacidad de Colaborar e Interactuar con otras personas es una habilidad clave en el siglo XXI y su calidad se deriva de la propiedad, la responsabilidad compartida y los procesos de toma de decisiones grupales.<\/p>\n\n\n\n<p>En el nuevo modelo, la creaci\u00f3n se convierte en una herramienta clave del aprendizaje que se complementa con la presentaci\u00f3n de los resultados del trabajo de los diferentes grupos. En paralelo, el \u00e1rea de Investigar debe animar a los estudiantes a hacer descubrimientos por s\u00ed mismos y ser participantes activos en lugar de oyentes pasivos. Finalmente, el \u00e1rea de desarrollo se configura como un espacio para el aprendizaje informal y la reflexi\u00f3n.<\/p>\n\n\n\n<p><strong>Sobre Actiu<\/strong><\/p>\n\n\n\n<p>Fundada en 1968 por Vicente Berbegal en Castalla, Alicante, Actiu es la compa\u00f1\u00eda espa\u00f1ola l\u00edder en dise\u00f1o y fabricaci\u00f3n de espacios de trabajo, hospitality. Con una clara apuesta por el I+D, calidad, innovaci\u00f3n, dise\u00f1o y la fabricaci\u00f3n en Espa\u00f1a de todos sus productos, impulsa el concepto Cool Working orientado a la creaci\u00f3n de mobiliario para los nuevos espacios de transformaci\u00f3n cultural en las empresas, de forma sostenible, saludable y flexibles, bajo el objetivo de mejorar la productividad y la satisfacci\u00f3n de los empleados.<\/p>\n\n\n\n<p>En 2008 Actiu inaugur\u00f3 en Castalla un Parque Tecnol\u00f3gico que ocupa una superficie de 191.400 metros cuadrados y que materializa esta filosof\u00eda, totalmente sostenible y eficiente. Unas instalaciones cuya sede es la primera de Espa\u00f1a, la segunda de Europa y de las cinco primeras del mundo en obtener la certificaci\u00f3n Well V2 Platino. Asimismo, Actiu tiene la certificaci\u00f3n Leed Platino por la sostenibilidad de sus instalaciones, consiguiendo ser la primera empresa industrial del mundo en conseguir ambos reconocimientos.<\/p>\n\n\n\n<p>Entre las distinciones recibidas destacan el Premio Nacional de Dise\u00f1o y el European Business Awards&nbsp;al fundador, ambas en 2017, as\u00ed como m\u00faltiples premios de dise\u00f1o a sus productos, como los Red Dot, Design Preis, FX, Premios Delta, If Design o The Best of NeoCon entre otros.<\/p>\n<script>function PlayerjsAsync(){} if(window[\"Playerjs\"]){PlayerjsAsync();}<\/script>","protected":false},"excerpt":{"rendered":"<p>El objetivo del nuevo modelo es conectar lo que estudian los alumnos con lo que desean las empresas de sus futuros empleados y sustituir el \u201cpoder hacer\u201d por el \u201csaber hacer\u201d. La implementaci\u00f3n de nuevas metodolog\u00edas, competencias y habilidades en el aula requiere espacios que ofrezcan a los estudiantes y ...<\/p>\n","protected":false},"author":2,"featured_media":7004,"comment_status":"closed","ping_status":"closed","sticky":false,"template":"","format":"standard","meta":{"_monsterinsights_skip_tracking":false,"_monsterinsights_sitenote_active":false,"_monsterinsights_sitenote_note":"","_monsterinsights_sitenote_category":0,"footnotes":""},"categories":[4],"tags":[156],"class_list":["post-7003","post","type-post","status-publish","format-standard","has-post-thumbnail","hentry","category-alicante","tag-actiu"],"aioseo_notices":[],"_links":{"self":[{"href":"https:\/\/www.lafresca.fm\/fresca-api-json\/wp\/v2\/posts\/7003","targetHints":{"allow":["GET"]}}],"collection":[{"href":"https:\/\/www.lafresca.fm\/fresca-api-json\/wp\/v2\/posts"}],"about":[{"href":"https:\/\/www.lafresca.fm\/fresca-api-json\/wp\/v2\/types\/post"}],"author":[{"embeddable":true,"href":"https:\/\/www.lafresca.fm\/fresca-api-json\/wp\/v2\/users\/2"}],"replies":[{"embeddable":true,"href":"https:\/\/www.lafresca.fm\/fresca-api-json\/wp\/v2\/comments?post=7003"}],"version-history":[{"count":3,"href":"https:\/\/www.lafresca.fm\/fresca-api-json\/wp\/v2\/posts\/7003\/revisions"}],"predecessor-version":[{"id":7007,"href":"https:\/\/www.lafresca.fm\/fresca-api-json\/wp\/v2\/posts\/7003\/revisions\/7007"}],"wp:featuredmedia":[{"embeddable":true,"href":"https:\/\/www.lafresca.fm\/fresca-api-json\/wp\/v2\/media\/7004"}],"wp:attachment":[{"href":"https:\/\/www.lafresca.fm\/fresca-api-json\/wp\/v2\/media?parent=7003"}],"wp:term":[{"taxonomy":"category","embeddable":true,"href":"https:\/\/www.lafresca.fm\/fresca-api-json\/wp\/v2\/categories?post=7003"},{"taxonomy":"post_tag","embeddable":true,"href":"https:\/\/www.lafresca.fm\/fresca-api-json\/wp\/v2\/tags?post=7003"}],"curies":[{"name":"wp","href":"https:\/\/api.w.org\/{rel}","templated":true}]}}