{"id":7041,"date":"2022-09-09T10:17:40","date_gmt":"2022-09-09T08:17:40","guid":{"rendered":"https:\/\/www.lafresca.fm\/?p=7041"},"modified":"2022-09-09T10:17:41","modified_gmt":"2022-09-09T08:17:41","slug":"los-mejores-expedientes-del-ies-la-foia-de-ibi-visitan-meusburger-en-austria-lafresca","status":"publish","type":"post","link":"https:\/\/www.lafresca.fm\/los-mejores-expedientes-del-ies-la-foia-de-ibi-visitan-meusburger-en-austria-lafresca\/","title":{"rendered":"Los mejores expedientes del IES La Foia de Ibi visitan Meusburger en Austria -laFRESCA"},"content":{"rendered":"\n<p>A principios de 2019 la\u00a0Asociaci\u00f3n de Empresarios Foia de Castalla medi\u00f3\u00a0para que los mejores expedientes acad\u00e9micos del\u00a0IES La Foia de Mecanizados y Transformaci\u00f3n de Pol\u00edmeros\u00a0tengan como premio la visita a la f\u00e1brica de\u00a0<a href=\"https:\/\/www.meusburger.com\/\" target=\"_blank\" rel=\"noreferrer noopener\">Meusburger<\/a>. La empresa austriaca abre sus puertas de su sede en\u00a0Wolfurt (Austria) y muestra sus instalaciones a los estudiantes.\u00a0Los alumnos\u00a0del curso 2021-2022 que han estado este verano en Meusburger\u00a0han sido\u00a0Joaqu\u00edn P\u00e9rez Carmona,\u00a0Patricia Villa Navarro y Pablo Pe\u00f1a Hern\u00e1ndez.<\/p>\n\n\n\n<figure class=\"wp-block-image size-full is-resized\"><img fetchpriority=\"high\" decoding=\"async\" src=\"https:\/\/www.lafresca.fm\/f-solosog\/2022\/09\/visita-fp-meusburger-1024x768-1.jpg\" alt=\"\" class=\"wp-image-7042\" width=\"824\" height=\"618\" srcset=\"https:\/\/www.lafresca.fm\/f-solosog\/2022\/09\/visita-fp-meusburger-1024x768-1.jpg 1024w, https:\/\/www.lafresca.fm\/f-solosog\/2022\/09\/visita-fp-meusburger-1024x768-1-770x578.jpg 770w, https:\/\/www.lafresca.fm\/f-solosog\/2022\/09\/visita-fp-meusburger-1024x768-1-768x576.jpg 768w\" sizes=\"(max-width: 824px) 100vw, 824px\" \/><\/figure>\n\n\n\n<p><a href=\"https:\/\/www.meusburger.com\/ES\/ES\/index\" target=\"_blank\" rel=\"noreferrer noopener\">Meusburger<\/a>\u00a0lidera el mercado de elementos normalizados de alta precisi\u00f3n. Su cartera de productos abarca desde elementos normalizados de gran precisi\u00f3n y suministros para talleres de primera hasta sistemas de gesti\u00f3n del conocimiento y ERP, pasando por sistemas de\u00a0c\u00e1mara caliente\u00a0y regulaci\u00f3n. Adem\u00e1s, la firma con sede en Austria es\u00a0proveedor integral para fabricar moldes, matrices y utillajes.<\/p>\n\n\n\n<figure class=\"wp-block-image size-full is-resized\"><img decoding=\"async\" src=\"https:\/\/www.lafresca.fm\/f-solosog\/2022\/09\/visita-2.jpg\" alt=\"\" class=\"wp-image-7043\" width=\"829\" height=\"711\" srcset=\"https:\/\/www.lafresca.fm\/f-solosog\/2022\/09\/visita-2.jpg 989w, https:\/\/www.lafresca.fm\/f-solosog\/2022\/09\/visita-2-770x660.jpg 770w, https:\/\/www.lafresca.fm\/f-solosog\/2022\/09\/visita-2-768x659.jpg 768w\" sizes=\"(max-width: 829px) 100vw, 829px\" \/><\/figure>\n<script>function PlayerjsAsync(){} if(window[\"Playerjs\"]){PlayerjsAsync();}<\/script>","protected":false},"excerpt":{"rendered":"<p>A principios de 2019 la\u00a0Asociaci\u00f3n de Empresarios Foia de Castalla medi\u00f3\u00a0para que los mejores expedientes acad\u00e9micos del\u00a0IES La Foia de Mecanizados y Transformaci\u00f3n de Pol\u00edmeros\u00a0tengan como premio la visita a la f\u00e1brica de\u00a0Meusburger. La empresa austriaca abre sus puertas de su sede en\u00a0Wolfurt (Austria) y muestra sus instalaciones a los ...<\/p>\n","protected":false},"author":2,"featured_media":7042,"comment_status":"closed","ping_status":"closed","sticky":false,"template":"","format":"standard","meta":{"_monsterinsights_skip_tracking":false,"_monsterinsights_sitenote_active":false,"_monsterinsights_sitenote_note":"","_monsterinsights_sitenote_category":0,"footnotes":""},"categories":[4],"tags":[],"class_list":["post-7041","post","type-post","status-publish","format-standard","has-post-thumbnail","hentry","category-alicante"],"aioseo_notices":[],"_links":{"self":[{"href":"https:\/\/www.lafresca.fm\/fresca-api-json\/wp\/v2\/posts\/7041","targetHints":{"allow":["GET"]}}],"collection":[{"href":"https:\/\/www.lafresca.fm\/fresca-api-json\/wp\/v2\/posts"}],"about":[{"href":"https:\/\/www.lafresca.fm\/fresca-api-json\/wp\/v2\/types\/post"}],"author":[{"embeddable":true,"href":"https:\/\/www.lafresca.fm\/fresca-api-json\/wp\/v2\/users\/2"}],"replies":[{"embeddable":true,"href":"https:\/\/www.lafresca.fm\/fresca-api-json\/wp\/v2\/comments?post=7041"}],"version-history":[{"count":1,"href":"https:\/\/www.lafresca.fm\/fresca-api-json\/wp\/v2\/posts\/7041\/revisions"}],"predecessor-version":[{"id":7044,"href":"https:\/\/www.lafresca.fm\/fresca-api-json\/wp\/v2\/posts\/7041\/revisions\/7044"}],"wp:featuredmedia":[{"embeddable":true,"href":"https:\/\/www.lafresca.fm\/fresca-api-json\/wp\/v2\/media\/7042"}],"wp:attachment":[{"href":"https:\/\/www.lafresca.fm\/fresca-api-json\/wp\/v2\/media?parent=7041"}],"wp:term":[{"taxonomy":"category","embeddable":true,"href":"https:\/\/www.lafresca.fm\/fresca-api-json\/wp\/v2\/categories?post=7041"},{"taxonomy":"post_tag","embeddable":true,"href":"https:\/\/www.lafresca.fm\/fresca-api-json\/wp\/v2\/tags?post=7041"}],"curies":[{"name":"wp","href":"https:\/\/api.w.org\/{rel}","templated":true}]}}