{"id":7072,"date":"2022-09-12T16:27:47","date_gmt":"2022-09-12T14:27:47","guid":{"rendered":"https:\/\/www.lafresca.fm\/?p=7072"},"modified":"2022-09-12T16:27:49","modified_gmt":"2022-09-12T14:27:49","slug":"ibiae-y-actaio-convocan-una-jornada-abierta-para-dar-a-conocer-las-novedades-en-fp-lafresca","status":"publish","type":"post","link":"https:\/\/www.lafresca.fm\/ibiae-y-actaio-convocan-una-jornada-abierta-para-dar-a-conocer-las-novedades-en-fp-lafresca\/","title":{"rendered":"IBIAE y ACTAIO convocan una jornada abierta para dar a conocer las novedades en FP -laFRESCA"},"content":{"rendered":"\n<p>IBIAE (Asociaci\u00f3n de empresarios de Ibi y Comarca) y ACTAIO (Acuerdo Territorial para la Ocupaci\u00f3n Alcoi-Ibi-Ontinyent) han convocado la Jornada \u201cC\u00f3mo formar al personal de la empresa con los m\u00f3dulos de la FP Parcial\u201d, que se celebrar\u00e1 de forma presencial en la sede de IBIAE (C. San Juan Bosco, 1-Ibi) el martes 13 de septiembre a las 16\u00b430 h. con el objetivo de dar a conocer a empresas as\u00ed como cualquier interesado\/a en el tema, informaci\u00f3n sobre Oferta parcial de la FP. La Oferta Parcial consiste en la posibilidad de matricularse en m\u00f3dulos (asignaturas) sueltos de forma independiente, a diferencia de la matr\u00edcula ordinaria que supone inscribirse en todos los m\u00f3dulos que componen el curso. Esta modalidad permite estudiar y compatibilizar con otras actividades. Se trata de una oportunidad para que las personas que trabajan en las empresas de la comarca puedan adquirir o actualizar sus competencias a trav\u00e9s de una formaci\u00f3n con certificaci\u00f3n oficial. Tambi\u00e9n es interesante esta oferta parcial para aquellas personas que quieran aumentar o complementar su formaci\u00f3n.<\/p>\n\n\n\n<figure class=\"wp-block-image size-large\"><img fetchpriority=\"high\" decoding=\"async\" width=\"827\" height=\"1170\" src=\"https:\/\/www.lafresca.fm\/f-solosog\/2022\/09\/CARTEL-IBIAE-827x1170.png\" alt=\"\" class=\"wp-image-7073\" srcset=\"https:\/\/www.lafresca.fm\/f-solosog\/2022\/09\/CARTEL-IBIAE-827x1170.png 827w, https:\/\/www.lafresca.fm\/f-solosog\/2022\/09\/CARTEL-IBIAE-544x770.png 544w, https:\/\/www.lafresca.fm\/f-solosog\/2022\/09\/CARTEL-IBIAE-768x1086.png 768w, https:\/\/www.lafresca.fm\/f-solosog\/2022\/09\/CARTEL-IBIAE-1086x1536.png 1086w, https:\/\/www.lafresca.fm\/f-solosog\/2022\/09\/CARTEL-IBIAE.png 1414w\" sizes=\"(max-width: 827px) 100vw, 827px\" \/><\/figure>\n\n\n\n<p><br>Adem\u00e1s en la jornada se expondr\u00e1n los aspectos b\u00e1sicos de la nueva ley FP, estudios de gran importancia para IBIAE y ACTAIO dada la alta empleabilidad que proporcionan a las personas que los realizan, y que son muy valorados en el entorno productivo de la comarca. Se contar\u00e1 con las aportaciones de centros con estudios de formaci\u00f3n profesional de la<br>Foia de Castalla: IES La Foia y IES Ignacio Barrachina, de Ibi, y IES La Creueta de Onil. Las personas que asistan tambi\u00e9n recibir\u00e1n informaci\u00f3n sobre la oferta actual de FP en el territorio, para que de esta forma las empresas puedan identificar c\u00f3mo beneficiarse y\/o intervenir en ella. Para poder participar en esta jornada deber\u00e1 inscribirse en: https:\/\/www.actaio.es\/com-formar-al-personal-de-lempresa-amb-moduls-dfp-parcial\/ <\/p>\n\n\n\n<p>Esta actividad est\u00e1 dentro del Proyecto Experimental VII, subvencionado por Labora Servicio Valenciano de Empleo y Formaci\u00f3n y por el Ministerio de Trabajo y Econom\u00eda Social, formando parte del programa AVALEM TERRITORI.<\/p>\n<script>function PlayerjsAsync(){} if(window[\"Playerjs\"]){PlayerjsAsync();}<\/script>","protected":false},"excerpt":{"rendered":"<p>IBIAE (Asociaci\u00f3n de empresarios de Ibi y Comarca) y ACTAIO (Acuerdo Territorial para la Ocupaci\u00f3n Alcoi-Ibi-Ontinyent) han convocado la Jornada \u201cC\u00f3mo formar al personal de la empresa con los m\u00f3dulos de la FP Parcial\u201d, que se celebrar\u00e1 de forma presencial en la sede de IBIAE (C. San Juan Bosco, 1-Ibi) ...<\/p>\n","protected":false},"author":2,"featured_media":7073,"comment_status":"closed","ping_status":"closed","sticky":false,"template":"","format":"standard","meta":{"_monsterinsights_skip_tracking":false,"_monsterinsights_sitenote_active":false,"_monsterinsights_sitenote_note":"","_monsterinsights_sitenote_category":0,"footnotes":""},"categories":[4],"tags":[],"class_list":["post-7072","post","type-post","status-publish","format-standard","has-post-thumbnail","hentry","category-alicante"],"aioseo_notices":[],"_links":{"self":[{"href":"https:\/\/www.lafresca.fm\/fresca-api-json\/wp\/v2\/posts\/7072","targetHints":{"allow":["GET"]}}],"collection":[{"href":"https:\/\/www.lafresca.fm\/fresca-api-json\/wp\/v2\/posts"}],"about":[{"href":"https:\/\/www.lafresca.fm\/fresca-api-json\/wp\/v2\/types\/post"}],"author":[{"embeddable":true,"href":"https:\/\/www.lafresca.fm\/fresca-api-json\/wp\/v2\/users\/2"}],"replies":[{"embeddable":true,"href":"https:\/\/www.lafresca.fm\/fresca-api-json\/wp\/v2\/comments?post=7072"}],"version-history":[{"count":1,"href":"https:\/\/www.lafresca.fm\/fresca-api-json\/wp\/v2\/posts\/7072\/revisions"}],"predecessor-version":[{"id":7074,"href":"https:\/\/www.lafresca.fm\/fresca-api-json\/wp\/v2\/posts\/7072\/revisions\/7074"}],"wp:featuredmedia":[{"embeddable":true,"href":"https:\/\/www.lafresca.fm\/fresca-api-json\/wp\/v2\/media\/7073"}],"wp:attachment":[{"href":"https:\/\/www.lafresca.fm\/fresca-api-json\/wp\/v2\/media?parent=7072"}],"wp:term":[{"taxonomy":"category","embeddable":true,"href":"https:\/\/www.lafresca.fm\/fresca-api-json\/wp\/v2\/categories?post=7072"},{"taxonomy":"post_tag","embeddable":true,"href":"https:\/\/www.lafresca.fm\/fresca-api-json\/wp\/v2\/tags?post=7072"}],"curies":[{"name":"wp","href":"https:\/\/api.w.org\/{rel}","templated":true}]}}