{"id":7075,"date":"2022-09-13T08:21:14","date_gmt":"2022-09-13T06:21:14","guid":{"rendered":"https:\/\/www.lafresca.fm\/?p=7075"},"modified":"2022-09-13T08:21:16","modified_gmt":"2022-09-13T06:21:16","slug":"la-consellera-de-transicion-ecologica-destaca-en-ibi-la-importancia-de-alternativas-al-plastico-en-el-juguete-lafresca","status":"publish","type":"post","link":"https:\/\/www.lafresca.fm\/la-consellera-de-transicion-ecologica-destaca-en-ibi-la-importancia-de-alternativas-al-plastico-en-el-juguete-lafresca\/","title":{"rendered":"La consellera de Transici\u00f3n Ecol\u00f3gica, destaca en Ibi la importancia de alternativas al pl\u00e1stico en el juguete -laFRESCA"},"content":{"rendered":"\n<ul class=\"wp-block-list\"><li>Mireia Moll\u00e0 muestra el apoyo de la Conselleria de Transici\u00f3n Ecol\u00f3gica a las iniciativas que contribuyen a reducir las emisiones y avanzar en la econom\u00eda circular<\/li><li>AIJU calcula que el 2% de la industria valenciana del pl\u00e1stico podr\u00eda sustituirse por materiales m\u00e1s sostenibles<\/li><\/ul>\n\n\n\n<p>La consellera de Agricultura, Desarrollo Rural, Emergencia Clim\u00e1tica y Transici\u00f3n Ecol\u00f3gica, Mireia Moll\u00e0, ha visitado la sede del Instituto Tecnol\u00f3gico del Producto Infantil y del Ocio (AIJU), en Ibi, para conocer de primera mano un proyecto de investigaci\u00f3n que busca alternativas sostenibles al pl\u00e1stico para la industria del juguete, el menaje y los envases.<\/p>\n\n\n\n<p>El proyecto BioFCase, inmerso en su segunda fase, apuesta por los llamados biopl\u00e1sticos; biodegradables, procedentes de la revalorizaci\u00f3n de la biomasa o una combinaci\u00f3n de ambos.\u00a0<\/p>\n\n\n\n<figure class=\"wp-block-image size-large is-resized\"><img fetchpriority=\"high\" decoding=\"async\" src=\"https:\/\/www.lafresca.fm\/f-solosog\/2022\/09\/306652775_8154433081265962_5988916873619088363_n-1170x878.jpg\" alt=\"\" class=\"wp-image-7076\" width=\"793\" height=\"595\" srcset=\"https:\/\/www.lafresca.fm\/f-solosog\/2022\/09\/306652775_8154433081265962_5988916873619088363_n-1170x878.jpg 1170w, https:\/\/www.lafresca.fm\/f-solosog\/2022\/09\/306652775_8154433081265962_5988916873619088363_n-770x578.jpg 770w, https:\/\/www.lafresca.fm\/f-solosog\/2022\/09\/306652775_8154433081265962_5988916873619088363_n-768x576.jpg 768w, https:\/\/www.lafresca.fm\/f-solosog\/2022\/09\/306652775_8154433081265962_5988916873619088363_n-1536x1152.jpg 1536w, https:\/\/www.lafresca.fm\/f-solosog\/2022\/09\/306652775_8154433081265962_5988916873619088363_n.jpg 2048w\" sizes=\"(max-width: 793px) 100vw, 793px\" \/><\/figure>\n\n\n\n<p>Moll\u00e0 ha destacado el apoyo de la Conselleria de Transici\u00f3n Ecol\u00f3gica a todas las experiencias innovadoras que buscan reducir las emisiones y avanzar en la econom\u00eda circular. \u201cEs muy importante contar con centros de investigaci\u00f3n como este, de desarrollo tecnol\u00f3gico y transferencia del conocimiento, para fomentar cambios en el modelo productivo orientados a recortar la huella de carbono y la sobreexplotaci\u00f3n de materias primas\u201d.<\/p>\n\n\n\n<p>El Instituto Tecnol\u00f3gico del Producto Infantil y del Ocio calcula que casi un mill\u00f3n de productos de pl\u00e1stico podr\u00edan sustituirse por materiales m\u00e1s sostenibles, una cifra que representa el 2% de la industria valenciana del pl\u00e1stico.<\/p>\n\n\n\n<p>La consellera ha subrayado que la Estrategia europea sobre los residuos pl\u00e1sticos insta a que en 2030 todos los envases pl\u00e1sticos comercializados en la Uni\u00f3n Europea sean f\u00e1cilmente reciclables o reutilizables, adem\u00e1s de referirse a las oportunidades de ocupaci\u00f3n de la selecci\u00f3n y reciclado del pl\u00e1stico que podr\u00eda generar m\u00e1s de 200.000 puestos de trabajo en el \u00e1mbito europeo.<\/p>\n\n\n\n<p>As\u00ed, la consellera ha puesto el foco en los retos y oportunidades de los biopl\u00e1sticos en la lucha contra al cambio clim\u00e1tico al desplazar el pl\u00e1stico procedente de combustibles f\u00f3siles por otros que, no solo son m\u00e1s sostenibles, sino tambi\u00e9n m\u00e1s seguros para el consumidor, menos sometidos a las fluctuaciones y mejor adaptados a las tendencias del mercado.<\/p>\n<script>function PlayerjsAsync(){} if(window[\"Playerjs\"]){PlayerjsAsync();}<\/script>","protected":false},"excerpt":{"rendered":"<p>Mireia Moll\u00e0 muestra el apoyo de la Conselleria de Transici\u00f3n Ecol\u00f3gica a las iniciativas que contribuyen a reducir las emisiones y avanzar en la econom\u00eda circular AIJU calcula que el 2% de la industria valenciana del pl\u00e1stico podr\u00eda sustituirse por materiales m\u00e1s sostenibles La consellera de Agricultura, Desarrollo Rural, Emergencia ...<\/p>\n","protected":false},"author":2,"featured_media":7076,"comment_status":"closed","ping_status":"closed","sticky":false,"template":"","format":"standard","meta":{"_monsterinsights_skip_tracking":false,"_monsterinsights_sitenote_active":false,"_monsterinsights_sitenote_note":"","_monsterinsights_sitenote_category":0,"footnotes":""},"categories":[4],"tags":[128],"class_list":["post-7075","post","type-post","status-publish","format-standard","has-post-thumbnail","hentry","category-alicante","tag-ibi"],"aioseo_notices":[],"_links":{"self":[{"href":"https:\/\/www.lafresca.fm\/fresca-api-json\/wp\/v2\/posts\/7075","targetHints":{"allow":["GET"]}}],"collection":[{"href":"https:\/\/www.lafresca.fm\/fresca-api-json\/wp\/v2\/posts"}],"about":[{"href":"https:\/\/www.lafresca.fm\/fresca-api-json\/wp\/v2\/types\/post"}],"author":[{"embeddable":true,"href":"https:\/\/www.lafresca.fm\/fresca-api-json\/wp\/v2\/users\/2"}],"replies":[{"embeddable":true,"href":"https:\/\/www.lafresca.fm\/fresca-api-json\/wp\/v2\/comments?post=7075"}],"version-history":[{"count":1,"href":"https:\/\/www.lafresca.fm\/fresca-api-json\/wp\/v2\/posts\/7075\/revisions"}],"predecessor-version":[{"id":7077,"href":"https:\/\/www.lafresca.fm\/fresca-api-json\/wp\/v2\/posts\/7075\/revisions\/7077"}],"wp:featuredmedia":[{"embeddable":true,"href":"https:\/\/www.lafresca.fm\/fresca-api-json\/wp\/v2\/media\/7076"}],"wp:attachment":[{"href":"https:\/\/www.lafresca.fm\/fresca-api-json\/wp\/v2\/media?parent=7075"}],"wp:term":[{"taxonomy":"category","embeddable":true,"href":"https:\/\/www.lafresca.fm\/fresca-api-json\/wp\/v2\/categories?post=7075"},{"taxonomy":"post_tag","embeddable":true,"href":"https:\/\/www.lafresca.fm\/fresca-api-json\/wp\/v2\/tags?post=7075"}],"curies":[{"name":"wp","href":"https:\/\/api.w.org\/{rel}","templated":true}]}}