{"id":7079,"date":"2022-09-13T16:58:43","date_gmt":"2022-09-13T14:58:43","guid":{"rendered":"https:\/\/www.lafresca.fm\/?p=7079"},"modified":"2022-09-13T17:45:26","modified_gmt":"2022-09-13T15:45:26","slug":"la-vii-edicion-de-onil-es-mostra-estrena-imagen-y-avanza-una-agenda-repleta-de-actos-en-octubre-lafresca","status":"publish","type":"post","link":"https:\/\/www.lafresca.fm\/la-vii-edicion-de-onil-es-mostra-estrena-imagen-y-avanza-una-agenda-repleta-de-actos-en-octubre-lafresca\/","title":{"rendered":"La VII edici\u00f3n de Onil es Mostra estrena imagen y avanza una agenda repleta de actos en octubre -laFRESCA"},"content":{"rendered":"\n<p>La nueva imagen ha sido dese\u00f1ado por la empresa Sara Roque y muestra como objeto principal La Puerta de la Paz abierta, s\u00edmbolo de hospitalidad colivenca, con los colores amarillo y azul, inspirados en la bandera de Onil.<\/p>\n\n\n\n<figure class=\"wp-block-image size-full\"><img fetchpriority=\"high\" decoding=\"async\" width=\"1080\" height=\"720\" src=\"https:\/\/www.lafresca.fm\/f-solosog\/2022\/09\/306980266_5261416607308678_1752339851982546599_n.jpg\" alt=\"\" class=\"wp-image-7080\" srcset=\"https:\/\/www.lafresca.fm\/f-solosog\/2022\/09\/306980266_5261416607308678_1752339851982546599_n.jpg 1080w, https:\/\/www.lafresca.fm\/f-solosog\/2022\/09\/306980266_5261416607308678_1752339851982546599_n-770x513.jpg 770w, https:\/\/www.lafresca.fm\/f-solosog\/2022\/09\/306980266_5261416607308678_1752339851982546599_n-768x512.jpg 768w\" sizes=\"(max-width: 1080px) 100vw, 1080px\" \/><\/figure>\n\n\n\n<p>Seg\u00fan Sara Roque, con &#8220;La Puerta de la Paz&#8221; se quiere transmitir que todos els colivencs y colivenques se sientan identificados con la Mostra y que todo el mundo visite Onil y disfrute de sus tradiciones y cultura.<\/p>\n\n\n\n<p>La Mostra se realizar\u00e1, los d\u00edas 7, 8 y  9 de Octubre, coincidiendo con la festividad del d\u00eda de la Comunidad Valenciana y con un amplio abanico de actos culturales, festivos, comercio, gastronom\u00eda, m\u00fasica, deporte, tradiciones etc<\/p>\n<script>function PlayerjsAsync(){} if(window[\"Playerjs\"]){PlayerjsAsync();}<\/script>","protected":false},"excerpt":{"rendered":"<p>La nueva imagen ha sido dese\u00f1ado por la empresa Sara Roque y muestra como objeto principal La Puerta de la Paz abierta, s\u00edmbolo de hospitalidad colivenca, con los colores amarillo y azul, inspirados en la bandera de Onil. Seg\u00fan Sara Roque, con &#8220;La Puerta de la Paz&#8221; se quiere transmitir ...<\/p>\n","protected":false},"author":2,"featured_media":7080,"comment_status":"closed","ping_status":"closed","sticky":false,"template":"","format":"standard","meta":{"_monsterinsights_skip_tracking":false,"_monsterinsights_sitenote_active":false,"_monsterinsights_sitenote_note":"","_monsterinsights_sitenote_category":0,"footnotes":""},"categories":[4],"tags":[],"class_list":["post-7079","post","type-post","status-publish","format-standard","has-post-thumbnail","hentry","category-alicante"],"aioseo_notices":[],"_links":{"self":[{"href":"https:\/\/www.lafresca.fm\/fresca-api-json\/wp\/v2\/posts\/7079","targetHints":{"allow":["GET"]}}],"collection":[{"href":"https:\/\/www.lafresca.fm\/fresca-api-json\/wp\/v2\/posts"}],"about":[{"href":"https:\/\/www.lafresca.fm\/fresca-api-json\/wp\/v2\/types\/post"}],"author":[{"embeddable":true,"href":"https:\/\/www.lafresca.fm\/fresca-api-json\/wp\/v2\/users\/2"}],"replies":[{"embeddable":true,"href":"https:\/\/www.lafresca.fm\/fresca-api-json\/wp\/v2\/comments?post=7079"}],"version-history":[{"count":3,"href":"https:\/\/www.lafresca.fm\/fresca-api-json\/wp\/v2\/posts\/7079\/revisions"}],"predecessor-version":[{"id":7083,"href":"https:\/\/www.lafresca.fm\/fresca-api-json\/wp\/v2\/posts\/7079\/revisions\/7083"}],"wp:featuredmedia":[{"embeddable":true,"href":"https:\/\/www.lafresca.fm\/fresca-api-json\/wp\/v2\/media\/7080"}],"wp:attachment":[{"href":"https:\/\/www.lafresca.fm\/fresca-api-json\/wp\/v2\/media?parent=7079"}],"wp:term":[{"taxonomy":"category","embeddable":true,"href":"https:\/\/www.lafresca.fm\/fresca-api-json\/wp\/v2\/categories?post=7079"},{"taxonomy":"post_tag","embeddable":true,"href":"https:\/\/www.lafresca.fm\/fresca-api-json\/wp\/v2\/tags?post=7079"}],"curies":[{"name":"wp","href":"https:\/\/api.w.org\/{rel}","templated":true}]}}