{"id":7105,"date":"2022-09-17T16:12:38","date_gmt":"2022-09-17T14:12:38","guid":{"rendered":"https:\/\/www.lafresca.fm\/?p=7105"},"modified":"2022-09-17T16:12:40","modified_gmt":"2022-09-17T14:12:40","slug":"un-coche-queda-atrapado-en-las-escaleras-de-la-plaza-del-carmen-de-onil-lafresca","status":"publish","type":"post","link":"https:\/\/www.lafresca.fm\/un-coche-queda-atrapado-en-las-escaleras-de-la-plaza-del-carmen-de-onil-lafresca\/","title":{"rendered":"Un coche queda atrapado en las escaleras de la plaza del Carmen de Onil -laFRESCA"},"content":{"rendered":"\n<p>El pasado jueves 15 de septiembre, el conductor de un veh\u00edculo tuvo que ser rescatado, ya que por un error, accedi\u00f3 a la plaza del Carmen hasta iniciar la bajada por las escaleras, momento en el que pudo frenar a tiempo.<\/p>\n\n\n\n<figure class=\"wp-block-image size-large is-resized\"><img fetchpriority=\"high\" decoding=\"async\" src=\"https:\/\/www.lafresca.fm\/f-solosog\/2022\/09\/coche-703x1170.jpg\" alt=\"\" class=\"wp-image-7106\" width=\"496\" height=\"825\" srcset=\"https:\/\/www.lafresca.fm\/f-solosog\/2022\/09\/coche-703x1170.jpg 703w, https:\/\/www.lafresca.fm\/f-solosog\/2022\/09\/coche.jpg 735w\" sizes=\"(max-width: 496px) 100vw, 496px\" \/><\/figure>\n\n\n\n<p>El conductor de origen brit\u00e1nico dej\u00f3 el veh\u00edculo atascado con peligro de ca\u00edda y atropello a cualquier peat\u00f3n. La polic\u00eda Local acudi\u00f3 al instante en su auxilio, se\u00f1alizando la zona para evitar cualquier accidente y a continuaci\u00f3n, mediante un todoterreno y cable estante, se logr\u00f3 sacar sin da\u00f1os.<\/p>\n\n\n\n<figure class=\"wp-block-image size-large is-resized\"><img decoding=\"async\" src=\"https:\/\/www.lafresca.fm\/f-solosog\/2022\/09\/coche-2-878x1170.jpg\" alt=\"\" class=\"wp-image-7107\" width=\"488\" height=\"650\" srcset=\"https:\/\/www.lafresca.fm\/f-solosog\/2022\/09\/coche-2-878x1170.jpg 878w, https:\/\/www.lafresca.fm\/f-solosog\/2022\/09\/coche-2-578x770.jpg 578w, https:\/\/www.lafresca.fm\/f-solosog\/2022\/09\/coche-2-768x1024.jpg 768w, https:\/\/www.lafresca.fm\/f-solosog\/2022\/09\/coche-2-1152x1536.jpg 1152w, https:\/\/www.lafresca.fm\/f-solosog\/2022\/09\/coche-2.jpg 1200w\" sizes=\"(max-width: 488px) 100vw, 488px\" \/><\/figure>\n<script>function PlayerjsAsync(){} if(window[\"Playerjs\"]){PlayerjsAsync();}<\/script>","protected":false},"excerpt":{"rendered":"<p>El pasado jueves 15 de septiembre, el conductor de un veh\u00edculo tuvo que ser rescatado, ya que por un error, accedi\u00f3 a la plaza del Carmen hasta iniciar la bajada por las escaleras, momento en el que pudo frenar a tiempo. El conductor de origen brit\u00e1nico dej\u00f3 el veh\u00edculo atascado ...<\/p>\n","protected":false},"author":2,"featured_media":7106,"comment_status":"closed","ping_status":"closed","sticky":false,"template":"","format":"standard","meta":{"_monsterinsights_skip_tracking":false,"_monsterinsights_sitenote_active":false,"_monsterinsights_sitenote_note":"","_monsterinsights_sitenote_category":0,"footnotes":""},"categories":[4],"tags":[133],"class_list":["post-7105","post","type-post","status-publish","format-standard","has-post-thumbnail","hentry","category-alicante","tag-onil"],"aioseo_notices":[],"_links":{"self":[{"href":"https:\/\/www.lafresca.fm\/fresca-api-json\/wp\/v2\/posts\/7105","targetHints":{"allow":["GET"]}}],"collection":[{"href":"https:\/\/www.lafresca.fm\/fresca-api-json\/wp\/v2\/posts"}],"about":[{"href":"https:\/\/www.lafresca.fm\/fresca-api-json\/wp\/v2\/types\/post"}],"author":[{"embeddable":true,"href":"https:\/\/www.lafresca.fm\/fresca-api-json\/wp\/v2\/users\/2"}],"replies":[{"embeddable":true,"href":"https:\/\/www.lafresca.fm\/fresca-api-json\/wp\/v2\/comments?post=7105"}],"version-history":[{"count":1,"href":"https:\/\/www.lafresca.fm\/fresca-api-json\/wp\/v2\/posts\/7105\/revisions"}],"predecessor-version":[{"id":7108,"href":"https:\/\/www.lafresca.fm\/fresca-api-json\/wp\/v2\/posts\/7105\/revisions\/7108"}],"wp:featuredmedia":[{"embeddable":true,"href":"https:\/\/www.lafresca.fm\/fresca-api-json\/wp\/v2\/media\/7106"}],"wp:attachment":[{"href":"https:\/\/www.lafresca.fm\/fresca-api-json\/wp\/v2\/media?parent=7105"}],"wp:term":[{"taxonomy":"category","embeddable":true,"href":"https:\/\/www.lafresca.fm\/fresca-api-json\/wp\/v2\/categories?post=7105"},{"taxonomy":"post_tag","embeddable":true,"href":"https:\/\/www.lafresca.fm\/fresca-api-json\/wp\/v2\/tags?post=7105"}],"curies":[{"name":"wp","href":"https:\/\/api.w.org\/{rel}","templated":true}]}}