{"id":7143,"date":"2022-09-21T15:23:09","date_gmt":"2022-09-21T13:23:09","guid":{"rendered":"https:\/\/www.lafresca.fm\/?p=7143"},"modified":"2022-09-21T15:23:11","modified_gmt":"2022-09-21T13:23:11","slug":"el-archivo-de-ibi-recibe-9272e-para-la-mejora-de-sus-instalaciones-y-la-restauracion-del-patrimonio-documental-lafresca","status":"publish","type":"post","link":"https:\/\/www.lafresca.fm\/el-archivo-de-ibi-recibe-9272e-para-la-mejora-de-sus-instalaciones-y-la-restauracion-del-patrimonio-documental-lafresca\/","title":{"rendered":"El Archivo de Ibi recibe 9,272\u20ac para la mejora de sus instalaciones y la restauraci\u00f3n del patrimonio documental -laFRESCA"},"content":{"rendered":"\n<p>Un a\u00f1o m\u00e1s, la Conselleria de Cultura concede al Archivo Municipal de Ibi una subvenci\u00f3n, dentro del programa de ayudas destinadas a la digitalizaci\u00f3n de la documentaci\u00f3n hist\u00f3rica, para la mejora de las instalaciones de los archivos municipales de la Comunidad Valenciana y la restauraci\u00f3n de su patrimonio documental.<\/p>\n\n\n\n<p>La ayuda asciende a 9.272 \u20ac, con la que el Ayuntamiento ha podido cubrir pr\u00e1cticamente el total de la inversi\u00f3n que se hizo el pasado a\u00f1o consistente en la restauraci\u00f3n, conservaci\u00f3n y preservaci\u00f3n de la totalidad de las placas de vidrio de Jos\u00e9 Francisco P\u00e9rez Vidal, desde 1870 hasta 1925; la digitalizaci\u00f3n de documentaci\u00f3n hist\u00f3rica que, siguiendo las bases de la Orden de Conselleria, llega hasta el a\u00f1o 1950; y la adquisici\u00f3n de un deshumidificador para el control de la temperatura y la humedad relativa del aire para el almac\u00e9n de arqueolog\u00eda en el edificio del mismo Archivo Municipal.<\/p>\n\n\n\n<p>Estas ayudas econ\u00f3micas son muy importantes para el Archivo Municipal de Ibi, ya que con ellas se pueden hacer las inversiones necesarias para una correcta conservaci\u00f3n y preservaci\u00f3n de todo tipo de documentos, en los dep\u00f3sitos del Archivo y tambi\u00e9n la digitalizaci\u00f3n de estos documentos hist\u00f3ricos; actuaciones imprescindibles para garantizar su conservaci\u00f3n y para poder hacerlos, cuando toque, accesibles a toda la ciudadan\u00eda v\u00eda Internet.<\/p>\n\n\n\n<p>Estas actuaciones ponen en valor el rico patrimonio documental de Ibi, con documentos desde el siglo XVI, que deben conservarse, preservarse y poner a disposici\u00f3n de los interesados en las condiciones id\u00f3neas.<\/p>\n\n\n\n<p>** Publicado en DOGV n\u00fam. 9387, de 20.07.2022:<\/p>\n\n\n\n<p>Conselleria d&#8217;Educaci\u00f3, Cultura i Esport<\/p>\n\n\n\n<p>RESOLUCI\u00d3 de 8 de juliol de 2022, de la directora general de Cultura i Patrimoni, de concessi\u00f3 de subvencions destinades a la digitalitzaci\u00f3 i la restauraci\u00f3 de la documentaci\u00f3 hist\u00f2rica i la millora de les instal\u00b7lacions dels arxius municipals de la Comunitat Valenciana. [2022\/6706]<\/p>\n\n\n\n<figure class=\"wp-block-embed\"><div class=\"wp-block-embed__wrapper\">\nhttps:\/\/dogv.gva.es\/datos\/2022\/07\/20\/pdf\/2022_6706.pdf\n<\/div><\/figure>\n\n\n\n<p><\/p>\n<script>function PlayerjsAsync(){} if(window[\"Playerjs\"]){PlayerjsAsync();}<\/script>","protected":false},"excerpt":{"rendered":"<p>Un a\u00f1o m\u00e1s, la Conselleria de Cultura concede al Archivo Municipal de Ibi una subvenci\u00f3n, dentro del programa de ayudas destinadas a la digitalizaci\u00f3n de la documentaci\u00f3n hist\u00f3rica, para la mejora de las instalaciones de los archivos municipales de la Comunidad Valenciana y la restauraci\u00f3n de su patrimonio documental. La ...<\/p>\n","protected":false},"author":2,"featured_media":7144,"comment_status":"closed","ping_status":"closed","sticky":false,"template":"","format":"standard","meta":{"_monsterinsights_skip_tracking":false,"_monsterinsights_sitenote_active":false,"_monsterinsights_sitenote_note":"","_monsterinsights_sitenote_category":0,"footnotes":""},"categories":[4],"tags":[128],"class_list":["post-7143","post","type-post","status-publish","format-standard","has-post-thumbnail","hentry","category-alicante","tag-ibi"],"aioseo_notices":[],"_links":{"self":[{"href":"https:\/\/www.lafresca.fm\/fresca-api-json\/wp\/v2\/posts\/7143","targetHints":{"allow":["GET"]}}],"collection":[{"href":"https:\/\/www.lafresca.fm\/fresca-api-json\/wp\/v2\/posts"}],"about":[{"href":"https:\/\/www.lafresca.fm\/fresca-api-json\/wp\/v2\/types\/post"}],"author":[{"embeddable":true,"href":"https:\/\/www.lafresca.fm\/fresca-api-json\/wp\/v2\/users\/2"}],"replies":[{"embeddable":true,"href":"https:\/\/www.lafresca.fm\/fresca-api-json\/wp\/v2\/comments?post=7143"}],"version-history":[{"count":1,"href":"https:\/\/www.lafresca.fm\/fresca-api-json\/wp\/v2\/posts\/7143\/revisions"}],"predecessor-version":[{"id":7145,"href":"https:\/\/www.lafresca.fm\/fresca-api-json\/wp\/v2\/posts\/7143\/revisions\/7145"}],"wp:featuredmedia":[{"embeddable":true,"href":"https:\/\/www.lafresca.fm\/fresca-api-json\/wp\/v2\/media\/7144"}],"wp:attachment":[{"href":"https:\/\/www.lafresca.fm\/fresca-api-json\/wp\/v2\/media?parent=7143"}],"wp:term":[{"taxonomy":"category","embeddable":true,"href":"https:\/\/www.lafresca.fm\/fresca-api-json\/wp\/v2\/categories?post=7143"},{"taxonomy":"post_tag","embeddable":true,"href":"https:\/\/www.lafresca.fm\/fresca-api-json\/wp\/v2\/tags?post=7143"}],"curies":[{"name":"wp","href":"https:\/\/api.w.org\/{rel}","templated":true}]}}