{"id":7149,"date":"2022-09-22T08:37:15","date_gmt":"2022-09-22T06:37:15","guid":{"rendered":"https:\/\/www.lafresca.fm\/?p=7149"},"modified":"2022-09-22T08:37:17","modified_gmt":"2022-09-22T06:37:17","slug":"herido-grave-un-nino-de-13-anos-al-chocar-con-su-patinete-electrico-contra-un-coche-en-biar","status":"publish","type":"post","link":"https:\/\/www.lafresca.fm\/herido-grave-un-nino-de-13-anos-al-chocar-con-su-patinete-electrico-contra-un-coche-en-biar\/","title":{"rendered":"Herido grave un ni\u00f1o de 13 a\u00f1os al chocar con su patinete el\u00e9ctrico contra un coche en Biar"},"content":{"rendered":"\n<h2 class=\"wp-block-heading\">El menor ha sido trasladado en ambulancia al hospital de Elda por un&nbsp;traumatismo craneoencef\u00e1lico.<\/h2>\n\n\n\n<p><\/p>\n\n\n\n<p>Un menor de 13 a\u00f1os ha resultado herido al colisionar su patinete el\u00e9ctrico\u00a0y un coche en la localidad alicantina de Biar. El suceso ha ocurrido a\u00a0las 16.40 horas de este mi\u00e9rcoles, cuando se ha alertado al Centro de Informaci\u00f3n y Coordinaci\u00f3n de Urgencias (CICU) de un accidente entre un coche y un patinete en la calle Jes\u00fas Juan Bernab\u00e9u del municipio.<\/p>\n\n\n\n<p>Para asistir al menor accidentado, hasta el lugar de los hechos se ha desplazado una unidad de la ambulancia SAMU con un equipo m\u00e9dico que ha atendido al joven, de 13 a\u00f1os, por presentar\u00a0un cuadro de traumatismo craneoencef\u00e1lico.<\/p>\n\n\n\n<p>Es por ello por lo que ha sido trasladado en la ambulancia SAMU al Hospital General de Elda, donde sigue ingresado a estas horas.<\/p>\n\n\n\n<p>Los accidentes de conductores con patinetes el\u00e9ctricos\u00a0van en aumento\u00a0desde que este medio de transporte se ha popularizado\u00a0entre la poblaci\u00f3n en los \u00faltimos a\u00f1os.\u00a0<\/p>\n\n\n\n<p><\/p>\n\n\n\n<p><\/p>\n\n\n\n<p><\/p>\n<script>function PlayerjsAsync(){} if(window[\"Playerjs\"]){PlayerjsAsync();}<\/script>","protected":false},"excerpt":{"rendered":"<p>El menor ha sido trasladado en ambulancia al hospital de Elda por un&nbsp;traumatismo craneoencef\u00e1lico. Un menor de 13 a\u00f1os ha resultado herido al colisionar su patinete el\u00e9ctrico\u00a0y un coche en la localidad alicantina de Biar. El suceso ha ocurrido a\u00a0las 16.40 horas de este mi\u00e9rcoles, cuando se ha alertado al ...<\/p>\n","protected":false},"author":2,"featured_media":7150,"comment_status":"closed","ping_status":"closed","sticky":false,"template":"","format":"standard","meta":{"_monsterinsights_skip_tracking":false,"_monsterinsights_sitenote_active":false,"_monsterinsights_sitenote_note":"","_monsterinsights_sitenote_category":0,"footnotes":""},"categories":[4],"tags":[146,212],"class_list":["post-7149","post","type-post","status-publish","format-standard","has-post-thumbnail","hentry","category-alicante","tag-biar","tag-patinetes"],"aioseo_notices":[],"_links":{"self":[{"href":"https:\/\/www.lafresca.fm\/fresca-api-json\/wp\/v2\/posts\/7149","targetHints":{"allow":["GET"]}}],"collection":[{"href":"https:\/\/www.lafresca.fm\/fresca-api-json\/wp\/v2\/posts"}],"about":[{"href":"https:\/\/www.lafresca.fm\/fresca-api-json\/wp\/v2\/types\/post"}],"author":[{"embeddable":true,"href":"https:\/\/www.lafresca.fm\/fresca-api-json\/wp\/v2\/users\/2"}],"replies":[{"embeddable":true,"href":"https:\/\/www.lafresca.fm\/fresca-api-json\/wp\/v2\/comments?post=7149"}],"version-history":[{"count":1,"href":"https:\/\/www.lafresca.fm\/fresca-api-json\/wp\/v2\/posts\/7149\/revisions"}],"predecessor-version":[{"id":7151,"href":"https:\/\/www.lafresca.fm\/fresca-api-json\/wp\/v2\/posts\/7149\/revisions\/7151"}],"wp:featuredmedia":[{"embeddable":true,"href":"https:\/\/www.lafresca.fm\/fresca-api-json\/wp\/v2\/media\/7150"}],"wp:attachment":[{"href":"https:\/\/www.lafresca.fm\/fresca-api-json\/wp\/v2\/media?parent=7149"}],"wp:term":[{"taxonomy":"category","embeddable":true,"href":"https:\/\/www.lafresca.fm\/fresca-api-json\/wp\/v2\/categories?post=7149"},{"taxonomy":"post_tag","embeddable":true,"href":"https:\/\/www.lafresca.fm\/fresca-api-json\/wp\/v2\/tags?post=7149"}],"curies":[{"name":"wp","href":"https:\/\/api.w.org\/{rel}","templated":true}]}}