{"id":7152,"date":"2022-09-22T08:46:42","date_gmt":"2022-09-22T06:46:42","guid":{"rendered":"https:\/\/www.lafresca.fm\/?p=7152"},"modified":"2022-09-22T08:47:31","modified_gmt":"2022-09-22T06:47:31","slug":"el-consell-de-cultura-apoya-una-ruta-literaria-entre-los-que-se-encuentra-el-escritor-de-castalla-enric-valor-lafresca","status":"publish","type":"post","link":"https:\/\/www.lafresca.fm\/el-consell-de-cultura-apoya-una-ruta-literaria-entre-los-que-se-encuentra-el-escritor-de-castalla-enric-valor-lafresca\/","title":{"rendered":"El Consell de Cultura apoya una ruta literaria entre los que se encuentra el escritor de Castalla Enric Valor &#8211; laFRESCA"},"content":{"rendered":"\n<p>La comisi\u00f3n de Promoci\u00f3n Cultural del Consell Valenci\u00e0 de Cultura (CVC) ha apoyado el proyecto de la ruta de los escritores alicantinos propuesta por la c\u00e1tedra Iberoamericana &#8216;Alejandro Roemmers&#8217; de Industrias Culturales y Creativas (IARICC-UMH) como medio para la difusi\u00f3n del patrimonio literario.<\/p>\n\n\n\n<p>Seg\u00fan un comunicado de la referida c\u00e1tedra, la notificaci\u00f3n de la presidenta del alto \u00f3rgano consultivo de la Generalitat se\u00f1ala que la iniciativa ha recibido una valoraci\u00f3n &#8220;muy positiva&#8221; porque &#8220;el culturismo cultural es fundamental para difundir el patrimonio, tambi\u00e9n el literario.<\/p>\n\n\n\n<figure class=\"wp-block-image size-full is-resized\"><img fetchpriority=\"high\" decoding=\"async\" src=\"https:\/\/www.lafresca.fm\/f-solosog\/2022\/09\/Enric-Valor-revistaCaramella.jpg\" alt=\"\" class=\"wp-image-7153\" width=\"803\" height=\"462\" srcset=\"https:\/\/www.lafresca.fm\/f-solosog\/2022\/09\/Enric-Valor-revistaCaramella.jpg 817w, https:\/\/www.lafresca.fm\/f-solosog\/2022\/09\/Enric-Valor-revistaCaramella-770x443.jpg 770w, https:\/\/www.lafresca.fm\/f-solosog\/2022\/09\/Enric-Valor-revistaCaramella-768x442.jpg 768w\" sizes=\"(max-width: 803px) 100vw, 803px\" \/><\/figure>\n\n\n\n<p>En principio, el itinerario b\u00e1sico de la Ruta Literaria de los Escritores Alicantinos est\u00e1 previsto en torno a Juan Gil Albert (Alcoy), Enric Valor (Castalla), Azor\u00edn (Mon\u00f3var), Gabriel Mir\u00f3 (Polop-Alicante) y Miguel Hern\u00e1ndez (Orihuela), pero podr\u00eda ampliarse con la incorporaci\u00f3n de otros autores y autoras relacionadas con la literatura alicantina o escritores ilustres que escribieron sobre la provincia.<\/p>\n\n\n\n<p>Tras alguna sugerencia para completar los escritores m\u00e1s representativos, el escrito de la presidenta del CVC termina felicitando a la C\u00e1tedra IARICC por la iniciativa, a la que se comprometen a dar soporte desde el Consell Valenci\u00e0 de Cultura, una vez se materialice.<\/p>\n\n\n\n<p>En este contexto, la c\u00e1tedra ha dirigido al Patronato de Turismo Costa Blanca una propuesta de investigaci\u00f3n y de creaci\u00f3n de contenidos sobre el Turismo Literario en la provincia, cuyas acciones a realizar ser\u00edan una Gu\u00eda de Turismo Literario de la Costa Blanca, Ruta Literaria, gu\u00eda para web del Patronato de Turismo Costa Blanca, estudio de impacto y estrategias del turismo en la provincia de Alicante, plan de marketing del turismo literario en la Costa Blanca. EFE<\/p>\n<script>function PlayerjsAsync(){} if(window[\"Playerjs\"]){PlayerjsAsync();}<\/script>","protected":false},"excerpt":{"rendered":"<p>La comisi\u00f3n de Promoci\u00f3n Cultural del Consell Valenci\u00e0 de Cultura (CVC) ha apoyado el proyecto de la ruta de los escritores alicantinos propuesta por la c\u00e1tedra Iberoamericana &#8216;Alejandro Roemmers&#8217; de Industrias Culturales y Creativas (IARICC-UMH) como medio para la difusi\u00f3n del patrimonio literario. Seg\u00fan un comunicado de la referida c\u00e1tedra, ...<\/p>\n","protected":false},"author":2,"featured_media":7153,"comment_status":"closed","ping_status":"closed","sticky":false,"template":"","format":"standard","meta":{"_monsterinsights_skip_tracking":false,"_monsterinsights_sitenote_active":false,"_monsterinsights_sitenote_note":"","_monsterinsights_sitenote_category":0,"footnotes":""},"categories":[4],"tags":[144,214],"class_list":["post-7152","post","type-post","status-publish","format-standard","has-post-thumbnail","hentry","category-alicante","tag-castalla","tag-enric-valor"],"aioseo_notices":[],"_links":{"self":[{"href":"https:\/\/www.lafresca.fm\/fresca-api-json\/wp\/v2\/posts\/7152","targetHints":{"allow":["GET"]}}],"collection":[{"href":"https:\/\/www.lafresca.fm\/fresca-api-json\/wp\/v2\/posts"}],"about":[{"href":"https:\/\/www.lafresca.fm\/fresca-api-json\/wp\/v2\/types\/post"}],"author":[{"embeddable":true,"href":"https:\/\/www.lafresca.fm\/fresca-api-json\/wp\/v2\/users\/2"}],"replies":[{"embeddable":true,"href":"https:\/\/www.lafresca.fm\/fresca-api-json\/wp\/v2\/comments?post=7152"}],"version-history":[{"count":2,"href":"https:\/\/www.lafresca.fm\/fresca-api-json\/wp\/v2\/posts\/7152\/revisions"}],"predecessor-version":[{"id":7155,"href":"https:\/\/www.lafresca.fm\/fresca-api-json\/wp\/v2\/posts\/7152\/revisions\/7155"}],"wp:featuredmedia":[{"embeddable":true,"href":"https:\/\/www.lafresca.fm\/fresca-api-json\/wp\/v2\/media\/7153"}],"wp:attachment":[{"href":"https:\/\/www.lafresca.fm\/fresca-api-json\/wp\/v2\/media?parent=7152"}],"wp:term":[{"taxonomy":"category","embeddable":true,"href":"https:\/\/www.lafresca.fm\/fresca-api-json\/wp\/v2\/categories?post=7152"},{"taxonomy":"post_tag","embeddable":true,"href":"https:\/\/www.lafresca.fm\/fresca-api-json\/wp\/v2\/tags?post=7152"}],"curies":[{"name":"wp","href":"https:\/\/api.w.org\/{rel}","templated":true}]}}