{"id":7156,"date":"2022-09-22T09:24:34","date_gmt":"2022-09-22T07:24:34","guid":{"rendered":"https:\/\/www.lafresca.fm\/?p=7156"},"modified":"2022-09-22T09:24:37","modified_gmt":"2022-09-22T07:24:37","slug":"ibi-acudira-del-23-al-26-de-septiembre-a-la-iv-edicion-de-alicante-gastronomica-lafresca","status":"publish","type":"post","link":"https:\/\/www.lafresca.fm\/ibi-acudira-del-23-al-26-de-septiembre-a-la-iv-edicion-de-alicante-gastronomica-lafresca\/","title":{"rendered":"Ibi acudir\u00e1 del 23 al 26 de septiembre a la IV edici\u00f3n de Alicante Gastron\u00f3mica &#8211; laFRESCA"},"content":{"rendered":"\n<p>La cita tendr\u00e1 lugar en IFA, del 23 al 26 de septiembre.<\/p>\n\n\n\n<p>Ibi acudir\u00e1 a la IV edici\u00f3n de Alicante Gastron\u00f3mica, la feria de gastronom\u00eda m\u00e1s grande de Espa\u00f1a, que se celebrar\u00e1 los pr\u00f3ximos d\u00edas 23, 24, 25 y 26 de septiembre en el recinto ferial IFA.<\/p>\n\n\n\n<p>Alicante Gastron\u00f3mica re\u00fane lo mejor de la gastronom\u00eda del pa\u00eds con m\u00e1s de 250 expositores, entre los que se encuentra el del Ayuntamiento de Ibi que, a trav\u00e9s del \u00e1rea de Turismo, y con la colaboraci\u00f3n de hosteleros locales, pretende mostrar a los visitantes la riqueza gastron\u00f3mica propia de la localidad y de la zona, como un atractivo tur\u00edstico m\u00e1s a a\u00f1adir a los encantos locales.<\/p>\n\n\n\n<p>El domingo, 25 de septiembre, a las 12:30 h, la Taverna D\u2019Origen realizar\u00e1 en el estand de Ibi un show cooking elaborando Abisinio, esclatasang, longaniza y emulsi\u00f3n de tim\u00f3 real (abisinio de herbero, hecho de longaniza y salvia, esclatasang encurtido en herbero y emulsi\u00f3n de huevo de corral y tim\u00f3 real). Tambi\u00e9n realizar\u00e1 Coca de molletes de herbero, su mantecado y nube crujiente de tim\u00f3 real (coca de molletes empapada en jalea de herbero, mantecado de herbero y nube de tim\u00f3 real ba\u00f1ado en chocolate).<\/p>\n\n\n\n<p>El lunes, 26 de septiembre, estar\u00e1 presente en el estand de Ibi el Restaurante Erre Que Erre, con \u201cGiraboix d\u2019Ibi,\u201d de abadejo y de \u201cconill\u201d. Un guiso que ir\u00e1 servido en 2 tiempos, una sopa en primer lugar y luego las verduras y pescado o carne. Erre Que Erres presenta verduras y productos aut\u00f3ctonos de la zona en temporada de oto\u00f1o-invierno tales como la alcachofa, las pencas, la cebolla seca, las patatas y el ajo. Adem\u00e1s, parte de la importancia de los productos de salaz\u00f3n, la mejor manera de poder consumir pescado durante todo el a\u00f1o y, para finalizar, la cr\u00eda de animales como el conejo. Por eso, se presentar\u00e1n los dos tipos de \u201cGiraboix\u201d, el de bacalao y el de carne de conejo.<\/p>\n\n\n\n<p>Durante los d\u00edas en que transcurre el evento, se realizar\u00e1n ponencias y talleres gastron\u00f3micos, habr\u00e1 salas de catas gratuitas, degustaci\u00f3n de miles de tapas a precios populares, concursos con grandes premios, denominaci\u00f3n de origen, comercializaci\u00f3n y venta directa de productos y muchas sorpresas m\u00e1s.<\/p>\n\n\n\n<p>La inauguraci\u00f3n de Alicante gastron\u00f3mica tendr\u00e1 lugar el viernes, 23 de septiembre, a las 12:00 h y el estand de Ibi est\u00e1 ubicado dentro del espacio Saborea Costa Blanca, pabell\u00f3n 2. El Ayuntamiento de Ibi invita a toda la ciudadan\u00eda a asistir y disfrutar de este evento del sabor y la innovaci\u00f3n en la cocina.<\/p>\n<script>function PlayerjsAsync(){} if(window[\"Playerjs\"]){PlayerjsAsync();}<\/script>","protected":false},"excerpt":{"rendered":"<p>La cita tendr\u00e1 lugar en IFA, del 23 al 26 de septiembre. Ibi acudir\u00e1 a la IV edici\u00f3n de Alicante Gastron\u00f3mica, la feria de gastronom\u00eda m\u00e1s grande de Espa\u00f1a, que se celebrar\u00e1 los pr\u00f3ximos d\u00edas 23, 24, 25 y 26 de septiembre en el recinto ferial IFA. Alicante Gastron\u00f3mica re\u00fane ...<\/p>\n","protected":false},"author":2,"featured_media":7157,"comment_status":"closed","ping_status":"closed","sticky":false,"template":"","format":"standard","meta":{"_monsterinsights_skip_tracking":false,"_monsterinsights_sitenote_active":false,"_monsterinsights_sitenote_note":"","_monsterinsights_sitenote_category":0,"footnotes":""},"categories":[4],"tags":[],"class_list":["post-7156","post","type-post","status-publish","format-standard","has-post-thumbnail","hentry","category-alicante"],"aioseo_notices":[],"_links":{"self":[{"href":"https:\/\/www.lafresca.fm\/fresca-api-json\/wp\/v2\/posts\/7156","targetHints":{"allow":["GET"]}}],"collection":[{"href":"https:\/\/www.lafresca.fm\/fresca-api-json\/wp\/v2\/posts"}],"about":[{"href":"https:\/\/www.lafresca.fm\/fresca-api-json\/wp\/v2\/types\/post"}],"author":[{"embeddable":true,"href":"https:\/\/www.lafresca.fm\/fresca-api-json\/wp\/v2\/users\/2"}],"replies":[{"embeddable":true,"href":"https:\/\/www.lafresca.fm\/fresca-api-json\/wp\/v2\/comments?post=7156"}],"version-history":[{"count":1,"href":"https:\/\/www.lafresca.fm\/fresca-api-json\/wp\/v2\/posts\/7156\/revisions"}],"predecessor-version":[{"id":7158,"href":"https:\/\/www.lafresca.fm\/fresca-api-json\/wp\/v2\/posts\/7156\/revisions\/7158"}],"wp:featuredmedia":[{"embeddable":true,"href":"https:\/\/www.lafresca.fm\/fresca-api-json\/wp\/v2\/media\/7157"}],"wp:attachment":[{"href":"https:\/\/www.lafresca.fm\/fresca-api-json\/wp\/v2\/media?parent=7156"}],"wp:term":[{"taxonomy":"category","embeddable":true,"href":"https:\/\/www.lafresca.fm\/fresca-api-json\/wp\/v2\/categories?post=7156"},{"taxonomy":"post_tag","embeddable":true,"href":"https:\/\/www.lafresca.fm\/fresca-api-json\/wp\/v2\/tags?post=7156"}],"curies":[{"name":"wp","href":"https:\/\/api.w.org\/{rel}","templated":true}]}}