{"id":7159,"date":"2022-09-22T15:40:21","date_gmt":"2022-09-22T13:40:21","guid":{"rendered":"https:\/\/www.lafresca.fm\/?p=7159"},"modified":"2022-09-22T15:41:06","modified_gmt":"2022-09-22T13:41:06","slug":"la-vii-edicion-onil-es-mostra-preve-recibir-a-15-000-visitantes-durante-los-dias-7-8-y-9-de-octubre-lafresca","status":"publish","type":"post","link":"https:\/\/www.lafresca.fm\/la-vii-edicion-onil-es-mostra-preve-recibir-a-15-000-visitantes-durante-los-dias-7-8-y-9-de-octubre-lafresca\/","title":{"rendered":"La VII edici\u00f3n de &#8220;Onil es Mostra&#8221; prev\u00e9 recibir a 15.000 visitantes durante los d\u00edas 7, 8 y 9 de Octubre -laFRESCA"},"content":{"rendered":"\n<p>Las calles del casco urbano de Onil se transformar\u00e1n en recinto ferial para acoger, adem\u00e1s de los stands comerciales, actividades como: Concierto de El Diluvi, Competici\u00f3n de Autos Locos, Correfocs, Tardeos, Degustaciones, Basket 3&#215;3 en la calle, Volta a Peu, Danzas, Visitas tur\u00edsticas, exposiciones, espect\u00e1culos infantiles&#8230; <\/p>\n\n\n\n<p>El Ayuntamiento de Onil ha presentado esta ma\u00f1ana en rueda de prensa la que ser\u00e1 la VII edici\u00f3n de Onil es Mostra. <\/p>\n\n\n\n<figure class=\"wp-block-image size-large is-resized\"><img fetchpriority=\"high\" decoding=\"async\" src=\"https:\/\/www.lafresca.fm\/f-solosog\/2022\/09\/onilesmostra-1170x833.jpg\" alt=\"\" class=\"wp-image-7160\" width=\"813\" height=\"579\" srcset=\"https:\/\/www.lafresca.fm\/f-solosog\/2022\/09\/onilesmostra-1170x833.jpg 1170w, https:\/\/www.lafresca.fm\/f-solosog\/2022\/09\/onilesmostra-770x548.jpg 770w, https:\/\/www.lafresca.fm\/f-solosog\/2022\/09\/onilesmostra-768x547.jpg 768w, https:\/\/www.lafresca.fm\/f-solosog\/2022\/09\/onilesmostra-1536x1093.jpg 1536w, https:\/\/www.lafresca.fm\/f-solosog\/2022\/09\/onilesmostra.jpg 1967w\" sizes=\"(max-width: 813px) 100vw, 813px\" \/><figcaption>De Izquierda a derecha, Marcos Pardines (Turismo), Humi Guill (Alcaldesa de Onil), Marisa Siles (Edil de Feria)<\/figcaption><\/figure>\n\n\n\n<p>El acto de presentaci\u00f3n ha estado presidido por la Alcaldesa de Onil, Humi Guill, la concejal de ferias, Marisa Siles, y el concejal de turismo, Marcos Pardines. Humi Gulll ha explicado que el evento est\u00e1 dise\u00f1ado con el objetivo principal de conseguir un gran impacto social y econ\u00f3mico para la poblaci\u00f3n.<\/p>\n\n\n\n<p>La alcaldesa ha comentado que la estrategia ha sido apostar por la oferta de actividades de calidad y gratuitas que no solamente inviten a participar a los propios colivencos y colivencas, sino que tambi\u00e9n atraigan a los vecinos de la Comunidad Valenciana a elegir Onil ese fin de semana como destino tur\u00edstico y de consumo. <\/p>\n\n\n\n<p>Humi ha concluido su comparecencia exponiendo que una de las novedades de esta edici\u00f3n es la de haber elegido a una persona ilustre de la poblaci\u00f3n para leer un preg\u00f3n en la Inauguraci\u00f3n oficial del evento. Esta persona es Pepe Juan Col\u00e1s, ingeniero de admirable trayectoria profesional y que actualmente reside en Barcelona.<\/p>\n\n\n\n<figure class=\"wp-block-image size-large is-resized\"><img decoding=\"async\" src=\"https:\/\/www.lafresca.fm\/f-solosog\/2022\/09\/onilesmostra-2-1-1110x1170.jpg\" alt=\"\" class=\"wp-image-7162\" width=\"717\" height=\"755\" srcset=\"https:\/\/www.lafresca.fm\/f-solosog\/2022\/09\/onilesmostra-2-1-1110x1170.jpg 1110w, https:\/\/www.lafresca.fm\/f-solosog\/2022\/09\/onilesmostra-2-1-731x770.jpg 731w, https:\/\/www.lafresca.fm\/f-solosog\/2022\/09\/onilesmostra-2-1-768x809.jpg 768w, https:\/\/www.lafresca.fm\/f-solosog\/2022\/09\/onilesmostra-2-1.jpg 1118w\" sizes=\"(max-width: 717px) 100vw, 717px\" \/><\/figure>\n\n\n\n<p>Marisa Siles ha sido la encargada de profundizar en la presentaci\u00f3n del programa de actividades en el que ha destacado, entre otras, la retransmisi\u00f3n del programa de RNE &#8220;Espa\u00f1a Rural&#8221; y la programaci\u00f3n en directo de laFRESCA durante las ma\u00f1anas del s\u00e1bado 8 y domingo 9 de octubre ; el Concierto de El Diluvi; El Correfocs, El Aplec de Danzas; la competici\u00f3n de Autos Locos; el torneo de basket 3&#215;3 con una cancha en una plaza. Tambi\u00e9n ha querido recalcar la gratuidad de todas las actividades y la peculiaridad de que la gran mayor\u00eda se celebren al aire libre en las calles y plazas de Onil.<\/p>\n\n\n\n<p>Marisa ha cerrado su turno de palabra confirmando que habr\u00e1 m\u00e1s de 30 stands de comercios, empresas y asociaciones de Onil, adem\u00e1s de los puestos de venta de un Mercado Vintage que acudir\u00e1n desde diferentes puntos de la provincia de Alicante. Marcos Pardines ha celebrado la continuidad de un evento que, aunque es joven en cuanto a n\u00famero de ediciones, significa una gran apuesta turistica para Onil. <\/p>\n\n\n\n<p>El edil de turismo ha explicado que el desaf\u00edo es lograr que visiten la poblaci\u00f3n m\u00e1s de 15.000 personas y que el turista quede con ganas de volver para conocer mejor todo lo que ofrece Onil. Ha destacado tambi\u00e9n que para esta edici\u00f3n se ha renovado la imagen corporativa y ha explicado brevemente el significado del logotipo dise\u00f1ado por la colivenca Sara Roque. <\/p>\n\n\n\n<p>Por \u00faltimo, Marcos ha destacado que ya hay confirmadas la presencia de m\u00e1s de 70 autocaravanas al evento, para las que se han establecido zonas especiales de aparcamiento, entre otras la zona caravaning que precisamente se inaugurar\u00e1 para este evento.<\/p>\n<script>function PlayerjsAsync(){} if(window[\"Playerjs\"]){PlayerjsAsync();}<\/script>","protected":false},"excerpt":{"rendered":"<p>Las calles del casco urbano de Onil se transformar\u00e1n en recinto ferial para acoger, adem\u00e1s de los stands comerciales, actividades como: Concierto de El Diluvi, Competici\u00f3n de Autos Locos, Correfocs, Tardeos, Degustaciones, Basket 3&#215;3 en la calle, Volta a Peu, Danzas, Visitas tur\u00edsticas, exposiciones, espect\u00e1culos infantiles&#8230; El Ayuntamiento de Onil ...<\/p>\n","protected":false},"author":2,"featured_media":7160,"comment_status":"closed","ping_status":"closed","sticky":false,"template":"","format":"standard","meta":{"_monsterinsights_skip_tracking":false,"_monsterinsights_sitenote_active":false,"_monsterinsights_sitenote_note":"","_monsterinsights_sitenote_category":0,"footnotes":""},"categories":[4],"tags":[133,215],"class_list":["post-7159","post","type-post","status-publish","format-standard","has-post-thumbnail","hentry","category-alicante","tag-onil","tag-onil-es-mostra"],"aioseo_notices":[],"_links":{"self":[{"href":"https:\/\/www.lafresca.fm\/fresca-api-json\/wp\/v2\/posts\/7159","targetHints":{"allow":["GET"]}}],"collection":[{"href":"https:\/\/www.lafresca.fm\/fresca-api-json\/wp\/v2\/posts"}],"about":[{"href":"https:\/\/www.lafresca.fm\/fresca-api-json\/wp\/v2\/types\/post"}],"author":[{"embeddable":true,"href":"https:\/\/www.lafresca.fm\/fresca-api-json\/wp\/v2\/users\/2"}],"replies":[{"embeddable":true,"href":"https:\/\/www.lafresca.fm\/fresca-api-json\/wp\/v2\/comments?post=7159"}],"version-history":[{"count":2,"href":"https:\/\/www.lafresca.fm\/fresca-api-json\/wp\/v2\/posts\/7159\/revisions"}],"predecessor-version":[{"id":7164,"href":"https:\/\/www.lafresca.fm\/fresca-api-json\/wp\/v2\/posts\/7159\/revisions\/7164"}],"wp:featuredmedia":[{"embeddable":true,"href":"https:\/\/www.lafresca.fm\/fresca-api-json\/wp\/v2\/media\/7160"}],"wp:attachment":[{"href":"https:\/\/www.lafresca.fm\/fresca-api-json\/wp\/v2\/media?parent=7159"}],"wp:term":[{"taxonomy":"category","embeddable":true,"href":"https:\/\/www.lafresca.fm\/fresca-api-json\/wp\/v2\/categories?post=7159"},{"taxonomy":"post_tag","embeddable":true,"href":"https:\/\/www.lafresca.fm\/fresca-api-json\/wp\/v2\/tags?post=7159"}],"curies":[{"name":"wp","href":"https:\/\/api.w.org\/{rel}","templated":true}]}}