{"id":7177,"date":"2022-09-26T14:18:43","date_gmt":"2022-09-26T12:18:43","guid":{"rendered":"https:\/\/www.lafresca.fm\/?p=7177"},"modified":"2022-09-26T14:18:45","modified_gmt":"2022-09-26T12:18:45","slug":"el-sep-cv-solicita-al-ayuntamiento-de-castalla-la-contratacion-urgente-de-policia-local-lafresca","status":"publish","type":"post","link":"https:\/\/www.lafresca.fm\/el-sep-cv-solicita-al-ayuntamiento-de-castalla-la-contratacion-urgente-de-policia-local-lafresca\/","title":{"rendered":"El SEP-CV solicita al Ayuntamiento de Castalla la contrataci\u00f3n urgente de polic\u00eda local -laFRESCA"},"content":{"rendered":"\n<p>El Sindicato de Empleados P\u00fablicos de la Comunidad Valenciana (SEP-CV) en el Ayuntamiento de Castalla ha solicitado al consistorio de manera formal la contrataci\u00f3n urgente de polic\u00eda local. Los delegados sindicales del SEP-CV denuncian la merma en la seguridad provocada por la carencia de efectivos, ya que faltan 7 personas para completar la plantilla policial en la localidad.<\/p>\n\n\n\n<p>De las 16 plazas de agente de polic\u00eda en el Ayuntamiento de Castalla, todav\u00eda 7 siguen vacantes. Es decir, un 44% de las plazas de polic\u00eda local no est\u00e1n cubiertas. Por este motivo, existe un perjuicio en la seguridad de la ciudadan\u00eda, as\u00ed como una merma de derechos para la plantilla actual. Las condiciones laborales de la polic\u00eda local de Castalla est\u00e1n por debajo de la media de su categor\u00eda, raz\u00f3n por la que la mayor\u00eda de efectivos solicita traslado a otras localidades. La no contrataci\u00f3n de nuevo personal para cubrir las ausencias supone un ahorro para las cuentas p\u00fablicas del consistorio, en detrimento de la seguridad local y de las condiciones de trabajo de la polic\u00eda.<\/p>\n\n\n\n<p>Durante la semana del 12 al 18 de septiembre, solo un polic\u00eda local prest\u00f3 servicio en algunos turnos de tarde y noche. Es decir, un solo efectivo cubri\u00f3 todo el t\u00e9rmino municipal de Castalla, con una superficie de 114,6 kil\u00f3metro cuadrados y una poblaci\u00f3n de m\u00e1s de 10.000 habitantes. El ahorro de personal y la pol\u00e9mica organizaci\u00f3n de la plantilla de la polic\u00eda local ha provocado, tambi\u00e9n, la paralizaci\u00f3n de la actividad sindical para no dejar sin polic\u00eda a la localidad o sin vacaciones a la plantilla.<\/p>\n\n\n\n<p>La insostenibilidad de la situaci\u00f3n ha provocado que desde el SEP-CV se haya solicitado al Ayuntamiento de Castalla, a trav\u00e9s de registro de entrada que, excepcionalmente y concurriendo motivos de urgencia y necesidad, se realicen las gestiones oportunas para cubrir los puestos vacantes.<\/p>\n<script>function PlayerjsAsync(){} if(window[\"Playerjs\"]){PlayerjsAsync();}<\/script>","protected":false},"excerpt":{"rendered":"<p>El Sindicato de Empleados P\u00fablicos de la Comunidad Valenciana (SEP-CV) en el Ayuntamiento de Castalla ha solicitado al consistorio de manera formal la contrataci\u00f3n urgente de polic\u00eda local. Los delegados sindicales del SEP-CV denuncian la merma en la seguridad provocada por la carencia de efectivos, ya que faltan 7 personas ...<\/p>\n","protected":false},"author":2,"featured_media":7178,"comment_status":"closed","ping_status":"closed","sticky":false,"template":"","format":"standard","meta":{"_monsterinsights_skip_tracking":false,"_monsterinsights_sitenote_active":false,"_monsterinsights_sitenote_note":"","_monsterinsights_sitenote_category":0,"footnotes":""},"categories":[4],"tags":[],"class_list":["post-7177","post","type-post","status-publish","format-standard","has-post-thumbnail","hentry","category-alicante"],"aioseo_notices":[],"_links":{"self":[{"href":"https:\/\/www.lafresca.fm\/fresca-api-json\/wp\/v2\/posts\/7177","targetHints":{"allow":["GET"]}}],"collection":[{"href":"https:\/\/www.lafresca.fm\/fresca-api-json\/wp\/v2\/posts"}],"about":[{"href":"https:\/\/www.lafresca.fm\/fresca-api-json\/wp\/v2\/types\/post"}],"author":[{"embeddable":true,"href":"https:\/\/www.lafresca.fm\/fresca-api-json\/wp\/v2\/users\/2"}],"replies":[{"embeddable":true,"href":"https:\/\/www.lafresca.fm\/fresca-api-json\/wp\/v2\/comments?post=7177"}],"version-history":[{"count":1,"href":"https:\/\/www.lafresca.fm\/fresca-api-json\/wp\/v2\/posts\/7177\/revisions"}],"predecessor-version":[{"id":7179,"href":"https:\/\/www.lafresca.fm\/fresca-api-json\/wp\/v2\/posts\/7177\/revisions\/7179"}],"wp:featuredmedia":[{"embeddable":true,"href":"https:\/\/www.lafresca.fm\/fresca-api-json\/wp\/v2\/media\/7178"}],"wp:attachment":[{"href":"https:\/\/www.lafresca.fm\/fresca-api-json\/wp\/v2\/media?parent=7177"}],"wp:term":[{"taxonomy":"category","embeddable":true,"href":"https:\/\/www.lafresca.fm\/fresca-api-json\/wp\/v2\/categories?post=7177"},{"taxonomy":"post_tag","embeddable":true,"href":"https:\/\/www.lafresca.fm\/fresca-api-json\/wp\/v2\/tags?post=7177"}],"curies":[{"name":"wp","href":"https:\/\/api.w.org\/{rel}","templated":true}]}}