{"id":7189,"date":"2022-09-28T08:26:21","date_gmt":"2022-09-28T06:26:21","guid":{"rendered":"https:\/\/www.lafresca.fm\/?p=7189"},"modified":"2022-09-28T08:26:23","modified_gmt":"2022-09-28T06:26:23","slug":"grupo-monje-incorpora-dos-nuevos-vehiculos-a-su-extensa-flota-lafresca","status":"publish","type":"post","link":"https:\/\/www.lafresca.fm\/grupo-monje-incorpora-dos-nuevos-vehiculos-a-su-extensa-flota-lafresca\/","title":{"rendered":"Grupo Monje incorpora dos nuevos veh\u00edculos a su extensa flota -laFRESCA"},"content":{"rendered":"\n<p>La gran flota de veh\u00edculos equipados que posee el\u00a0<a href=\"http:\/\/www.autoescuelamonje.com\/\" target=\"_blank\" rel=\"noreferrer noopener\">GRUPO MONJE\u00a0<\/a>para realizar pr\u00e1cticas formativas contin\u00faa sumando efectivos. Desde este pasado verano la empresa ibense ha incorporado\u00a0dos nuevos turismos a su flota. Como siempre,\u00a0la seguridad en sus veh\u00edculos est\u00e1 certificada al cien por cien, puesto que cumplen con las revisiones de manera peri\u00f3dica para que sus alumnos no tengan ning\u00fan tipo de complicaci\u00f3n durante su aprendizaje.<\/p>\n\n\n\n<figure class=\"wp-block-image size-full is-resized\"><img fetchpriority=\"high\" decoding=\"async\" src=\"https:\/\/www.lafresca.fm\/f-solosog\/2022\/09\/GRUPO-MONJE-2-1024x768-1.jpg\" alt=\"\" class=\"wp-image-7190\" width=\"840\" height=\"630\" srcset=\"https:\/\/www.lafresca.fm\/f-solosog\/2022\/09\/GRUPO-MONJE-2-1024x768-1.jpg 1024w, https:\/\/www.lafresca.fm\/f-solosog\/2022\/09\/GRUPO-MONJE-2-1024x768-1-770x578.jpg 770w, https:\/\/www.lafresca.fm\/f-solosog\/2022\/09\/GRUPO-MONJE-2-1024x768-1-768x576.jpg 768w\" sizes=\"(max-width: 840px) 100vw, 840px\" \/><\/figure>\n\n\n\n<figure class=\"wp-block-image size-full\"><img decoding=\"async\" width=\"1024\" height=\"768\" src=\"https:\/\/www.lafresca.fm\/f-solosog\/2022\/09\/GRUPO-MONJE-1-1024x768-1.jpg\" alt=\"\" class=\"wp-image-7191\" srcset=\"https:\/\/www.lafresca.fm\/f-solosog\/2022\/09\/GRUPO-MONJE-1-1024x768-1.jpg 1024w, https:\/\/www.lafresca.fm\/f-solosog\/2022\/09\/GRUPO-MONJE-1-1024x768-1-770x578.jpg 770w, https:\/\/www.lafresca.fm\/f-solosog\/2022\/09\/GRUPO-MONJE-1-1024x768-1-768x576.jpg 768w\" sizes=\"(max-width: 1024px) 100vw, 1024px\" \/><\/figure>\n<script>function PlayerjsAsync(){} if(window[\"Playerjs\"]){PlayerjsAsync();}<\/script>","protected":false},"excerpt":{"rendered":"<p>La gran flota de veh\u00edculos equipados que posee el\u00a0GRUPO MONJE\u00a0para realizar pr\u00e1cticas formativas contin\u00faa sumando efectivos. Desde este pasado verano la empresa ibense ha incorporado\u00a0dos nuevos turismos a su flota. Como siempre,\u00a0la seguridad en sus veh\u00edculos est\u00e1 certificada al cien por cien, puesto que cumplen con las revisiones de manera ...<\/p>\n","protected":false},"author":2,"featured_media":7190,"comment_status":"closed","ping_status":"closed","sticky":false,"template":"","format":"standard","meta":{"_monsterinsights_skip_tracking":false,"_monsterinsights_sitenote_active":false,"_monsterinsights_sitenote_note":"","_monsterinsights_sitenote_category":0,"footnotes":""},"categories":[4],"tags":[218],"class_list":["post-7189","post","type-post","status-publish","format-standard","has-post-thumbnail","hentry","category-alicante","tag-grupo-monje"],"aioseo_notices":[],"_links":{"self":[{"href":"https:\/\/www.lafresca.fm\/fresca-api-json\/wp\/v2\/posts\/7189","targetHints":{"allow":["GET"]}}],"collection":[{"href":"https:\/\/www.lafresca.fm\/fresca-api-json\/wp\/v2\/posts"}],"about":[{"href":"https:\/\/www.lafresca.fm\/fresca-api-json\/wp\/v2\/types\/post"}],"author":[{"embeddable":true,"href":"https:\/\/www.lafresca.fm\/fresca-api-json\/wp\/v2\/users\/2"}],"replies":[{"embeddable":true,"href":"https:\/\/www.lafresca.fm\/fresca-api-json\/wp\/v2\/comments?post=7189"}],"version-history":[{"count":1,"href":"https:\/\/www.lafresca.fm\/fresca-api-json\/wp\/v2\/posts\/7189\/revisions"}],"predecessor-version":[{"id":7192,"href":"https:\/\/www.lafresca.fm\/fresca-api-json\/wp\/v2\/posts\/7189\/revisions\/7192"}],"wp:featuredmedia":[{"embeddable":true,"href":"https:\/\/www.lafresca.fm\/fresca-api-json\/wp\/v2\/media\/7190"}],"wp:attachment":[{"href":"https:\/\/www.lafresca.fm\/fresca-api-json\/wp\/v2\/media?parent=7189"}],"wp:term":[{"taxonomy":"category","embeddable":true,"href":"https:\/\/www.lafresca.fm\/fresca-api-json\/wp\/v2\/categories?post=7189"},{"taxonomy":"post_tag","embeddable":true,"href":"https:\/\/www.lafresca.fm\/fresca-api-json\/wp\/v2\/tags?post=7189"}],"curies":[{"name":"wp","href":"https:\/\/api.w.org\/{rel}","templated":true}]}}