{"id":7203,"date":"2022-09-30T11:23:37","date_gmt":"2022-09-30T09:23:37","guid":{"rendered":"https:\/\/www.lafresca.fm\/?p=7203"},"modified":"2022-09-30T11:24:06","modified_gmt":"2022-09-30T09:24:06","slug":"castalla-programa-tres-dias-de-exposiciones-sorteos-y-musica-con-la-celebracion-del-expoart-patchwork","status":"publish","type":"post","link":"https:\/\/www.lafresca.fm\/castalla-programa-tres-dias-de-exposiciones-sorteos-y-musica-con-la-celebracion-del-expoart-patchwork\/","title":{"rendered":"Castalla programa tres d\u00edas de exposiciones, sorteos y m\u00fasica con la celebraci\u00f3n del \u2018ExpoArt Patchwork\u2019 -laFRESCA"},"content":{"rendered":"\n<p>El evento centrado en la costura tendr\u00e1 lugar los d\u00edas 7, 8 y 9 de octubre e incluye un acto de homenaje y exposici\u00f3n en honor a Moly Ram\u00edrez<\/p>\n\n\n\n<p>El Ayuntamiento de Castalla ha programado tres d\u00edas dedicados al arte del patchwork, una forma de costura que consiste en coser piezas de tela para crear un dise\u00f1o m\u00e1s grande, bajo el t\u00edtulo \u2018Expoart Patchwork\u2019. Durante los d\u00edas 7, 8 y 9 de octubre, la localidad acoger\u00e1 exposiciones, sorteos y m\u00fasica relacionados con esta disciplina en la Casa de Cultura. Adem\u00e1s, este a\u00f1o el evento coincide con el D\u00eda de la Comunitat Valenciana, que se celebra en todo el territorio el 9 de octubre y tambi\u00e9n cuenta con actividades especiales en la localidad.<\/p>\n\n\n\n<p>\u2018Expoart Patchwork\u2019 se ha organizado desde el Consistorio a trav\u00e9s de la Concejal\u00eda de Turismo junto a \u2018Dona i Fils Macu\u2019 y cuenta con la colaboraci\u00f3n de Costa Blanca, GVA Turisme y las asociaciones valenciana y espa\u00f1ola de patchwork. En la muestra se podr\u00e1n ver obras de las expositoras Amparo Brotons, Macu de \u2018Dona i Fils\u2019, Tina G\u00f3mez, Paloma Gonz\u00e1lez de \u2018Oliva Patch\u2019, Ana Telier y Maika Garc\u00eda de \u2018Tot i m\u00e9s\u2019.<\/p>\n\n\n\n<figure class=\"wp-block-image size-full is-resized\"><img fetchpriority=\"high\" decoding=\"async\" src=\"https:\/\/www.lafresca.fm\/f-solosog\/2022\/09\/Cartells-PatchWork-1.jpeg\" alt=\"\" class=\"wp-image-7205\" width=\"764\" height=\"764\" srcset=\"https:\/\/www.lafresca.fm\/f-solosog\/2022\/09\/Cartells-PatchWork-1.jpeg 1080w, https:\/\/www.lafresca.fm\/f-solosog\/2022\/09\/Cartells-PatchWork-1-770x770.jpeg 770w, https:\/\/www.lafresca.fm\/f-solosog\/2022\/09\/Cartells-PatchWork-1-150x150.jpeg 150w, https:\/\/www.lafresca.fm\/f-solosog\/2022\/09\/Cartells-PatchWork-1-768x768.jpeg 768w, https:\/\/www.lafresca.fm\/f-solosog\/2022\/09\/Cartells-PatchWork-1-100x100.jpeg 100w, https:\/\/www.lafresca.fm\/f-solosog\/2022\/09\/Cartells-PatchWork-1-370x370.jpeg 370w\" sizes=\"(max-width: 764px) 100vw, 764px\" \/><\/figure>\n\n\n\n<p>La edil responsable del \u00e1rea, Maite Gimeno, ha destacado que \u201cinvitamos a toda la poblaci\u00f3n a participar en las actividades que hemos programado y asistir a las exposiciones de \u2018ExpoArt Patchwork\u2019 para conocer el arte que hay detr\u00e1s de estas creaciones que han hecho las mujeres de Castalla\u201d.<\/p>\n\n\n\n<p>En cuanto a la programaci\u00f3n, el viernes 7 de octubre se realizar\u00e1 la inauguraci\u00f3n oficial de la exposici\u00f3n \u2018ExpoArt Patchwork\u2019, en homenaje a Moly Ram\u00edrez de \u2018Costuretas Moly\u2019, a partir de las 19:30 horas. La muestra se podr\u00e1 visitar en la Casa de Cultura hasta las 21:30 horas. Adem\u00e1s, a las 20:30 horas tambi\u00e9n est\u00e1 programado el concierto de Santa Cecilia en el Auditorio municipal. Adem\u00e1s, durante todo el fin de semana se podr\u00e1 visitar la exposici\u00f3n de l\u00e1mparas de litofania en \u2018la pecera\u2019 del parque municipal.<\/p>\n\n\n\n<figure class=\"wp-block-image size-large is-resized\"><img decoding=\"async\" src=\"https:\/\/www.lafresca.fm\/f-solosog\/2022\/09\/Cartells-PatchWork-2-658x1170.jpeg\" alt=\"\" class=\"wp-image-7206\" width=\"841\" height=\"1495\" srcset=\"https:\/\/www.lafresca.fm\/f-solosog\/2022\/09\/Cartells-PatchWork-2-658x1170.jpeg 658w, https:\/\/www.lafresca.fm\/f-solosog\/2022\/09\/Cartells-PatchWork-2-433x770.jpeg 433w, https:\/\/www.lafresca.fm\/f-solosog\/2022\/09\/Cartells-PatchWork-2-768x1366.jpeg 768w, https:\/\/www.lafresca.fm\/f-solosog\/2022\/09\/Cartells-PatchWork-2-864x1536.jpeg 864w, https:\/\/www.lafresca.fm\/f-solosog\/2022\/09\/Cartells-PatchWork-2.jpeg 899w\" sizes=\"(max-width: 841px) 100vw, 841px\" \/><\/figure>\n\n\n\n<p>Por su parte, durante el s\u00e1bado 8 de octubre la exposici\u00f3n se podr\u00e1 visitar en horario de 10:00 a 14:00 horas y de 17:00 a 20:00 horas. Adem\u00e1s, a las 13:00 horas se celebrar\u00e1 la entrega de detalles a las expositoras participantes y el vino de honor. En cuanto a las actuaciones musicales, a las 18:00 horas tendr\u00e1 lugar la actuaci\u00f3n del Mago Franvic en la explanada de la Casa de Cultura y a partir de las 00:00 horas el concierto de \u2018Germans Brothers\u2019, que interpretar\u00e1n versiones de pop y rock.<\/p>\n\n\n\n<p>Finalmente, el domingo la exposici\u00f3n se puede visitar por la ma\u00f1ana, entre las 10:00 y las 14:00 horas. A mediod\u00eda, a las 12:00 horas se har\u00e1 el sorteo de la colcha de patchwork \u2018Dona i fils\u2019 en la Casa de Cultura. Los ni\u00f1os y ni\u00f1as de la localidad podr\u00e1n disfrutar de actividades infantiles e hinchables desde las 10:00 hasta las 14:00 horas.<\/p>\n\n\n\n<figure class=\"wp-block-image size-full is-resized\"><img decoding=\"async\" src=\"https:\/\/www.lafresca.fm\/f-solosog\/2022\/09\/Cartells-PatchWork-3.jpeg\" alt=\"\" class=\"wp-image-7207\" width=\"815\" height=\"1266\" srcset=\"https:\/\/www.lafresca.fm\/f-solosog\/2022\/09\/Cartells-PatchWork-3.jpeg 535w, https:\/\/www.lafresca.fm\/f-solosog\/2022\/09\/Cartells-PatchWork-3-496x770.jpeg 496w\" sizes=\"(max-width: 815px) 100vw, 815px\" \/><\/figure>\n\n\n\n<p>Por otra parte, en el marco de la festividad del 9 de octubre, D\u00eda de la Comunitat Valenciana, se celebrar\u00e1 el tradicional cocinado de paellas en el parque municipal. Las personas interesadas deben apuntarse en la Oficina de Turismo y traer los elementos<\/p>\n\n\n\n<p>necesarios para realizar las paellas. La arena y la le\u00f1a corre a cargo del Ayuntamiento. La jornada finalizar\u00e1 con el concierto de \u2018El Sogall\u2019 a las 19:00 horas en el Auditorio.<\/p>\n<script>function PlayerjsAsync(){} if(window[\"Playerjs\"]){PlayerjsAsync();}<\/script>","protected":false},"excerpt":{"rendered":"<p>El evento centrado en la costura tendr\u00e1 lugar los d\u00edas 7, 8 y 9 de octubre e incluye un acto de homenaje y exposici\u00f3n en honor a Moly Ram\u00edrez El Ayuntamiento de Castalla ha programado tres d\u00edas dedicados al arte del patchwork, una forma de costura que consiste en coser ...<\/p>\n","protected":false},"author":2,"featured_media":7204,"comment_status":"closed","ping_status":"closed","sticky":false,"template":"","format":"standard","meta":{"_monsterinsights_skip_tracking":false,"_monsterinsights_sitenote_active":false,"_monsterinsights_sitenote_note":"","_monsterinsights_sitenote_category":0,"footnotes":""},"categories":[4],"tags":[144],"class_list":["post-7203","post","type-post","status-publish","format-standard","has-post-thumbnail","hentry","category-alicante","tag-castalla"],"aioseo_notices":[],"_links":{"self":[{"href":"https:\/\/www.lafresca.fm\/fresca-api-json\/wp\/v2\/posts\/7203","targetHints":{"allow":["GET"]}}],"collection":[{"href":"https:\/\/www.lafresca.fm\/fresca-api-json\/wp\/v2\/posts"}],"about":[{"href":"https:\/\/www.lafresca.fm\/fresca-api-json\/wp\/v2\/types\/post"}],"author":[{"embeddable":true,"href":"https:\/\/www.lafresca.fm\/fresca-api-json\/wp\/v2\/users\/2"}],"replies":[{"embeddable":true,"href":"https:\/\/www.lafresca.fm\/fresca-api-json\/wp\/v2\/comments?post=7203"}],"version-history":[{"count":2,"href":"https:\/\/www.lafresca.fm\/fresca-api-json\/wp\/v2\/posts\/7203\/revisions"}],"predecessor-version":[{"id":7210,"href":"https:\/\/www.lafresca.fm\/fresca-api-json\/wp\/v2\/posts\/7203\/revisions\/7210"}],"wp:featuredmedia":[{"embeddable":true,"href":"https:\/\/www.lafresca.fm\/fresca-api-json\/wp\/v2\/media\/7204"}],"wp:attachment":[{"href":"https:\/\/www.lafresca.fm\/fresca-api-json\/wp\/v2\/media?parent=7203"}],"wp:term":[{"taxonomy":"category","embeddable":true,"href":"https:\/\/www.lafresca.fm\/fresca-api-json\/wp\/v2\/categories?post=7203"},{"taxonomy":"post_tag","embeddable":true,"href":"https:\/\/www.lafresca.fm\/fresca-api-json\/wp\/v2\/tags?post=7203"}],"curies":[{"name":"wp","href":"https:\/\/api.w.org\/{rel}","templated":true}]}}