{"id":7214,"date":"2022-10-05T08:41:26","date_gmt":"2022-10-05T06:41:26","guid":{"rendered":"https:\/\/www.lafresca.fm\/?p=7214"},"modified":"2022-10-05T08:41:28","modified_gmt":"2022-10-05T06:41:28","slug":"la-empresa-de-onil-sir-agencia-entre-los-6-finalistas-para-el-premio-jovempa-al-talento-empresarial-joven-2022-lafresca","status":"publish","type":"post","link":"https:\/\/www.lafresca.fm\/la-empresa-de-onil-sir-agencia-entre-los-6-finalistas-para-el-premio-jovempa-al-talento-empresarial-joven-2022-lafresca\/","title":{"rendered":"La empresa de Onil Sir Agencia, entre los 6 finalistas para el Premio Jovempa al Talento Empresarial Joven 2022 -laFRESCA"},"content":{"rendered":"\n<p>El viernes, d\u00eda&nbsp;<strong>14 de octubre<\/strong>,&nbsp;la Federaci\u00f3n de Asociaciones de J\u00f3venes Empresarios de la provincia de Alicante,&nbsp;<strong>Jovempa Federaci\u00f3n<\/strong>,&nbsp;junto con la&nbsp;<strong>Diputaci oacute;n Provincial de Alicante<\/strong>,&nbsp; &nbsp; el&nbsp;<strong>Ayuntamiento de Benidorm<\/strong>&nbsp;y el&nbsp;<strong>Banco Sabadell<\/strong>, celebran en el Paseo de los Tamarindos, ubicado en la Cala de Benidorm, de esta ciudad, a partir de las 19:00 horas, la&nbsp;<strong>Gala del Premio Jovempa 2022.<\/strong><\/p>\n\n\n\n<p>En esta nueva edici\u00f3n han sido\u00a0<strong>seis<\/strong>\u00a0los candidatos seleccionados como\u00a0<strong>finalistas<\/strong>, provenientes de cinco comarcas de la provincia, y que representan el talento y la iniciativa del empresariado joven de la provincia de Alicante.<\/p>\n\n\n\n<figure class=\"wp-block-image size-large is-resized\"><img fetchpriority=\"high\" decoding=\"async\" src=\"https:\/\/www.lafresca.fm\/f-solosog\/2022\/10\/JOVEMPA-1170x735.png\" alt=\"\" class=\"wp-image-7215\" width=\"826\" height=\"518\" srcset=\"https:\/\/www.lafresca.fm\/f-solosog\/2022\/10\/JOVEMPA-1170x735.png 1170w, https:\/\/www.lafresca.fm\/f-solosog\/2022\/10\/JOVEMPA-770x484.png 770w, https:\/\/www.lafresca.fm\/f-solosog\/2022\/10\/JOVEMPA-768x482.png 768w, https:\/\/www.lafresca.fm\/f-solosog\/2022\/10\/JOVEMPA.png 1250w\" sizes=\"(max-width: 826px) 100vw, 826px\" \/><\/figure>\n\n\n\n<p>Los finalistas 2022 son:<\/p>\n\n\n\n<p><strong><u>FRANCISCO SOLER VALERO: TRAUMATOLOG\u00cdA SOLER<\/u><\/strong><\/p>\n\n\n\n<p>Con sede en&nbsp;<strong>Elche<\/strong>,&nbsp;<strong>Francisco Soler<\/strong>&nbsp;es un joven traumat\u00f3logo de 36 a\u00f1os de edad, que comenz\u00f3 su proyecto en el a\u00f1o 2016. La&nbsp;<strong>Cl iacute;nica de Traumatolog\u00eda Soler<\/strong>&nbsp;es un centro de referencia especializado en Traumatolog\u00eda y Cirug\u00eda Ortop\u00e9dica, siempre en constante b\u00fasqueda de mejoras tecnol\u00f3gicas e innovaciones m\u00e9dicas. Cuenta con servicio de neurocirug\u00eda y unidad del dolor, habiendo recibido este a\u00f1o el premio al mejor Traumat\u00f3logo de Espa\u00f1a en el Premio Nacional de Medicina Siglo XXI.&nbsp;<\/p>\n\n\n\n<p><strong><u>ELOY LICER\u00c1N FUENTES: CACAHUETE COMUNICACI\u00d3N<\/u><\/strong><\/p>\n\n\n\n<p><strong>CACAHUETE COMUNICACI\u00d3N&nbsp;<\/strong>&nbsp; es una Agencia de Marketing, ubicada en&nbsp;<strong>Elche<\/strong>, dedicada a la gesti\u00f3n de campa\u00f1as digitales y redes sociales, SEO, SEM, ideaci\u00f3n de campa\u00f1as creativas, eventos, branding, video y fotograf\u00eda.&nbsp;<strong>Eloy Licer\u00e1n<\/strong>, empresario de 39 a\u00f1os,<strong>&nbsp;<\/strong>es el fundador y CEO de Cacahuete Comunicaci\u00f3n, periodista de formaci\u00f3n, tras 15 a\u00f1os vinculado a distintos medios de Elche, decide pone en marcha este proyecto en el a\u00f1o 2016. Actualmente es adem\u00e1s el presidente de la Asociaci\u00f3n de Publicidad de la Provincia de Alicante (Asociaci\u00f3n 361\u00ba).<\/p>\n\n\n\n<p><strong><u>DAMI\u00c1N SIM\u00d3N COLLAZO: GRUPO LOFER<\/u><\/strong><\/p>\n\n\n\n<p>Con sede en&nbsp;<strong>Villajoyosa<\/strong>,&nbsp;<strong>Dami aacute;n Sim\u00f3n<\/strong>&nbsp;es un joven empresario de 36 a\u00f1os de edad, que asume la direcci\u00f3n de esta empresa, tras su compra, en el a\u00f1o 2015. &nbsp; El&nbsp;<strong>Grupo Lofer<\/strong>&nbsp;centra su actividad en los productos y servicios para la extinci\u00f3n y detecci\u00f3n de incendios, as\u00ed como las instalaciones de alarmas de intrusi\u00f3n y vigilancia en empresas y particulares, habiendo incluido tambi\u00e9n los servicios de Telecomunicaciones, energ\u00eda y formaci\u00f3n. Desde la incorporaci\u00f3n de Dami\u00e1n a la gesti\u00f3n como CEO, se ha apostado por la diversificaci\u00f3n, la renovaci\u00f3n de las instalaciones de la empresa y de la flota de veh\u00edculos, la certificaci\u00f3n en sistemas de calidad y la atenci\u00f3n al cliente, contando con un total de m\u00e1s de 4.200 clientes en toda la Comunidad Valenciana, resto de Espa\u00f1a y Portugal.<\/p>\n\n\n\n<p><strong><u>JUAN CHAPAPR\u00cdA GARC\u00cdA DE OTAZO: CHAPAPR\u00cdA NAVARRO &amp; ASOCIADOS<\/u><\/strong><\/p>\n\n\n\n<p><strong>Juan Chapapr\u00eda<\/strong>, empresario de 36 a\u00f1os, es actualmente Socio-Director del Bufete&nbsp;<strong>Chapapr iacute;a-Navarro &amp; Asociados,<\/strong>&nbsp;ubicado en&nbsp;<strong>Torrevieja<\/strong>. El despacho cuenta con abogados especializados en Derecho Administrativo, Sanitario, Inmobiliario, Urban\u00edstico, Bancario y Civil, y tiene presencia en Torrevieja, Albacete y Valencia, adem\u00e1s de colaboraci\u00f3n con despachos de Madrid, Murcia y Alicante. Fundado en 1971, es en 2016 cuando Juan Chapapr\u00eda asume la direcci\u00f3n, constituyendo nueva sociedad en el a\u00f1o 2018, a partir de la cual se ha convertido en uno de los despachos jur\u00eddicos m\u00e1s importantes de la provincia de Alicante.<\/p>\n\n\n\n<p><strong><u>GERM\u00c1N AGULL\u00d3 GARC\u00cdA: GDV MOBILITY<\/u><\/strong><\/p>\n\n\n\n<p><strong>GDV Mobility<\/strong>, nace en el a\u00f1o 2021 con sede en&nbsp;<strong>Alicante<\/strong>, dedicada a la venta y distribuci\u00f3n de recambios de veh\u00edculo el\u00e9ctrico, especialmente patinete y bicicleta. Cuenta con una plataforma propia de B2B a trav\u00e9s de la cual agilizan la llegada del producto al cliente y reducen los plazos de entrega.&nbsp;<strong>Germ\u00e1n Agull\u00f3<\/strong>&nbsp;es el joven empresario, de 22 a\u00f1os de edad confundador y actual CEO de la empresa, que ya distribuye sus productos a mas de 5.000 tiendas en toda Espa\u00f1a.<\/p>\n\n\n\n<p><strong><u>MIGUEL GARC\u00cdA VIDAL: SIR AGENCIA<\/u><\/strong><\/p>\n\n\n\n<p><strong>SIR AGENCIA<\/strong>, es una empresa ubicada en Onil y fundada en el a\u00f1o 2008 por&nbsp;<strong>Miguel Garc\u00eda<\/strong>. Dedicada al dise\u00f1o y producci\u00f3n de eventos socio-educativos dirigidos a menores y familias, entre sus principales servicios se encuentran las visitas tur\u00edsticas teatralizadas, los espect\u00e1culos culturales, las escuelas de verano y los talleres tem\u00e1ticos para periodos vacaciones, siempre con el objetivo de que los ni\u00f1os disfruten y se diviertan aprendiendo. Coincidiendo con el par\u00f3n de la actividad provocado por la pandemia, pusieron en marcha la iniciativa \u2018Parapandemics\u2019, una serie de televisi\u00f3n infantil informativa y en tono positivo sobre la pandemia que consigui\u00f3 mucho repercusi\u00f3n en medios.<\/p>\n\n\n\n<p>Estas seis historias de superaci\u00f3n, tenacidad y talento recibir\u00e1n su merecido homenaje en la pr\u00f3xima gala del Premio Jovempa.<\/p>\n\n\n\n<p>El acto de entrega del premio Jovempa 2022 tendr\u00e1 lugar el d\u00eda&nbsp;<strong>14 de octubre<\/strong>&nbsp;a partir de las&nbsp;<strong>19:00 h. horas<\/strong>, en el&nbsp;<strong>&nbsp;Paseo de los Tamarindos de la Cala de Benidorm<\/strong>. El evento contar\u00e1 con la asistencia de representantes de las principales organizaciones empresariales, entidades p\u00fablicas locales, provinciales y auton\u00f3micas y j\u00f3venes empresas de toda la provincia.<\/p>\n\n\n\n<p>El premio Jovempa cuenta con el patrocinio del \u00e1rea de Juventud de la&nbsp;<strong>Diputaci\u00f3n Provincial de Alicante<\/strong>, el&nbsp;<strong>Ayuntamiento de Benidorm<\/strong>&nbsp;y el&nbsp;<strong>Banco Sabadell.<\/strong><\/p>\n<script>function PlayerjsAsync(){} if(window[\"Playerjs\"]){PlayerjsAsync();}<\/script>","protected":false},"excerpt":{"rendered":"<p>El viernes, d\u00eda&nbsp;14 de octubre,&nbsp;la Federaci\u00f3n de Asociaciones de J\u00f3venes Empresarios de la provincia de Alicante,&nbsp;Jovempa Federaci\u00f3n,&nbsp;junto con la&nbsp;Diputaci oacute;n Provincial de Alicante,&nbsp; &nbsp; el&nbsp;Ayuntamiento de Benidorm&nbsp;y el&nbsp;Banco Sabadell, celebran en el Paseo de los Tamarindos, ubicado en la Cala de Benidorm, de esta ciudad, a partir de las 19:00 ...<\/p>\n","protected":false},"author":2,"featured_media":7215,"comment_status":"closed","ping_status":"closed","sticky":false,"template":"","format":"standard","meta":{"_monsterinsights_skip_tracking":false,"_monsterinsights_sitenote_active":false,"_monsterinsights_sitenote_note":"","_monsterinsights_sitenote_category":0,"footnotes":""},"categories":[4],"tags":[221,133,220],"class_list":["post-7214","post","type-post","status-publish","format-standard","has-post-thumbnail","hentry","category-alicante","tag-jovempa","tag-onil","tag-sir-agencia"],"aioseo_notices":[],"_links":{"self":[{"href":"https:\/\/www.lafresca.fm\/fresca-api-json\/wp\/v2\/posts\/7214","targetHints":{"allow":["GET"]}}],"collection":[{"href":"https:\/\/www.lafresca.fm\/fresca-api-json\/wp\/v2\/posts"}],"about":[{"href":"https:\/\/www.lafresca.fm\/fresca-api-json\/wp\/v2\/types\/post"}],"author":[{"embeddable":true,"href":"https:\/\/www.lafresca.fm\/fresca-api-json\/wp\/v2\/users\/2"}],"replies":[{"embeddable":true,"href":"https:\/\/www.lafresca.fm\/fresca-api-json\/wp\/v2\/comments?post=7214"}],"version-history":[{"count":1,"href":"https:\/\/www.lafresca.fm\/fresca-api-json\/wp\/v2\/posts\/7214\/revisions"}],"predecessor-version":[{"id":7217,"href":"https:\/\/www.lafresca.fm\/fresca-api-json\/wp\/v2\/posts\/7214\/revisions\/7217"}],"wp:featuredmedia":[{"embeddable":true,"href":"https:\/\/www.lafresca.fm\/fresca-api-json\/wp\/v2\/media\/7215"}],"wp:attachment":[{"href":"https:\/\/www.lafresca.fm\/fresca-api-json\/wp\/v2\/media?parent=7214"}],"wp:term":[{"taxonomy":"category","embeddable":true,"href":"https:\/\/www.lafresca.fm\/fresca-api-json\/wp\/v2\/categories?post=7214"},{"taxonomy":"post_tag","embeddable":true,"href":"https:\/\/www.lafresca.fm\/fresca-api-json\/wp\/v2\/tags?post=7214"}],"curies":[{"name":"wp","href":"https:\/\/api.w.org\/{rel}","templated":true}]}}