{"id":7221,"date":"2022-10-05T17:10:58","date_gmt":"2022-10-05T15:10:58","guid":{"rendered":"https:\/\/www.lafresca.fm\/?p=7221"},"modified":"2022-10-05T17:11:25","modified_gmt":"2022-10-05T15:11:25","slug":"finalizan-en-ibi-las-obras-de-red-de-saneamiento-en-el-barrio-de-la-ciudad-deportiva-y-el-colector-de-la-calle-san-pascual-lafresca","status":"publish","type":"post","link":"https:\/\/www.lafresca.fm\/finalizan-en-ibi-las-obras-de-red-de-saneamiento-en-el-barrio-de-la-ciudad-deportiva-y-el-colector-de-la-calle-san-pascual-lafresca\/","title":{"rendered":"Finalizan en Ibi las obras de Red de Saneamiento en el Barrio de la Ciudad Deportiva y el Colector de la Calle San Pascual &#8211;  laFRESCA"},"content":{"rendered":"\n<p>Finalizadas las obras de mejora de la red de abastecimiento de agua potable de las calles Fernando de Rojas, Juan de Villamediana, Arcipreste de Hita, Joanot Martorell y un tramo de Vicente Alexandre.<\/p>\n\n\n\n<p>Con esta renovaci\u00f3n de la red de agua potable y acometidas, y la instalaci\u00f3n de 410 metros de tuber\u00eda Fundici\u00f3n D\u00factil, se ha conseguido reducir las p\u00e9rdidas de agua, con lo que se produce una menor extracci\u00f3n del agua y, por lo tanto, una mejora en los acu\u00edferos con la consiguiente mejora ambiental.<\/p>\n\n\n\n<figure class=\"wp-block-image size-full is-resized\"><img fetchpriority=\"high\" decoding=\"async\" src=\"https:\/\/www.lafresca.fm\/f-solosog\/2022\/10\/Captura-1.png\" alt=\"\" class=\"wp-image-7222\" width=\"813\" height=\"609\" srcset=\"https:\/\/www.lafresca.fm\/f-solosog\/2022\/10\/Captura-1.png 1016w, https:\/\/www.lafresca.fm\/f-solosog\/2022\/10\/Captura-1-770x577.png 770w, https:\/\/www.lafresca.fm\/f-solosog\/2022\/10\/Captura-1-768x575.png 768w\" sizes=\"(max-width: 813px) 100vw, 813px\" \/><\/figure>\n\n\n\n<p>Asimismo, quedan finalizadas las obras de reparaci\u00f3n de red de saneamiento de la calle San Pascual de Ibi, a trav\u00e9s de la subvenci\u00f3n concedida por la Diputaci\u00f3n de Alicante<\/p>\n\n\n\n<p>Presentaban un mal estado de conservaci\u00f3n, lo que se traduc\u00eda en una obstrucci\u00f3n constante de la red de saneamiento. Se han construido 10 pozos de registros, realizado la conexi\u00f3n de 17 acometidas domiciliarias y la posterior reposici\u00f3n del pavimento de 120 m de calle, y reparaci\u00f3n de bordillos deteriorados<\/p>\n\n\n\n<figure class=\"wp-block-image size-full is-resized\"><img decoding=\"async\" src=\"https:\/\/www.lafresca.fm\/f-solosog\/2022\/10\/Captura.png\" alt=\"\" class=\"wp-image-7224\" width=\"812\" height=\"607\" srcset=\"https:\/\/www.lafresca.fm\/f-solosog\/2022\/10\/Captura.png 1021w, https:\/\/www.lafresca.fm\/f-solosog\/2022\/10\/Captura-770x576.png 770w, https:\/\/www.lafresca.fm\/f-solosog\/2022\/10\/Captura-768x575.png 768w\" sizes=\"(max-width: 812px) 100vw, 812px\" \/><\/figure>\n<script>function PlayerjsAsync(){} if(window[\"Playerjs\"]){PlayerjsAsync();}<\/script>","protected":false},"excerpt":{"rendered":"<p>Finalizadas las obras de mejora de la red de abastecimiento de agua potable de las calles Fernando de Rojas, Juan de Villamediana, Arcipreste de Hita, Joanot Martorell y un tramo de Vicente Alexandre. Con esta renovaci\u00f3n de la red de agua potable y acometidas, y la instalaci\u00f3n de 410 metros ...<\/p>\n","protected":false},"author":2,"featured_media":7222,"comment_status":"closed","ping_status":"closed","sticky":false,"template":"","format":"standard","meta":{"_monsterinsights_skip_tracking":false,"_monsterinsights_sitenote_active":false,"_monsterinsights_sitenote_note":"","_monsterinsights_sitenote_category":0,"footnotes":""},"categories":[4],"tags":[128,129],"class_list":["post-7221","post","type-post","status-publish","format-standard","has-post-thumbnail","hentry","category-alicante","tag-ibi","tag-obras-ibi"],"aioseo_notices":[],"_links":{"self":[{"href":"https:\/\/www.lafresca.fm\/fresca-api-json\/wp\/v2\/posts\/7221","targetHints":{"allow":["GET"]}}],"collection":[{"href":"https:\/\/www.lafresca.fm\/fresca-api-json\/wp\/v2\/posts"}],"about":[{"href":"https:\/\/www.lafresca.fm\/fresca-api-json\/wp\/v2\/types\/post"}],"author":[{"embeddable":true,"href":"https:\/\/www.lafresca.fm\/fresca-api-json\/wp\/v2\/users\/2"}],"replies":[{"embeddable":true,"href":"https:\/\/www.lafresca.fm\/fresca-api-json\/wp\/v2\/comments?post=7221"}],"version-history":[{"count":2,"href":"https:\/\/www.lafresca.fm\/fresca-api-json\/wp\/v2\/posts\/7221\/revisions"}],"predecessor-version":[{"id":7226,"href":"https:\/\/www.lafresca.fm\/fresca-api-json\/wp\/v2\/posts\/7221\/revisions\/7226"}],"wp:featuredmedia":[{"embeddable":true,"href":"https:\/\/www.lafresca.fm\/fresca-api-json\/wp\/v2\/media\/7222"}],"wp:attachment":[{"href":"https:\/\/www.lafresca.fm\/fresca-api-json\/wp\/v2\/media?parent=7221"}],"wp:term":[{"taxonomy":"category","embeddable":true,"href":"https:\/\/www.lafresca.fm\/fresca-api-json\/wp\/v2\/categories?post=7221"},{"taxonomy":"post_tag","embeddable":true,"href":"https:\/\/www.lafresca.fm\/fresca-api-json\/wp\/v2\/tags?post=7221"}],"curies":[{"name":"wp","href":"https:\/\/api.w.org\/{rel}","templated":true}]}}