{"id":7249,"date":"2022-10-11T11:47:32","date_gmt":"2022-10-11T09:47:32","guid":{"rendered":"https:\/\/www.lafresca.fm\/?p=7249"},"modified":"2022-10-11T11:47:36","modified_gmt":"2022-10-11T09:47:36","slug":"enric-valor-protagonista-en-castalla-durante-la-celebracion-de-la-v-feria-de-la-fantasia-lafresca","status":"publish","type":"post","link":"https:\/\/www.lafresca.fm\/enric-valor-protagonista-en-castalla-durante-la-celebracion-de-la-v-feria-de-la-fantasia-lafresca\/","title":{"rendered":"Enric Valor, protagonista en Castalla durante la celebraci\u00f3n de la V \u2018Feria de la Fantas\u00eda\u2019 -laFRESCA"},"content":{"rendered":"\n<p>La concejal\u00eda de Cultura ha presentado 4 d\u00edas de actividades con rutas teatralizadas, una scape route, charlas o exposiciones sobre el escritor<\/p>\n\n\n\n<p>La figura de Enric Valor ser\u00e1 la protagonista de la V \u2018Feria de la Fantas\u00eda\u2019, que tendr\u00e1 lugar en Castalla entre el 20 y el 23 de octubre. Esta propuesta de la Concejal\u00eda de Cultura est\u00e1 dedicada a profundizar entre la figura del reconocido escritor castellut y la capital de la Foia. Para ello, el Ayuntamiento ha presentado una completa programaci\u00f3n con cuatro d\u00edas de actividades variadas: rutas teatralizadas, la scape route \u2018La rondalla perduda\u2019, charlas y exposiciones. Todo ello centrado en la vida y obra de Enric Valor, a quien la Generalitat Valenciana distingui\u00f3 con su Alta Distinci\u00f3n a t\u00edtulo p\u00f3stumo en los pasados Premios 9 de octubre.<\/p>\n\n\n\n<p>La \u2018Feria de la Fantas\u00eda\u2019 est\u00e1 organizada por el Ayuntamiento de Castalla, la C\u00e1tedra Enric Valor de la Universidad de Alicante (UA) y el Centre Cutlural Castellut. Adem\u00e1s, cuenta con la colaboraci\u00f3n de la Coordinadora Alcoi\u00e0 i Comtat pel Valenci\u00e0, Escola Valenciana, el Museo Valenciano de Etnolog\u00eda, la Ruta de Rondalles Valencianes y Escaparate Digital.<\/p>\n\n\n\n<p>El concejal de Cultura, Sa\u00fal Mira, ha explicado que \u201cla Feria de la Fantas\u00eda es una celebraci\u00f3n que hemos consolidado en el calendario cultural de Castalla gracias a la importancia de la figura de Enric Valor. Este a\u00f1o celebramos la quinta edici\u00f3n e invitamos a toda la poblaci\u00f3n a conocer el patrimonio literario del escritor y su relaci\u00f3n con nuestra ciudad\u201d. El edil ha asegurado que \u201cla programaci\u00f3n permite a toda la familia, ni\u00f1os, pero tambi\u00e9n adultos, acercarnos a la figura de nuestro escritor m\u00e1s reconocido a trav\u00e9s de todo tipo de actividades\u201d.<\/p>\n\n\n\n<p>El jueves 20 de octubre arrancar\u00e1 la feria con la presentaci\u00f3n de la \u2018Ruta de les rondalles valencianes\u2019 a trav\u00e9s de una mesa participativa a las 19.30 horas en la Casa de Cultura. Se trata de un proyecto de vertebraci\u00f3n de los recursos rondall\u00edsticos de los pueblos valencianos.<\/p>\n\n\n\n<p>Al d\u00eda siguiente, el viernes 21, tendr\u00e1 lugar la inauguraci\u00f3n de la exposici\u00f3n \u2018La rondalla dibuixada\u2019 de Francesc Santana, a las 19:00 horas tambi\u00e9n en la Casa de Cultura, en la que se podr\u00e1n observar los originales de las ilustraciones de \u2018Les rondalles valencianes\u2019 de Enric Valor. Acto seguido, a las 19:30 horas, Santana impartir\u00e1 la charla \u201cDibujar la fantas\u00eda: las ilustraciones de las Rondalles valencianes de Enric Valor\u201d.<\/p>\n\n\n\n<p>La jornada del s\u00e1bado 22 de octubre comenzar\u00e1 pronto, con la ruta literaria a Planisses \u2018Tiempo de batida\u2019, con salida a las 8:30 horas desde la \u2018Creu Vermella\u2019 de Castalla. Ya por la tarde, a las 18:00 horas se realizar\u00e1 la representaci\u00f3n de la obra \u2018Comencilda, Secundina i Acabilda\u2019 a cargo de Testa Teatre. Para acabar el d\u00eda, a partir de las 19:00 horas la plaza Mayor acoger\u00e1 la \u2018Fiesta Valor\u2019 con la celebraci\u00f3n de una noche de rondallas.<\/p>\n\n\n\n<p>Finalmente, el domingo 23 de octubre ser\u00e1 el \u00faltimo d\u00eda de la feria. Desde las 10:30 horas tendr\u00e1 lugar la feria del libro fant\u00e1stico, con el mercado de la fantas\u00eda,<\/p>\n\n\n\n<p>muixerangues y la actuaci\u00f3n de la Colla El Sogall. A las 11:00 horas el centro hist\u00f3rico de la ciudad ser\u00e1 el escenario de la ruta teatralizada a cargo de Tres Teatre. A mediod\u00eda, el artista Dani Miquel actuar\u00e1 en la Plaza Mayor con el espect\u00e1culo infantil \u201cUna fiesta de fantas\u00edas\u201d a las 12:30 horas.<\/p>\n\n\n\n<p>Adem\u00e1s, durante toda la semana se podr\u00e1 realizar la scape route \u2018La rondalla perduda\u2019, inspirada en Enric Valor para descubrir la ciudad de forma l\u00fadica. Las personas interesadas pueden acceder a esta actividad a trav\u00e9s de su tel\u00e9fono m\u00f3vil o tablet con conexi\u00f3n a internet, sin necesidad de instalar ninguna app o programa, en la direcci\u00f3n escapede.es.<\/p>\n<script>function PlayerjsAsync(){} if(window[\"Playerjs\"]){PlayerjsAsync();}<\/script>","protected":false},"excerpt":{"rendered":"<p>La concejal\u00eda de Cultura ha presentado 4 d\u00edas de actividades con rutas teatralizadas, una scape route, charlas o exposiciones sobre el escritor La figura de Enric Valor ser\u00e1 la protagonista de la V \u2018Feria de la Fantas\u00eda\u2019, que tendr\u00e1 lugar en Castalla entre el 20 y el 23 de octubre. ...<\/p>\n","protected":false},"author":2,"featured_media":7250,"comment_status":"closed","ping_status":"closed","sticky":false,"template":"","format":"standard","meta":{"_monsterinsights_skip_tracking":false,"_monsterinsights_sitenote_active":false,"_monsterinsights_sitenote_note":"","_monsterinsights_sitenote_category":0,"footnotes":""},"categories":[4],"tags":[144],"class_list":["post-7249","post","type-post","status-publish","format-standard","has-post-thumbnail","hentry","category-alicante","tag-castalla"],"aioseo_notices":[],"_links":{"self":[{"href":"https:\/\/www.lafresca.fm\/fresca-api-json\/wp\/v2\/posts\/7249","targetHints":{"allow":["GET"]}}],"collection":[{"href":"https:\/\/www.lafresca.fm\/fresca-api-json\/wp\/v2\/posts"}],"about":[{"href":"https:\/\/www.lafresca.fm\/fresca-api-json\/wp\/v2\/types\/post"}],"author":[{"embeddable":true,"href":"https:\/\/www.lafresca.fm\/fresca-api-json\/wp\/v2\/users\/2"}],"replies":[{"embeddable":true,"href":"https:\/\/www.lafresca.fm\/fresca-api-json\/wp\/v2\/comments?post=7249"}],"version-history":[{"count":1,"href":"https:\/\/www.lafresca.fm\/fresca-api-json\/wp\/v2\/posts\/7249\/revisions"}],"predecessor-version":[{"id":7251,"href":"https:\/\/www.lafresca.fm\/fresca-api-json\/wp\/v2\/posts\/7249\/revisions\/7251"}],"wp:featuredmedia":[{"embeddable":true,"href":"https:\/\/www.lafresca.fm\/fresca-api-json\/wp\/v2\/media\/7250"}],"wp:attachment":[{"href":"https:\/\/www.lafresca.fm\/fresca-api-json\/wp\/v2\/media?parent=7249"}],"wp:term":[{"taxonomy":"category","embeddable":true,"href":"https:\/\/www.lafresca.fm\/fresca-api-json\/wp\/v2\/categories?post=7249"},{"taxonomy":"post_tag","embeddable":true,"href":"https:\/\/www.lafresca.fm\/fresca-api-json\/wp\/v2\/tags?post=7249"}],"curies":[{"name":"wp","href":"https:\/\/api.w.org\/{rel}","templated":true}]}}