{"id":7276,"date":"2022-10-17T10:56:58","date_gmt":"2022-10-17T08:56:58","guid":{"rendered":"https:\/\/www.lafresca.fm\/?p=7276"},"modified":"2022-10-17T10:57:00","modified_gmt":"2022-10-17T08:57:00","slug":"castalla-sensibiliza-sobre-la-diversidad-funcional-entre-la-infancia-y-la-adolescencia-de-la-localidad-lafresca","status":"publish","type":"post","link":"https:\/\/www.lafresca.fm\/castalla-sensibiliza-sobre-la-diversidad-funcional-entre-la-infancia-y-la-adolescencia-de-la-localidad-lafresca\/","title":{"rendered":"Castalla sensibiliza sobre la diversidad funcional entre la infancia y la adolescencia de la localidad -laFRESCA"},"content":{"rendered":"\n<p>La campa\u00f1a bajo el eslogan \u2018Jo tamb\u00e9\u2019 est\u00e1 impulsada por la concejal\u00eda de Servicios Sociales y se enmarca en el I Plan Municipal de Infancia y Adolescencia<\/p>\n\n\n\n<p>El Ayuntamiento de Castalla ha impulsado la campa\u00f1a de sensibilizaci\u00f3n sobre diversidad funcional \u2018Jo tamb\u00e9\u2019, que busca concienciar a la infancia y la adolescencia de la localidad sobre esta cuesti\u00f3n. La iniciativa se ha impulsado desde la concejal\u00eda de Servicios Sociales y se enmarca en el I Plan Municipal de Infancia y Adolescencia.<\/p>\n\n\n\n<p>La concejala de Servicios Sociales, Maite Gimeno, ha destacado que \u201cen el marco de este plan municipal hemos desarrollado diferentes iniciativas para informar y formar a la poblaci\u00f3n infantil y adolescente de Castalla en unos valores de responsabilidad, tolerancia e inclusi\u00f3n\u201d. En este sentido, ha a\u00f1adido la edil responsable, \u201cnuestro objetivo es fomentar la participaci\u00f3n de las personas con diversidad funcional en todos los \u00e1mbitos de nuestra sociedad y ayudarles as\u00ed a superar las barreras que todav\u00eda hoy existen\u201d.<\/p>\n\n\n\n<figure class=\"wp-block-image size-large is-resized\"><img fetchpriority=\"high\" decoding=\"async\" src=\"https:\/\/www.lafresca.fm\/f-solosog\/2022\/10\/01_-SORD_PANADERIA-827x1170.jpg\" alt=\"\" class=\"wp-image-7277\" width=\"551\" height=\"779\" srcset=\"https:\/\/www.lafresca.fm\/f-solosog\/2022\/10\/01_-SORD_PANADERIA-827x1170.jpg 827w, https:\/\/www.lafresca.fm\/f-solosog\/2022\/10\/01_-SORD_PANADERIA-544x770.jpg 544w, https:\/\/www.lafresca.fm\/f-solosog\/2022\/10\/01_-SORD_PANADERIA-768x1086.jpg 768w, https:\/\/www.lafresca.fm\/f-solosog\/2022\/10\/01_-SORD_PANADERIA-1086x1536.jpg 1086w, https:\/\/www.lafresca.fm\/f-solosog\/2022\/10\/01_-SORD_PANADERIA-1448x2048.jpg 1448w, https:\/\/www.lafresca.fm\/f-solosog\/2022\/10\/01_-SORD_PANADERIA-scaled.jpg 1810w\" sizes=\"(max-width: 551px) 100vw, 551px\" \/><\/figure>\n\n\n\n<p>La campa\u00f1a, dirigida a la infancia, es un elemento de educaci\u00f3n en valores para los ni\u00f1os y ni\u00f1as de Castalla. De acuerdo con los principios de la campa\u00f1a \u2018Jo tamb\u00e9\u2019, la infancia no necesita l\u00edneas rectas, simetr\u00eda y escenarios ultra realistas, sino fantas\u00eda, luz y color. La poblaci\u00f3n m\u00e1s joven no necesita reproducir roles y prejuicios, sino m\u00e1s bien empaparse de vida y abrazar la diversidad.<\/p>\n\n\n\n<p>As\u00ed, el lema de la iniciativa \u2018Jo tamb\u00e9\u2019 busca la inclusi\u00f3n de las personas con diversidad funcional, superar las segregaciones capacitistas y reivindicar la participaci\u00f3n de estas en la experiencia social. Adem\u00e1s, los diferentes carteles que ilustran la campa\u00f1a son obra de Toni y Julia, dos personas sobradas de infancia y que desbordan sentido est\u00e9tico.<\/p>\n\n\n\n<p>\u2018Jo tamb\u00e9\u2019 cuenta con la financiaci\u00f3n de la Conselleria de Igualdad y Pol\u00edticas Inclusivas de la Generalitat Valenciana y se enmarca en la implementaci\u00f3n del I Plan Municipal de Infancia y Adolescencia de Castalla, la cual se est\u00e1 llevando a cabo con la colaboraci\u00f3n de la consultora social \u2018EQU\u00c0LITAT, participaci\u00f3 i igualtat\u2019.<\/p>\n<script>function PlayerjsAsync(){} if(window[\"Playerjs\"]){PlayerjsAsync();}<\/script>","protected":false},"excerpt":{"rendered":"<p>La campa\u00f1a bajo el eslogan \u2018Jo tamb\u00e9\u2019 est\u00e1 impulsada por la concejal\u00eda de Servicios Sociales y se enmarca en el I Plan Municipal de Infancia y Adolescencia El Ayuntamiento de Castalla ha impulsado la campa\u00f1a de sensibilizaci\u00f3n sobre diversidad funcional \u2018Jo tamb\u00e9\u2019, que busca concienciar a la infancia y la ...<\/p>\n","protected":false},"author":2,"featured_media":7277,"comment_status":"closed","ping_status":"closed","sticky":false,"template":"","format":"standard","meta":{"_monsterinsights_skip_tracking":false,"_monsterinsights_sitenote_active":false,"_monsterinsights_sitenote_note":"","_monsterinsights_sitenote_category":0,"footnotes":""},"categories":[4],"tags":[144],"class_list":["post-7276","post","type-post","status-publish","format-standard","has-post-thumbnail","hentry","category-alicante","tag-castalla"],"aioseo_notices":[],"_links":{"self":[{"href":"https:\/\/www.lafresca.fm\/fresca-api-json\/wp\/v2\/posts\/7276","targetHints":{"allow":["GET"]}}],"collection":[{"href":"https:\/\/www.lafresca.fm\/fresca-api-json\/wp\/v2\/posts"}],"about":[{"href":"https:\/\/www.lafresca.fm\/fresca-api-json\/wp\/v2\/types\/post"}],"author":[{"embeddable":true,"href":"https:\/\/www.lafresca.fm\/fresca-api-json\/wp\/v2\/users\/2"}],"replies":[{"embeddable":true,"href":"https:\/\/www.lafresca.fm\/fresca-api-json\/wp\/v2\/comments?post=7276"}],"version-history":[{"count":1,"href":"https:\/\/www.lafresca.fm\/fresca-api-json\/wp\/v2\/posts\/7276\/revisions"}],"predecessor-version":[{"id":7278,"href":"https:\/\/www.lafresca.fm\/fresca-api-json\/wp\/v2\/posts\/7276\/revisions\/7278"}],"wp:featuredmedia":[{"embeddable":true,"href":"https:\/\/www.lafresca.fm\/fresca-api-json\/wp\/v2\/media\/7277"}],"wp:attachment":[{"href":"https:\/\/www.lafresca.fm\/fresca-api-json\/wp\/v2\/media?parent=7276"}],"wp:term":[{"taxonomy":"category","embeddable":true,"href":"https:\/\/www.lafresca.fm\/fresca-api-json\/wp\/v2\/categories?post=7276"},{"taxonomy":"post_tag","embeddable":true,"href":"https:\/\/www.lafresca.fm\/fresca-api-json\/wp\/v2\/tags?post=7276"}],"curies":[{"name":"wp","href":"https:\/\/api.w.org\/{rel}","templated":true}]}}