{"id":7312,"date":"2022-10-20T12:38:46","date_gmt":"2022-10-20T10:38:46","guid":{"rendered":"https:\/\/www.lafresca.fm\/?p=7312"},"modified":"2022-10-20T12:38:48","modified_gmt":"2022-10-20T10:38:48","slug":"comienzan-las-obras-de-la-plaza-de-la-iglesia-de-ibi-con-un-presupuesto-de-24-millones-de-euros-lafresca","status":"publish","type":"post","link":"https:\/\/www.lafresca.fm\/comienzan-las-obras-de-la-plaza-de-la-iglesia-de-ibi-con-un-presupuesto-de-24-millones-de-euros-lafresca\/","title":{"rendered":"Comienzan las obras de la plaza de la Iglesia de Ibi con un presupuesto de 2,4 millones de euros -laFRESCA"},"content":{"rendered":"\n<p>Inician las obras de lo que ser\u00e1 la nueva plaza de la Iglesia, tras el tercer proceso de licitaci\u00f3n de las obras, ya que los dos anteriores procesos terminaron fallidos. El primero, tras nos presentarse ninguna empresa y el segundo, tras rechazar la firma del contrato la empresa adjudicataria, cuya justificaci\u00f3n era el aumento de precios en los materiales y, por tanto, de las obras. En este tercero proceso, el consistorio ha realizado nueva oferta econ\u00f3mica, con un incremento sobre el presupuesto inicial, resultando ser Orthem Servicios y Actuaciones Ambientales SA, del grupo Hozono Global Grupo Corporativo, la empresa adjudicataria del proyecto de realizaci\u00f3n de las obras de lo que ser\u00e1 una de las obras m\u00e1s importantes de la localidad, basada en el proyecto ganador del concurso de ideas convocado por el consistorio y que ganaron los estudios Ras Architecture Solutions SL (Elche) y Yu\u00fb Arquitectura (Ibi).<\/p>\n\n\n\n<p>Las obras se han adjudicado por valor de 2.395.253,57 euros, de los que el consistorio prev\u00e9 financiar con Fondos Europeos la cantidad de 1.051.035 euros y se prev\u00e9 que puedan estar terminadas para verano de 2023. Las actuaciones consistir\u00e1n tanto en la remodelaci\u00f3n integral de la plaza como en el derribo del anterior aparcamiento de uso privado con capacidad para 16 veh\u00edculos, el cual aumentar\u00e1 su capacidad hasta en 58 veh\u00edculos. Se acometer\u00e1 una remodelaci\u00f3n de una superficie de 3.189 metros cuadrados de la Plaza de la Iglesia y 1.928 metros cuadrados de aparcamiento subterr\u00e1neo.<\/p>\n\n\n\n<p>Con estas obras, el Ayuntamiento pretende dotar al municipio de un espacio accesible y de calidad preparado para realizar diversos eventos p\u00fablicos respetando el entorno y la arquitectura existente. Para ello, se crear\u00e1n espacios abiertos sin discontinuidades, eliminando rincones oscuros e inseguros, y se modernizar\u00e1 y har\u00e1 m\u00e1s c\u00f3modo para los viandantes este emblem\u00e1tico entorno gracias a un nuevo mobiliario, as\u00ed como pavimentos, instalaciones y zonas de vegetaci\u00f3n. Adem\u00e1s, se prestar\u00e1 especial atenci\u00f3n a asegurar la accesibilidad del espacio, con la eliminaci\u00f3n de las escalinatas y la creaci\u00f3n de espacios peatonales multifuncionales y de f\u00e1cil acceso.<\/p>\n\n\n\n<p>La plaza se encuentra en pleno casco hist\u00f3rico del municipio y posee un gran protagonismo por ser el espacio p\u00fablico por excelencia para los ciudadanos con motivo de la celebraci\u00f3n de las festividades del municipio. El alcalde de Ibi, Rafael Serralta, explica que con esta actuaci\u00f3n \u201cse va a mejorar la calidad paisaj\u00edstica, arquitect\u00f3nica y funcional de la zona, creando un nuevo espacio de referencia en la ciudad del que poder disfrutar\u201d.<\/p>\n\n\n\n<p>Por su parte, el teniente de alcalde de Territorio y Patrimonio, Santiago C\u00f3zar, declara que \u201ctras unos meses de duro trabajo para que esta tercera licitaci\u00f3n saliese bien, podemos decir que, por fin, el casco antiguo de Ibi va a poder ver una nueva plaza de la Iglesia acorde a la arquitectura de la zona y con todas las mejoras que de una obra as\u00ed se puede esperar: accesibilidad, adecuaci\u00f3n de espacio p\u00fablico, creaci\u00f3n de plazas de parking para los vecinos del casco antiguo,&#8230;\u201d.<\/p>\n<script>function PlayerjsAsync(){} if(window[\"Playerjs\"]){PlayerjsAsync();}<\/script>","protected":false},"excerpt":{"rendered":"<p>Inician las obras de lo que ser\u00e1 la nueva plaza de la Iglesia, tras el tercer proceso de licitaci\u00f3n de las obras, ya que los dos anteriores procesos terminaron fallidos. El primero, tras nos presentarse ninguna empresa y el segundo, tras rechazar la firma del contrato la empresa adjudicataria, cuya ...<\/p>\n","protected":false},"author":2,"featured_media":7313,"comment_status":"closed","ping_status":"closed","sticky":false,"template":"","format":"standard","meta":{"_monsterinsights_skip_tracking":false,"_monsterinsights_sitenote_active":false,"_monsterinsights_sitenote_note":"","_monsterinsights_sitenote_category":0,"footnotes":""},"categories":[4],"tags":[128],"class_list":["post-7312","post","type-post","status-publish","format-standard","has-post-thumbnail","hentry","category-alicante","tag-ibi"],"aioseo_notices":[],"_links":{"self":[{"href":"https:\/\/www.lafresca.fm\/fresca-api-json\/wp\/v2\/posts\/7312","targetHints":{"allow":["GET"]}}],"collection":[{"href":"https:\/\/www.lafresca.fm\/fresca-api-json\/wp\/v2\/posts"}],"about":[{"href":"https:\/\/www.lafresca.fm\/fresca-api-json\/wp\/v2\/types\/post"}],"author":[{"embeddable":true,"href":"https:\/\/www.lafresca.fm\/fresca-api-json\/wp\/v2\/users\/2"}],"replies":[{"embeddable":true,"href":"https:\/\/www.lafresca.fm\/fresca-api-json\/wp\/v2\/comments?post=7312"}],"version-history":[{"count":1,"href":"https:\/\/www.lafresca.fm\/fresca-api-json\/wp\/v2\/posts\/7312\/revisions"}],"predecessor-version":[{"id":7314,"href":"https:\/\/www.lafresca.fm\/fresca-api-json\/wp\/v2\/posts\/7312\/revisions\/7314"}],"wp:featuredmedia":[{"embeddable":true,"href":"https:\/\/www.lafresca.fm\/fresca-api-json\/wp\/v2\/media\/7313"}],"wp:attachment":[{"href":"https:\/\/www.lafresca.fm\/fresca-api-json\/wp\/v2\/media?parent=7312"}],"wp:term":[{"taxonomy":"category","embeddable":true,"href":"https:\/\/www.lafresca.fm\/fresca-api-json\/wp\/v2\/categories?post=7312"},{"taxonomy":"post_tag","embeddable":true,"href":"https:\/\/www.lafresca.fm\/fresca-api-json\/wp\/v2\/tags?post=7312"}],"curies":[{"name":"wp","href":"https:\/\/api.w.org\/{rel}","templated":true}]}}