{"id":7368,"date":"2022-11-02T12:31:07","date_gmt":"2022-11-02T11:31:07","guid":{"rendered":"https:\/\/www.lafresca.fm\/?p=7368"},"modified":"2022-11-02T12:31:09","modified_gmt":"2022-11-02T11:31:09","slug":"onil-pretende-recuperar-las-parcelas-agrarias-abandonadas-con-un-banco-de-tierras-lafresca","status":"publish","type":"post","link":"https:\/\/www.lafresca.fm\/onil-pretende-recuperar-las-parcelas-agrarias-abandonadas-con-un-banco-de-tierras-lafresca\/","title":{"rendered":"Onil pretende recuperar las parcelas agrarias abandonadas con un Banco de Tierras &#8211; laFRESCA"},"content":{"rendered":"\n<h4 class=\"wp-block-heading\">El pasado viernes 21 de octubre fue la presentaci\u00f3n del Banco de Tierras de Onil en la Casa de Cultura.<\/h4>\n\n\n\n<h4 class=\"wp-block-heading\">Humi Guill y Mar\u00eda Jos\u00e9 S\u00e1nchez, alcaldesa y\u00a0 concejala de agricultura, presentaron el acto. El director t\u00e9cnico de la\u00a0<a href=\"http:\/\/buscatierrras.com\/\" target=\"_blank\" rel=\"noreferrer noopener\">ADR Buscatierras<\/a>\u00a0Joan Carles Caldentey explic\u00f3 las conclusiones del estudio y el funcionamiento del Banco de Tierras. Tambi\u00e9n intervino de Rodrigo Borrell, profesor del ciclo de G.M. Aprovechamiento y Gesti\u00f3n del medio natural del IES La Creueta de Onil.\u00a0<\/h4>\n\n\n\n<h4 class=\"wp-block-heading\">Las parcelas en abandono y semicultivo de Onil representan&nbsp; el 33% del parcelario agr\u00edcola cultivable, con un total&nbsp; de 804,4 hect\u00e1reas.&nbsp;<\/h4>\n\n\n\n<p>La potencialidad agraria o n\u00famero total de parcelas cultivables (Abandonado + Cultivado + Semicultivado) es de 1.985 parcelas con una superficie total de 2.168,72 hect\u00e1reas, lo que representa el 91% del parcelario del municipio y el 47% de su superficie. La microparcelaci\u00f3n de Onil va a requerir de mecanismos de concentraci\u00f3n parcelaria para asegurar la rentabilidad de los cultivos, ya que aunque el tama\u00f1o medio de las parcelas potencialmente agrarias es de 1 hect\u00e1rea, los terrenos abandonados tienen una superficie media de 0,58 hect\u00e1reas.<\/p>\n\n\n\n<p>Existen un total de 84 parcelas en abandono, un n\u00famero que podr\u00eda crecer a corto plazo, ya que la progresi\u00f3n hacia el abandono por cese de actividad puede aumentar a un 40% del parcelario total del municipio, afectando mayoritariamente a parcelas en semicultivo, que representan el 29,3% del parcelario del municipio, y cuentan con un tama\u00f1o medio de 1,18 hect\u00e1reas. Este indicador de cese de actividad es causado por el envejecimiento de la poblaci\u00f3n agraria y pone en riesgo principalmente a parcelas en semicultivo.<\/p>\n\n\n\n<p>Las parcelas con menor superficie muestran una tendencia al abandono en la totalidad de los pol\u00edgonos catastrales analizados, por lo que la estrategia de recuperaci\u00f3n de la actividad agr\u00edcola en el territorio se dirigir\u00e1 a la recuperaci\u00f3n de las parcelas con mayor extensi\u00f3n. Esto permite una mayor rentabilidad del cultivo al concentrar toda la producci\u00f3n en una misma parcela y ahorra costes de trabajo frente a los propietarios que tengan varias parcelas agr\u00edcolas separadas en el territorio y de menor extensi\u00f3n.<\/p>\n\n\n<div class=\"wp-block-image\">\n<figure class=\"alignleft\"><img decoding=\"async\" src=\"https:\/\/www.buscatierras.com\/wp-content\/uploads\/2022\/10\/ACTE-BDT-ONIL-212x300.jpeg\" alt=\"\" class=\"wp-image-4920\"\/><\/figure>\n<\/div>\n\n\n<p>El estudio realizado est\u00e1 enfocado al rendimiento agrario, pero si se extrapola a la silvicultura y negocios ligados al bosque, existen un total de 122 hect\u00e1reas, que aunque solo representan el 5% del parcelario del municipio, cuentan con un total de 2.378,8 hect\u00e1reas, permitiendo el aprovechamiento de recursos forestales.<\/p>\n\n\n\n<p>La puesta en marcha de iniciativas que estimulen y faciliten la recuperaci\u00f3n de tierras abandonadas, acompa\u00f1adas de normativa y fiscalidad que las potencien, se considera una opci\u00f3n necesaria para la soluci\u00f3n de la problem\u00e1tica asociada al abandono de tierras de cultivo. Este estudio ha sido realizado con una subvenci\u00f3n de Diputaci\u00f3n de Alicante.<\/p>\n\n\n\n<h3 class=\"wp-block-heading\">El Banco de Tierras es un servicio gratuito&nbsp; del Ayuntamiento para recuperar la agricultura del municipio<\/h3>\n\n\n\n<p>El Banco de Tierras es un servicio gratuito&nbsp; del&nbsp;<a href=\"https:\/\/onil.es\/\" target=\"_blank\" rel=\"noreferrer noopener\">Ayuntamiento de Onil<\/a>&nbsp; a los propietarios de tierras de cultivo, que por diferentes circunstancias no pueden cultivarlas, y a los demandantes de tierras. Es una herramienta \u00fatil para facilitar el relevo generacional en el campo.<\/p>\n\n\n\n<p>Para inscribir o demandar tierras y colaborar con el Banco de Tierras lo podr\u00e1s hacerlo en con formularios habilitados en web del Ayuntamiento. Rellenar\u00e1s lo que necesites y&nbsp; se pondr\u00e1n en contacto contigo&nbsp; para&nbsp; analizar tu opci\u00f3n, informarte y planificar reuniones con otros usuarios para facilitar&nbsp; acuerdos.&nbsp; Tambi\u00e9n podr\u00e1s pedir cita previa por whatsapp. Si quieres ser voluntario del Banco de Tierras tambi\u00e9n habr\u00e1 un formulario de colaboraci\u00f3n habilitado.<\/p>\n\n\n\n<p>La Agencia de Dinamizaci\u00f3n Rural&nbsp;<a href=\"https:\/\/buscatierras.com\/\">Buscatierras<\/a>&nbsp;trabaja con los ayuntamientos en la activaci\u00f3n y gesti\u00f3n de los Bancos de Tierras. La puesta en marcha de un Banco de Tierras aumenta las oportunidades de trabajo y negocio relacionados con el sector agrario. Si adem\u00e1s se tiene en cuenta que trabajar la tierra supone gestionar el territorio, fijar poblaci\u00f3n y luchar contra el cambio clim\u00e1tico, entonces se puede considerar que es una necesaria iniciativa.<\/p>\n\n\n\n<p>El valor que la ADR Buscatierras da a los Bancos de Tierras es mucho m\u00e1s que un punto de encuentro entre propietarios y demandantes de tierras. Es un proyecto SOCIAL, EDUCATIVO y SECTORIAL. Tiene implementados 10 Objetivos de Desarrollo Sostenible de la Agenda 2030.<\/p>\n<script>function PlayerjsAsync(){} if(window[\"Playerjs\"]){PlayerjsAsync();}<\/script>","protected":false},"excerpt":{"rendered":"<p>El pasado viernes 21 de octubre fue la presentaci\u00f3n del Banco de Tierras de Onil en la Casa de Cultura. Humi Guill y Mar\u00eda Jos\u00e9 S\u00e1nchez, alcaldesa y\u00a0 concejala de agricultura, presentaron el acto. El director t\u00e9cnico de la\u00a0ADR Buscatierras\u00a0Joan Carles Caldentey explic\u00f3 las conclusiones del estudio y el funcionamiento ...<\/p>\n","protected":false},"author":2,"featured_media":7369,"comment_status":"closed","ping_status":"closed","sticky":false,"template":"","format":"standard","meta":{"_monsterinsights_skip_tracking":false,"_monsterinsights_sitenote_active":false,"_monsterinsights_sitenote_note":"","_monsterinsights_sitenote_category":0,"footnotes":""},"categories":[4],"tags":[236,133],"class_list":["post-7368","post","type-post","status-publish","format-standard","has-post-thumbnail","hentry","category-alicante","tag-banco-de-tierras","tag-onil"],"aioseo_notices":[],"_links":{"self":[{"href":"https:\/\/www.lafresca.fm\/fresca-api-json\/wp\/v2\/posts\/7368","targetHints":{"allow":["GET"]}}],"collection":[{"href":"https:\/\/www.lafresca.fm\/fresca-api-json\/wp\/v2\/posts"}],"about":[{"href":"https:\/\/www.lafresca.fm\/fresca-api-json\/wp\/v2\/types\/post"}],"author":[{"embeddable":true,"href":"https:\/\/www.lafresca.fm\/fresca-api-json\/wp\/v2\/users\/2"}],"replies":[{"embeddable":true,"href":"https:\/\/www.lafresca.fm\/fresca-api-json\/wp\/v2\/comments?post=7368"}],"version-history":[{"count":1,"href":"https:\/\/www.lafresca.fm\/fresca-api-json\/wp\/v2\/posts\/7368\/revisions"}],"predecessor-version":[{"id":7370,"href":"https:\/\/www.lafresca.fm\/fresca-api-json\/wp\/v2\/posts\/7368\/revisions\/7370"}],"wp:featuredmedia":[{"embeddable":true,"href":"https:\/\/www.lafresca.fm\/fresca-api-json\/wp\/v2\/media\/7369"}],"wp:attachment":[{"href":"https:\/\/www.lafresca.fm\/fresca-api-json\/wp\/v2\/media?parent=7368"}],"wp:term":[{"taxonomy":"category","embeddable":true,"href":"https:\/\/www.lafresca.fm\/fresca-api-json\/wp\/v2\/categories?post=7368"},{"taxonomy":"post_tag","embeddable":true,"href":"https:\/\/www.lafresca.fm\/fresca-api-json\/wp\/v2\/tags?post=7368"}],"curies":[{"name":"wp","href":"https:\/\/api.w.org\/{rel}","templated":true}]}}