{"id":7388,"date":"2022-11-04T15:30:45","date_gmt":"2022-11-04T14:30:45","guid":{"rendered":"https:\/\/www.lafresca.fm\/?p=7388"},"modified":"2022-11-04T15:30:47","modified_gmt":"2022-11-04T14:30:47","slug":"los-corredores-de-onil-andreu-blanes-y-antonio-martinez-optan-a-medallas-en-el-mundial-de-trail-en-tailandia-lafresca","status":"publish","type":"post","link":"https:\/\/www.lafresca.fm\/los-corredores-de-onil-andreu-blanes-y-antonio-martinez-optan-a-medallas-en-el-mundial-de-trail-en-tailandia-lafresca\/","title":{"rendered":"Los corredores de Onil, Andreu Blanes y Antonio Mart\u00ednez, optan a medallas en el Mundial de Trail en Tailandia -laFRESCA"},"content":{"rendered":"\n<p>Andreu Blanes luchar\u00e1 por la medalla de oro en el Mundial de trail, que se celebra desde este jueves hasta el domingo en las monta\u00f1as de Chiang Mai (Tailandia), despu\u00e9s de tener que renunciar a la temporada de pista al aire libre por la covid, pero tambi\u00e9n tras su reciente triunfo en la Sierre Zinal. Blanes competir\u00e1 en la Classic Up &amp; Down (10.7 km en los que suben a un pico a 771 metros de altitud y vuelven a bajar).<\/p>\n\n\n\n<p>Andreu Blanes y Antonio Mart\u00ednez pasaron tres semanas en una modesta caba\u00f1a en la monta\u00f1a, en Peguerinos (\u00c1vila), preparando el World Mountain &amp; Trail Running Championship, el Mundial de esta modalidad que se va a celebrar esta semana, del 3 al 6 de noviembre, en las monta\u00f1as de Chiang Mai (Tailandia). Los dos corredores de Onil forman parte del grupo de cinco valencianos, junto a J\u00falia Font, Guillermo Albert y Ricardo Cherta, que integran una selecci\u00f3n espa\u00f1ola que cuenta con 33 atletas (18 hombres y 17 mujeres).<\/p>\n\n\n\n<figure class=\"wp-block-image size-full is-resized\"><img fetchpriority=\"high\" decoding=\"async\" src=\"https:\/\/www.lafresca.fm\/f-solosog\/2022\/11\/imagen_noticia_ewPDGM8h.jpg\" alt=\"\" class=\"wp-image-7389\" width=\"811\" height=\"608\"\/><\/figure>\n\n\n\n<p>Blanes ha preparado durante tres semanas esta prueba en una caba\u00f1a en la monta\u00f1a en Peguerinos (\u00c1vila) con Antonio Mart\u00ednez, que buscara en el certamen mundial estar cerca del podio en la modalidad de Trail Running, 38 kil\u00f3metros con 2.425 metros de desnivel positivo y subiendo hasta los 1.344 metros de altitud.<\/p>\n\n\n\n<p>Mart\u00ednez, que llega con la confianza de\u00a0haber completado la mejor temporada de su vida con un segundo puesto en la OCC del Ultra Trail Mont Blanc\u00a0que no se esperaba, se enfrenta a su tercer Mundial y quiere mejorar el resultado de los dos anteriores: un octavo puesto en Portugal y un s\u00e9ptimo en Argentina, donde se proclam\u00f3 campe\u00f3n por equipos.<\/p>\n\n\n\n<p>Los dos corredores de Onil forman parte del grupo de cinco valencianos, junto a J\u00falia Font, Guillermo Albert y Ricardo Cherta, que integran una selecci\u00f3n espa\u00f1ola que cuenta con 33 atletas (18 hombres y 17 mujeres).<\/p>\n\n\n\n<p>Mart\u00ednez, compartir\u00e1 prueba con Cherta y Font, la mejor especialista de la Comunitat Valenciana, que, en su caso, ha preparado la competici\u00f3n en la sierra de Orihuela.<\/p>\n\n\n\n<p>La atleta castellonense, vigente campeona de Espa\u00f1a, llega con mucha confianza al Mundial.\u00a0\u201cMe encuentro mejor que nunca. La preparaci\u00f3n ha sido excelente<strong>\u00a0<\/strong>y llego a la cita sin poder reprocharme nada. La verdad es que voy con muchas ganas y muy motivada. En Orihuela, adem\u00e1s, hac\u00eda mucho calor y humedad y eso me va a ayudar en Tailandia\u201d, finaliz\u00f3.\u00a0<\/p>\n<script>function PlayerjsAsync(){} if(window[\"Playerjs\"]){PlayerjsAsync();}<\/script>","protected":false},"excerpt":{"rendered":"<p>Andreu Blanes luchar\u00e1 por la medalla de oro en el Mundial de trail, que se celebra desde este jueves hasta el domingo en las monta\u00f1as de Chiang Mai (Tailandia), despu\u00e9s de tener que renunciar a la temporada de pista al aire libre por la covid, pero tambi\u00e9n tras su reciente ...<\/p>\n","protected":false},"author":2,"featured_media":7389,"comment_status":"closed","ping_status":"closed","sticky":false,"template":"","format":"standard","meta":{"_monsterinsights_skip_tracking":false,"_monsterinsights_sitenote_active":false,"_monsterinsights_sitenote_note":"","_monsterinsights_sitenote_category":0,"footnotes":""},"categories":[4],"tags":[133],"class_list":["post-7388","post","type-post","status-publish","format-standard","has-post-thumbnail","hentry","category-alicante","tag-onil"],"aioseo_notices":[],"_links":{"self":[{"href":"https:\/\/www.lafresca.fm\/fresca-api-json\/wp\/v2\/posts\/7388","targetHints":{"allow":["GET"]}}],"collection":[{"href":"https:\/\/www.lafresca.fm\/fresca-api-json\/wp\/v2\/posts"}],"about":[{"href":"https:\/\/www.lafresca.fm\/fresca-api-json\/wp\/v2\/types\/post"}],"author":[{"embeddable":true,"href":"https:\/\/www.lafresca.fm\/fresca-api-json\/wp\/v2\/users\/2"}],"replies":[{"embeddable":true,"href":"https:\/\/www.lafresca.fm\/fresca-api-json\/wp\/v2\/comments?post=7388"}],"version-history":[{"count":1,"href":"https:\/\/www.lafresca.fm\/fresca-api-json\/wp\/v2\/posts\/7388\/revisions"}],"predecessor-version":[{"id":7390,"href":"https:\/\/www.lafresca.fm\/fresca-api-json\/wp\/v2\/posts\/7388\/revisions\/7390"}],"wp:featuredmedia":[{"embeddable":true,"href":"https:\/\/www.lafresca.fm\/fresca-api-json\/wp\/v2\/media\/7389"}],"wp:attachment":[{"href":"https:\/\/www.lafresca.fm\/fresca-api-json\/wp\/v2\/media?parent=7388"}],"wp:term":[{"taxonomy":"category","embeddable":true,"href":"https:\/\/www.lafresca.fm\/fresca-api-json\/wp\/v2\/categories?post=7388"},{"taxonomy":"post_tag","embeddable":true,"href":"https:\/\/www.lafresca.fm\/fresca-api-json\/wp\/v2\/tags?post=7388"}],"curies":[{"name":"wp","href":"https:\/\/api.w.org\/{rel}","templated":true}]}}