{"id":7418,"date":"2022-11-09T16:08:19","date_gmt":"2022-11-09T15:08:19","guid":{"rendered":"https:\/\/www.lafresca.fm\/?p=7418"},"modified":"2022-11-09T16:08:21","modified_gmt":"2022-11-09T15:08:21","slug":"el-ayuntamiento-de-ibi-contrata-a-5-personas-a-traves-del-programa-emerge-2022-lafresca","status":"publish","type":"post","link":"https:\/\/www.lafresca.fm\/el-ayuntamiento-de-ibi-contrata-a-5-personas-a-traves-del-programa-emerge-2022-lafresca\/","title":{"rendered":"El Ayuntamiento de Ibi contrata a 5 personas a trav\u00e9s del programa EMERGE 2022 -laFRESCA"},"content":{"rendered":"\n<p>EMERGE 2022 es el programa de subvenciones de Iniciativa Social, destinadas a la contrataci\u00f3n de personas desempleadas por corporaciones locales de la Comunitat Valenciana, para la realizaci\u00f3n de acciones previstas en planes o procedimientos de emergencias en el \u00e1mbito forestal.<\/p>\n\n\n\n<p>En el marco del programa EMERGE, el consistorio ha podido contratar a 5 personas, concretamente un capataz y cuatro peones forestales, durante 6 meses, por un importe total de 75.000 \u20ac. El objetivo principal de su labor ser\u00e1 la de mitigar o reducir un riesgo contemplado en un plan o procedimiento de emergencias de la Comunitat Valenciana y, de manera especial, trabajar\u00e1n en la reducci\u00f3n de los riesgos poblacionales derivados de los incendios forestales, mediante acciones que favorezcan la intervenci\u00f3n de los medios de extinci\u00f3n.<\/p>\n<script>function PlayerjsAsync(){} if(window[\"Playerjs\"]){PlayerjsAsync();}<\/script>","protected":false},"excerpt":{"rendered":"<p>EMERGE 2022 es el programa de subvenciones de Iniciativa Social, destinadas a la contrataci\u00f3n de personas desempleadas por corporaciones locales de la Comunitat Valenciana, para la realizaci\u00f3n de acciones previstas en planes o procedimientos de emergencias en el \u00e1mbito forestal. En el marco del programa EMERGE, el consistorio ha podido ...<\/p>\n","protected":false},"author":2,"featured_media":7419,"comment_status":"closed","ping_status":"closed","sticky":false,"template":"","format":"standard","meta":{"_monsterinsights_skip_tracking":false,"_monsterinsights_sitenote_active":false,"_monsterinsights_sitenote_note":"","_monsterinsights_sitenote_category":0,"footnotes":""},"categories":[4],"tags":[128],"class_list":["post-7418","post","type-post","status-publish","format-standard","has-post-thumbnail","hentry","category-alicante","tag-ibi"],"aioseo_notices":[],"_links":{"self":[{"href":"https:\/\/www.lafresca.fm\/fresca-api-json\/wp\/v2\/posts\/7418","targetHints":{"allow":["GET"]}}],"collection":[{"href":"https:\/\/www.lafresca.fm\/fresca-api-json\/wp\/v2\/posts"}],"about":[{"href":"https:\/\/www.lafresca.fm\/fresca-api-json\/wp\/v2\/types\/post"}],"author":[{"embeddable":true,"href":"https:\/\/www.lafresca.fm\/fresca-api-json\/wp\/v2\/users\/2"}],"replies":[{"embeddable":true,"href":"https:\/\/www.lafresca.fm\/fresca-api-json\/wp\/v2\/comments?post=7418"}],"version-history":[{"count":1,"href":"https:\/\/www.lafresca.fm\/fresca-api-json\/wp\/v2\/posts\/7418\/revisions"}],"predecessor-version":[{"id":7420,"href":"https:\/\/www.lafresca.fm\/fresca-api-json\/wp\/v2\/posts\/7418\/revisions\/7420"}],"wp:featuredmedia":[{"embeddable":true,"href":"https:\/\/www.lafresca.fm\/fresca-api-json\/wp\/v2\/media\/7419"}],"wp:attachment":[{"href":"https:\/\/www.lafresca.fm\/fresca-api-json\/wp\/v2\/media?parent=7418"}],"wp:term":[{"taxonomy":"category","embeddable":true,"href":"https:\/\/www.lafresca.fm\/fresca-api-json\/wp\/v2\/categories?post=7418"},{"taxonomy":"post_tag","embeddable":true,"href":"https:\/\/www.lafresca.fm\/fresca-api-json\/wp\/v2\/tags?post=7418"}],"curies":[{"name":"wp","href":"https:\/\/api.w.org\/{rel}","templated":true}]}}