{"id":7427,"date":"2022-11-10T08:54:48","date_gmt":"2022-11-10T07:54:48","guid":{"rendered":"https:\/\/www.lafresca.fm\/?p=7427"},"modified":"2022-11-10T08:54:49","modified_gmt":"2022-11-10T07:54:49","slug":"castalla-contara-con-una-oficina-justiprop-antes-de-finalizar-el-ano-lafresca","status":"publish","type":"post","link":"https:\/\/www.lafresca.fm\/castalla-contara-con-una-oficina-justiprop-antes-de-finalizar-el-ano-lafresca\/","title":{"rendered":"Castalla contar\u00e1 con una Oficina &#8216;Justiprop&#8217; antes de finalizar el a\u00f1o -laFRESCA"},"content":{"rendered":"\n<p>La consellera Gabriela Bravo ha anunciado estas nuevas sedes de asesoramiento jur\u00eddico de proximidad en Mon\u00f3var, Castalla, Altea y San Joan, donde se potencia la mediaci\u00f3n como primer paso<\/p>\n\n\n\n<p><a href=\"https:\/\/www.facebook.com\/sharer\/sharer.php?u=https%3A%2F%2Fwww.esdiario.com%2Falicante%2F207613971%2Fnuevas-oficinas-justiprop.html\" target=\"_blank\" rel=\"noreferrer noopener\"><\/a>\u00a0<a href=\"https:\/\/www.linkedin.com\/shareArticle?mini=true&amp;url=https%3A%2F%2Fwww.esdiario.com%2Falicante%2F207613971%2Fnuevas-oficinas-justiprop.html\" target=\"_blank\" rel=\"noreferrer noopener\"><\/a><\/p>\n\n\n\n<p>La consellera de Justicia, Interior y Administraci\u00f3n P\u00fablica,<strong>&nbsp;Gabriela Bravo<\/strong>, ha anunciado que se van a poner en marcha durante los meses de noviembre y diciembre cuatro nuevas oficinas Justiprop en Mon\u00f3var, Castalla, Altea y San Joan que se sumar\u00e1n a las 44 que tiene la Comunitat Valenciana.<\/p>\n\n\n\n<figure class=\"wp-block-image\"><a href=\"https:\/\/www.esdiario.com\/elche\/127583768\/alicantinos-mas-tolerantes-prostitucion.html\" target=\"_blank\" rel=\"noreferrer noopener\"><img decoding=\"async\" src=\"https:\/\/www.esdiario.com\/images\/carpeta_relacionados\/2022\/09\/22\/145096_220922_just_foto_gbravoelx1.jpg\" alt=\"\"\/><\/a><\/figure>\n\n\n\n<p>Bravo ha expuesto este martes en Aspe el proyecto de Justicia Pr\u00f3xima, que ofrece asesoramiento judicial en las oficinas Justiprop e informaci\u00f3n sobre la mediaci\u00f3n en las de Mediaprop. &#8220;Este proyecto nace para garantizar el acceso a la justicia en todo el territorio. Queremos acercar la justicia a la ciudadan\u00eda y para ello el papel de los Ayuntamientos es fundamental&#8221;, ha indicado.<\/p>\n\n\n\n<p><\/p>\n\n\n\n<p>La consellera se ha pronunciado as\u00ed durante la clausura de la jornada &#8216;Justicia Pr\u00f3xima&#8217;, donde ha destacado que actualmente m\u00e1s de 600.000 alicantinas y alicantinos cuentan con servicios de justicia de proximidad, a trav\u00e9s de las 16 oficinas Justiprop y 22 servicios Mediaprop ubicados en los distintos municipios de la provincia de Alicante, informa la Generalitat en un comunicado.<\/p>\n\n\n\n<p>Bravo ha subrayado que es &#8220;fundamental garantizar el acceso a la Justicia como primer derecho, de ah\u00ed la importancia de los espacios abiertos en las oficinas municipales como servicios de orientaci\u00f3n jur\u00eddica que faciliten a la ciudadan\u00eda toda la informaci\u00f3n sobre los recursos existentes para ayudarle a resolver sus problemas&#8221;.<\/p>\n\n\n\n<p>Adem\u00e1s, ha indicado que para el ejercicio 2023 se mantendr\u00e1 la dotaci\u00f3n presupuestaria destinada al servicio de Justiprop, con 1,2 millones de euros, y ha resaltado que se aumenta en un 58,70 por ciento la l\u00ednea destinada a la concesi\u00f3n de ayudas a los ayuntamientos y mancomunidades que quieran ofrecer los servicios Mediaprop, que llegar\u00e1 a los 1,7 millones de euros.<\/p>\n\n\n\n<p>A su juicio, &#8220;la Administraci\u00f3n de Justicia del siglo XXI no puede entenderse sin la Mediaci\u00f3n, por la que la Generalitat est\u00e1 apostando de manera decisiva ya que este m\u00e9todo alternativo de resoluci\u00f3n de controversias es m\u00e1s r\u00e1pido y econ\u00f3mico que los procedimientos judiciales&#8221;.<\/p>\n<script>function PlayerjsAsync(){} if(window[\"Playerjs\"]){PlayerjsAsync();}<\/script>","protected":false},"excerpt":{"rendered":"<p>La consellera Gabriela Bravo ha anunciado estas nuevas sedes de asesoramiento jur\u00eddico de proximidad en Mon\u00f3var, Castalla, Altea y San Joan, donde se potencia la mediaci\u00f3n como primer paso \u00a0 La consellera de Justicia, Interior y Administraci\u00f3n P\u00fablica,&nbsp;Gabriela Bravo, ha anunciado que se van a poner en marcha durante los ...<\/p>\n","protected":false},"author":2,"featured_media":7428,"comment_status":"closed","ping_status":"closed","sticky":false,"template":"","format":"standard","meta":{"_monsterinsights_skip_tracking":false,"_monsterinsights_sitenote_active":false,"_monsterinsights_sitenote_note":"","_monsterinsights_sitenote_category":0,"footnotes":""},"categories":[4],"tags":[144,239],"class_list":["post-7427","post","type-post","status-publish","format-standard","has-post-thumbnail","hentry","category-alicante","tag-castalla","tag-justiprop"],"aioseo_notices":[],"_links":{"self":[{"href":"https:\/\/www.lafresca.fm\/fresca-api-json\/wp\/v2\/posts\/7427","targetHints":{"allow":["GET"]}}],"collection":[{"href":"https:\/\/www.lafresca.fm\/fresca-api-json\/wp\/v2\/posts"}],"about":[{"href":"https:\/\/www.lafresca.fm\/fresca-api-json\/wp\/v2\/types\/post"}],"author":[{"embeddable":true,"href":"https:\/\/www.lafresca.fm\/fresca-api-json\/wp\/v2\/users\/2"}],"replies":[{"embeddable":true,"href":"https:\/\/www.lafresca.fm\/fresca-api-json\/wp\/v2\/comments?post=7427"}],"version-history":[{"count":1,"href":"https:\/\/www.lafresca.fm\/fresca-api-json\/wp\/v2\/posts\/7427\/revisions"}],"predecessor-version":[{"id":7429,"href":"https:\/\/www.lafresca.fm\/fresca-api-json\/wp\/v2\/posts\/7427\/revisions\/7429"}],"wp:featuredmedia":[{"embeddable":true,"href":"https:\/\/www.lafresca.fm\/fresca-api-json\/wp\/v2\/media\/7428"}],"wp:attachment":[{"href":"https:\/\/www.lafresca.fm\/fresca-api-json\/wp\/v2\/media?parent=7427"}],"wp:term":[{"taxonomy":"category","embeddable":true,"href":"https:\/\/www.lafresca.fm\/fresca-api-json\/wp\/v2\/categories?post=7427"},{"taxonomy":"post_tag","embeddable":true,"href":"https:\/\/www.lafresca.fm\/fresca-api-json\/wp\/v2\/tags?post=7427"}],"curies":[{"name":"wp","href":"https:\/\/api.w.org\/{rel}","templated":true}]}}