{"id":7434,"date":"2022-11-10T12:45:19","date_gmt":"2022-11-10T11:45:19","guid":{"rendered":"https:\/\/www.lafresca.fm\/?p=7434"},"modified":"2022-11-10T12:45:21","modified_gmt":"2022-11-10T11:45:21","slug":"el-platano-de-biar-candidato-a-ser-arbol-del-ano-2023-lafresca","status":"publish","type":"post","link":"https:\/\/www.lafresca.fm\/el-platano-de-biar-candidato-a-ser-arbol-del-ano-2023-lafresca\/","title":{"rendered":"El Pl\u00e1tano de Biar, candidato a ser \u00c1rbol del A\u00f1o 2023 -laFRESCA"},"content":{"rendered":"\n<p>Desde el Ayuntamiento se anima a toda la Comunidad Valenciana a votar por el \u00fanico ejemplar que representa a \u201cnuestro territorio\u201d<\/p>\n\n\n\n<p>El \u00e1rbol del parque del Pl\u00e1tano de Biar es uno de los nueve candidatos a \u00c1rbol de Espa\u00f1a 2023, que organiza la ONG Bosques sin Fronteras. Tras presentar su candidatura y despu\u00e9s de pasar por una selecci\u00f3n previa ante un jurado, ahora el \u00e1rbol de Biar se enfrenta a una votaci\u00f3n popular para conseguir este galard\u00f3n y optar as\u00ed, a ser candidato a \u00c1rbol de Europa 2023. El ejemplar es el pl\u00e1tano de mayor porte de la Comunidad Valenciana, y uno de los mayores de Espa\u00f1a, comparable, por su tama\u00f1o, di\u00e1metro del tronco y antig\u00fcedad, con los existentes en Aranjuez.<\/p>\n\n\n\n<p>Con el objetivo de llegar a la fase europea, el Ayuntamiento ha lanzado una campa\u00f1a invitando a votar en la p\u00e1gina web https:\/\/arbolybosquedela\u00f1o.es la candidatura del \u00e1rbol del pl\u00e1tano. La acci\u00f3n es ambiciosa y pretende movilizar a la Comunidad Valenciana para que tome partido por este ejemplar. En este sentido, la alcaldesa de Biar se\u00f1ala que \u201ces el \u00fanico \u00e1rbol de la Comunidad Valenciana opta a este nombramiento y por ello, alentamos a todos los valencianos a votar por \u00e9l\u201d. La campa\u00f1a promocional se inicia con un video promocional, que cuenta su historia y su vinculaci\u00f3n con la poblaci\u00f3n.<\/p>\n\n\n\n<p>El Ayuntamiento de Biar present\u00f3 la candidatura de este pl\u00e1tano ubicado en el parque m\u00e1s emblem\u00e1tico de la poblaci\u00f3n por ser un ejemplar singular tanto en sus caracter\u00edsticas como especie como en su vinculaci\u00f3n con la historia y las gentes del municipio. La alcaldesa de Biar, Magdalena Mart\u00ednez, ha indicado \u201cBiar cuenta en su t\u00e9rmino municipal con ejemplares de gran porte, de avanzada edad y de caracter\u00edsticas singulares, pero ninguno que est\u00e9 tan unido a poblaci\u00f3n como el pl\u00e1tano\u201d. \u201cHa visto jugar y conversar debajo de sus ramas a decenas de generaciones de biarenses, es un emblema para el municipio y un atractivo tur\u00edstico\u201d.<\/p>\n\n\n\n<figure class=\"wp-block-image size-full\"><img fetchpriority=\"high\" decoding=\"async\" width=\"900\" height=\"600\" src=\"https:\/\/www.lafresca.fm\/f-solosog\/2022\/11\/dee126d473bf52dd78d745c544cac52a413b75ea-1.jpg\" alt=\"\" class=\"wp-image-7437\" srcset=\"https:\/\/www.lafresca.fm\/f-solosog\/2022\/11\/dee126d473bf52dd78d745c544cac52a413b75ea-1.jpg 900w, https:\/\/www.lafresca.fm\/f-solosog\/2022\/11\/dee126d473bf52dd78d745c544cac52a413b75ea-1-770x513.jpg 770w, https:\/\/www.lafresca.fm\/f-solosog\/2022\/11\/dee126d473bf52dd78d745c544cac52a413b75ea-1-768x512.jpg 768w\" sizes=\"(max-width: 900px) 100vw, 900px\" \/><\/figure>\n\n\n\n<p>Caracter\u00edsticas e historia<\/p>\n\n\n\n<p>El pl\u00e1tano de Biar es un ejemplar de la especie Platanus Orientalis, que tiene una altura de 26,24 metros, un per\u00edmetro de 6 Metros de per\u00edmetro de tronco, medido a una altura de 1,30 m de la base y m\u00e1s de 350 a\u00f1os de edad.<\/p>\n\n\n\n<p>El 2 de octubre de 1580, el ayuntamiento acuerda hacer la encadufada (acequia), para traer el agua a la villa. Se construy\u00f3 la primera fuente abrevadero de Biar.<\/p>\n\n\n\n<p>Esta obra no lleg\u00f3 a ejecutarse hasta el 8 de julio de 1618. Seg\u00fan consta en el libro racional de dicha fecha.<\/p>\n\n\n\n<p>\u201cTodos los abrevaderos estaban dotados de \u00e1rboles, aportando unas buenas sombras a las caballer\u00edas y ganados durante su abastecimiento. Por ello, deducimos que posiblemente fuese plantado \u00e9ste \u00e1rbol junto con otros, los cuales no han perdurado en el tiempo\u201d, seg\u00fan se indica en el cat\u00e1logo de elementos patrimoniales del Ayuntamiento de Biar.<\/p>\n\n\n\n<p>La primera documentaci\u00f3n que hace referencia al presente \u00e1rbol, consider\u00e1ndolo como un elemento singular, data de 1824.<\/p>\n<script>function PlayerjsAsync(){} if(window[\"Playerjs\"]){PlayerjsAsync();}<\/script>","protected":false},"excerpt":{"rendered":"<p>Desde el Ayuntamiento se anima a toda la Comunidad Valenciana a votar por el \u00fanico ejemplar que representa a \u201cnuestro territorio\u201d El \u00e1rbol del parque del Pl\u00e1tano de Biar es uno de los nueve candidatos a \u00c1rbol de Espa\u00f1a 2023, que organiza la ONG Bosques sin Fronteras. Tras presentar su ...<\/p>\n","protected":false},"author":2,"featured_media":7436,"comment_status":"closed","ping_status":"closed","sticky":false,"template":"","format":"standard","meta":{"_monsterinsights_skip_tracking":false,"_monsterinsights_sitenote_active":false,"_monsterinsights_sitenote_note":"","_monsterinsights_sitenote_category":0,"footnotes":""},"categories":[4],"tags":[146],"class_list":["post-7434","post","type-post","status-publish","format-standard","has-post-thumbnail","hentry","category-alicante","tag-biar"],"aioseo_notices":[],"_links":{"self":[{"href":"https:\/\/www.lafresca.fm\/fresca-api-json\/wp\/v2\/posts\/7434","targetHints":{"allow":["GET"]}}],"collection":[{"href":"https:\/\/www.lafresca.fm\/fresca-api-json\/wp\/v2\/posts"}],"about":[{"href":"https:\/\/www.lafresca.fm\/fresca-api-json\/wp\/v2\/types\/post"}],"author":[{"embeddable":true,"href":"https:\/\/www.lafresca.fm\/fresca-api-json\/wp\/v2\/users\/2"}],"replies":[{"embeddable":true,"href":"https:\/\/www.lafresca.fm\/fresca-api-json\/wp\/v2\/comments?post=7434"}],"version-history":[{"count":1,"href":"https:\/\/www.lafresca.fm\/fresca-api-json\/wp\/v2\/posts\/7434\/revisions"}],"predecessor-version":[{"id":7438,"href":"https:\/\/www.lafresca.fm\/fresca-api-json\/wp\/v2\/posts\/7434\/revisions\/7438"}],"wp:featuredmedia":[{"embeddable":true,"href":"https:\/\/www.lafresca.fm\/fresca-api-json\/wp\/v2\/media\/7436"}],"wp:attachment":[{"href":"https:\/\/www.lafresca.fm\/fresca-api-json\/wp\/v2\/media?parent=7434"}],"wp:term":[{"taxonomy":"category","embeddable":true,"href":"https:\/\/www.lafresca.fm\/fresca-api-json\/wp\/v2\/categories?post=7434"},{"taxonomy":"post_tag","embeddable":true,"href":"https:\/\/www.lafresca.fm\/fresca-api-json\/wp\/v2\/tags?post=7434"}],"curies":[{"name":"wp","href":"https:\/\/api.w.org\/{rel}","templated":true}]}}