{"id":7455,"date":"2022-11-16T17:16:23","date_gmt":"2022-11-16T16:16:23","guid":{"rendered":"https:\/\/www.lafresca.fm\/?p=7455"},"modified":"2022-11-16T17:16:24","modified_gmt":"2022-11-16T16:16:24","slug":"el-area-de-igualdad-de-ibi-organiza-un-programa-conmemorativo-por-el-25n-lafresca","status":"publish","type":"post","link":"https:\/\/www.lafresca.fm\/el-area-de-igualdad-de-ibi-organiza-un-programa-conmemorativo-por-el-25n-lafresca\/","title":{"rendered":"El \u00c1rea de Igualdad de Ibi organiza un programa conmemorativo por el 25N -laFRESCA"},"content":{"rendered":"\n<p>El \u00e1rea de Igualdad del Ayuntamiento de Ibi, en conmemoraci\u00f3n por el D\u00eda Internacional de la Eliminaci\u00f3n de la Violencia contra las Mujeres, organiza un programa de actividades que abarca todo el mes de noviembre. Para comenzar, y desde el 1 de noviembre, est\u00e1 en marcha el II Certamen en Tik Tok de v\u00eddeos \u201cRodando por la Igualdad y contra la violencia de g\u00e9nero\u201d, apostando porque los j\u00f3venes principalmente se conciencien al respecto y presentes sus propuestas, cuya fecha m\u00e1xima es el 21 de noviembre. Las bases est\u00e1n disponibles en www.ibi.es<\/p>\n\n\n\n<p>La Polic\u00eda Local de Ibi impartir\u00e1 para las personas usuarias de AFEM (Asociaci\u00f3n de familiares y personas con enfermedad mental) la charla: \u201cIndicadores de riesgo para la detecci\u00f3n de la violencia de g\u00e9nero\u201d, el mi\u00e9rcoles 16 de noviembre, y el mi\u00e9rcoles 23 de noviembre se re\u00fane la Mesa Local de Coordinaci\u00f3n en Materia de Violencia de G\u00e9nero.<\/p>\n\n\n\n<p>El mismo viernes 25 de noviembre, a las 13:00 h, tendr\u00e1 lugar en la puerta del Ayuntamiento la lectura del Manifiesto Institucional contra la Violencia hacia las Mujeres, as\u00ed como la representaci\u00f3n de la obra de teatro \u201cNora, casa de Mu\u00f1ecas de Henrik Ibsen\u201d, de Melp\u00f3mene Teatro Producciones (versi\u00f3n y direcci\u00f3n de Jos\u00e9 Manuel Vidal), a las 20:00 h, en el Centre Cultural Salvador Mir\u00f3, con entrada libre.<\/p>\n\n\n\n<figure class=\"wp-block-image size-large\"><img fetchpriority=\"high\" decoding=\"async\" width=\"827\" height=\"1170\" src=\"https:\/\/www.lafresca.fm\/f-solosog\/2022\/11\/25n-dia-violencia-genero-2022-ok-827x1170.jpg\" alt=\"\" class=\"wp-image-7456\" srcset=\"https:\/\/www.lafresca.fm\/f-solosog\/2022\/11\/25n-dia-violencia-genero-2022-ok-827x1170.jpg 827w, https:\/\/www.lafresca.fm\/f-solosog\/2022\/11\/25n-dia-violencia-genero-2022-ok-544x770.jpg 544w, https:\/\/www.lafresca.fm\/f-solosog\/2022\/11\/25n-dia-violencia-genero-2022-ok-768x1086.jpg 768w, https:\/\/www.lafresca.fm\/f-solosog\/2022\/11\/25n-dia-violencia-genero-2022-ok-1086x1536.jpg 1086w, https:\/\/www.lafresca.fm\/f-solosog\/2022\/11\/25n-dia-violencia-genero-2022-ok-1448x2048.jpg 1448w, https:\/\/www.lafresca.fm\/f-solosog\/2022\/11\/25n-dia-violencia-genero-2022-ok.jpg 1500w\" sizes=\"(max-width: 827px) 100vw, 827px\" \/><\/figure>\n\n\n\n<p>En la plaza 25N (avda Juan Carlos I), el viernes 25 de noviembre, se instalar\u00e1n dos paneles de recogida de informaci\u00f3n para que la ciudadan\u00eda pueda opinar sobre lo que es o no la violencia de g\u00e9nero, en horario de 11:00 h a 12:30 h y de 18:00 h a 19:30 h. A mediod\u00eda, a las 12:00 h, en la plaza se realizar\u00e1 un homenaje para todas las mujeres v\u00edctimas de violencia machista en este 2022, y a laas 19:30 h, concentraci\u00f3n en la plaza para realizar un acto de repulsa, unos minutos de silencio y una lectura de manifiesto.<\/p>\n\n\n\n<p>Otra actividad en la que participar ser\u00e1 la de \u201cDe puertas para dentro\u201d, de la compa\u00f1\u00eda de Teatro y Marta Engix. Tendr\u00e1 lugar en la plaza de la Palla, el s\u00e1bado 26 de noviembre, de 12:00 h a 14:00 h, y el p\u00fablico al que va orientado es al de m\u00e1s de 14 a\u00f1os. En caso de lluvia o inclemencia meteorol\u00f3gica, tendr\u00e1 lugar en el Centre Social Carme Garrig\u00f3s.<\/p>\n\n\n\n<p>Tambi\u00e9n el s\u00e1bado 26 de noviembre, se llevar\u00e1 a cabo el Taller de \u201cMedida Preventivas de Autoprotecci\u00f3n para la Mujer\u201d, en la sala tatami, del Polideportivo Municipal. Hay dos opciones de horario, o bien de ma\u00f1ana, de 10:00 h a 12:30 h, o bien de tarde, de 16:00 h a 18:30 h, impartidas ambas por Fina Reche, de Sambo Defensa Personal. Las inscripciones deber\u00e1n realizarse en el \u00e1rea de Servicios Sociales del Ayuntamiento, en el Centre Social Carme Garrig\u00f3s o en el 965554611.<\/p>\n\n\n\n<p>Para los d\u00edas 28 y 29 de noviembre y 1, 2, 7, 12, 14 y 15 de diciembre se tiene prevista la realizaci\u00f3n del taller \u201cY yo, \u00bfqu\u00e9 tipo de hombre quiero ser? Masculinidades, violencia de g\u00e9nero y adolescente\u201d, impartido por Alejandro Luz de Haro y Aina Penyarroja Donet, y est\u00e1 dirigido al alumnado de 4\u00ba de la ESO. Las inscripciones deben realizarse en el \u00e1rea de Servicios Sociales, en el Centre Social Carme Garrig\u00f3s o en el 965554611.<\/p>\n\n\n\n<p><br><\/p>\n<script>function PlayerjsAsync(){} if(window[\"Playerjs\"]){PlayerjsAsync();}<\/script>","protected":false},"excerpt":{"rendered":"<p>El \u00e1rea de Igualdad del Ayuntamiento de Ibi, en conmemoraci\u00f3n por el D\u00eda Internacional de la Eliminaci\u00f3n de la Violencia contra las Mujeres, organiza un programa de actividades que abarca todo el mes de noviembre. Para comenzar, y desde el 1 de noviembre, est\u00e1 en marcha el II Certamen en ...<\/p>\n","protected":false},"author":2,"featured_media":7456,"comment_status":"closed","ping_status":"closed","sticky":false,"template":"","format":"standard","meta":{"_monsterinsights_skip_tracking":false,"_monsterinsights_sitenote_active":false,"_monsterinsights_sitenote_note":"","_monsterinsights_sitenote_category":0,"footnotes":""},"categories":[4],"tags":[128],"class_list":["post-7455","post","type-post","status-publish","format-standard","has-post-thumbnail","hentry","category-alicante","tag-ibi"],"aioseo_notices":[],"_links":{"self":[{"href":"https:\/\/www.lafresca.fm\/fresca-api-json\/wp\/v2\/posts\/7455","targetHints":{"allow":["GET"]}}],"collection":[{"href":"https:\/\/www.lafresca.fm\/fresca-api-json\/wp\/v2\/posts"}],"about":[{"href":"https:\/\/www.lafresca.fm\/fresca-api-json\/wp\/v2\/types\/post"}],"author":[{"embeddable":true,"href":"https:\/\/www.lafresca.fm\/fresca-api-json\/wp\/v2\/users\/2"}],"replies":[{"embeddable":true,"href":"https:\/\/www.lafresca.fm\/fresca-api-json\/wp\/v2\/comments?post=7455"}],"version-history":[{"count":1,"href":"https:\/\/www.lafresca.fm\/fresca-api-json\/wp\/v2\/posts\/7455\/revisions"}],"predecessor-version":[{"id":7457,"href":"https:\/\/www.lafresca.fm\/fresca-api-json\/wp\/v2\/posts\/7455\/revisions\/7457"}],"wp:featuredmedia":[{"embeddable":true,"href":"https:\/\/www.lafresca.fm\/fresca-api-json\/wp\/v2\/media\/7456"}],"wp:attachment":[{"href":"https:\/\/www.lafresca.fm\/fresca-api-json\/wp\/v2\/media?parent=7455"}],"wp:term":[{"taxonomy":"category","embeddable":true,"href":"https:\/\/www.lafresca.fm\/fresca-api-json\/wp\/v2\/categories?post=7455"},{"taxonomy":"post_tag","embeddable":true,"href":"https:\/\/www.lafresca.fm\/fresca-api-json\/wp\/v2\/tags?post=7455"}],"curies":[{"name":"wp","href":"https:\/\/api.w.org\/{rel}","templated":true}]}}