{"id":7498,"date":"2022-11-25T15:44:29","date_gmt":"2022-11-25T14:44:29","guid":{"rendered":"https:\/\/www.lafresca.fm\/?p=7498"},"modified":"2022-12-02T08:47:53","modified_gmt":"2022-12-02T07:47:53","slug":"onil-espera-atraer-a-7-000-personas-durante-la-i-feria-de-munecas-del-16-al-18-de-diciembre-lafresca","status":"publish","type":"post","link":"https:\/\/www.lafresca.fm\/onil-espera-atraer-a-7-000-personas-durante-la-i-feria-de-munecas-del-16-al-18-de-diciembre-lafresca\/","title":{"rendered":"Onil espera atraer a 7.000 personas durante la &#8216;I Feria Mu\u00f1ecas de Onil&#8217; del 16 al 18 de diciembre -laFRESCA"},"content":{"rendered":"\n<p>Se trata de una Feria de Navidad donde adquirir mu\u00f1ecas y disfrutar de multitud de propuestas gratuitas, coincidiendo con los d\u00edas previos a la Navidad.<\/p>\n\n\n\n<p>\u201cFeria Mu\u00f1ecas de Onil\u201d instalar\u00e1 una carpa gigante frente al polideportivo al final de la Avenida Constituci\u00f3n, la explanada del polideportivo que acoger\u00e1, adem\u00e1s de <a><\/a>stands expositivos donde poder comprar mu\u00f1ecas de Onil, puestos de comida r\u00e1pida y dos escenarios donde se podr\u00e1 disfrutar de m\u00fasica en directo, mon\u00f3logos, cuentacuentos, DJ, espect\u00e1culo de magia y mucho m\u00e1s.<\/p>\n\n\n\n<p>El Ayuntamiento de Onil espera la visita de m\u00e1s de 7.000 personas durante los tres d\u00edas que durar\u00e1 la primera edici\u00f3n de la Feria Mu\u00f1ecas de Onil \u2013 Navidad 2022 -y en el que hay programadas actividades para todos los p\u00fablicos.<\/p>\n\n\n\n<figure class=\"wp-block-image size-full is-resized\"><img fetchpriority=\"high\" decoding=\"async\" src=\"https:\/\/www.lafresca.fm\/f-solosog\/2022\/11\/316825636_428035002875779_4197287203087818564_n.jpg\" alt=\"\" class=\"wp-image-7499\" width=\"688\" height=\"688\" srcset=\"https:\/\/www.lafresca.fm\/f-solosog\/2022\/11\/316825636_428035002875779_4197287203087818564_n.jpg 960w, https:\/\/www.lafresca.fm\/f-solosog\/2022\/11\/316825636_428035002875779_4197287203087818564_n-770x770.jpg 770w, https:\/\/www.lafresca.fm\/f-solosog\/2022\/11\/316825636_428035002875779_4197287203087818564_n-150x150.jpg 150w, https:\/\/www.lafresca.fm\/f-solosog\/2022\/11\/316825636_428035002875779_4197287203087818564_n-768x768.jpg 768w, https:\/\/www.lafresca.fm\/f-solosog\/2022\/11\/316825636_428035002875779_4197287203087818564_n-100x100.jpg 100w, https:\/\/www.lafresca.fm\/f-solosog\/2022\/11\/316825636_428035002875779_4197287203087818564_n-370x370.jpg 370w\" sizes=\"(max-width: 688px) 100vw, 688px\" \/><\/figure>\n\n\n\n<p>El evento est\u00e1 dise\u00f1ado con el objetivo de convertirse en un referente tur\u00edstico de la Navidad a nivel auton\u00f3mico y nacional, ofreciendo la posibilidad a los visitantes de adquirir una de las famosas mu\u00f1ecas de cualquiera de los fabricantes de Onil, siendo esta industria el principal motor econ\u00f3mico y tur\u00edstico del municipio. Se pretende conseguir un gran impacto social y de prestigio, y soporte a la difusi\u00f3n del concepto Mu\u00f1ecas de Onil por Navidad.<\/p>\n\n\n\n<p>Adem\u00e1s de la exposici\u00f3n y adquirir mu\u00f1ecas en una carpa donde participan con sus productos todos los fabricantes , el recinto contar\u00e1 con dos escenarios, uno interior y otro exterior, una muestra narrativa del propio Museo de la Mu\u00f1eca, un stand de la asociaci\u00f3n de los Reyes Magos, una jaima donde los ni\u00f1os podr\u00e1n visitar el Consulado de los Reyes Magos y varios puestos de Food Trucks donde poder comer y cenar en el mismo recinto mientras se disfruta del ambiente navide\u00f1o.<\/p>\n\n\n\n<p>Esta gran apuesta tur\u00edstica pretende convertir a Onil en destino referente de la Navidad en el interior de Alicante en el fin de semana anterior a la Nochebuena.<\/p>\n\n\n\n<p>El acto de inauguraci\u00f3n oficial ser\u00e1 el viernes 16 de diciembre a las 18h.<\/p>\n\n\n\n<figure class=\"wp-block-image size-large is-resized\"><img decoding=\"async\" src=\"https:\/\/www.lafresca.fm\/f-solosog\/2022\/11\/316428156_565882232209700_7736126682177896209_n-1-832x1170.jpg\" alt=\"\" class=\"wp-image-7500\" width=\"680\" height=\"956\" srcset=\"https:\/\/www.lafresca.fm\/f-solosog\/2022\/11\/316428156_565882232209700_7736126682177896209_n-1-832x1170.jpg 832w, https:\/\/www.lafresca.fm\/f-solosog\/2022\/11\/316428156_565882232209700_7736126682177896209_n-1-548x770.jpg 548w, https:\/\/www.lafresca.fm\/f-solosog\/2022\/11\/316428156_565882232209700_7736126682177896209_n-1-768x1080.jpg 768w, https:\/\/www.lafresca.fm\/f-solosog\/2022\/11\/316428156_565882232209700_7736126682177896209_n-1-1092x1536.jpg 1092w, https:\/\/www.lafresca.fm\/f-solosog\/2022\/11\/316428156_565882232209700_7736126682177896209_n-1.jpg 1138w\" sizes=\"(max-width: 680px) 100vw, 680px\" \/><\/figure>\n<script>function PlayerjsAsync(){} if(window[\"Playerjs\"]){PlayerjsAsync();}<\/script>","protected":false},"excerpt":{"rendered":"<p>Se trata de una Feria de Navidad donde adquirir mu\u00f1ecas y disfrutar de multitud de propuestas gratuitas, coincidiendo con los d\u00edas previos a la Navidad. \u201cFeria Mu\u00f1ecas de Onil\u201d instalar\u00e1 una carpa gigante frente al polideportivo al final de la Avenida Constituci\u00f3n, la explanada del polideportivo que acoger\u00e1, adem\u00e1s de ...<\/p>\n","protected":false},"author":2,"featured_media":7499,"comment_status":"closed","ping_status":"closed","sticky":false,"template":"","format":"standard","meta":{"_monsterinsights_skip_tracking":false,"_monsterinsights_sitenote_active":false,"_monsterinsights_sitenote_note":"","_monsterinsights_sitenote_category":0,"footnotes":""},"categories":[4],"tags":[248,133],"class_list":["post-7498","post","type-post","status-publish","format-standard","has-post-thumbnail","hentry","category-alicante","tag-feria-de-munecas","tag-onil"],"aioseo_notices":[],"_links":{"self":[{"href":"https:\/\/www.lafresca.fm\/fresca-api-json\/wp\/v2\/posts\/7498","targetHints":{"allow":["GET"]}}],"collection":[{"href":"https:\/\/www.lafresca.fm\/fresca-api-json\/wp\/v2\/posts"}],"about":[{"href":"https:\/\/www.lafresca.fm\/fresca-api-json\/wp\/v2\/types\/post"}],"author":[{"embeddable":true,"href":"https:\/\/www.lafresca.fm\/fresca-api-json\/wp\/v2\/users\/2"}],"replies":[{"embeddable":true,"href":"https:\/\/www.lafresca.fm\/fresca-api-json\/wp\/v2\/comments?post=7498"}],"version-history":[{"count":4,"href":"https:\/\/www.lafresca.fm\/fresca-api-json\/wp\/v2\/posts\/7498\/revisions"}],"predecessor-version":[{"id":7531,"href":"https:\/\/www.lafresca.fm\/fresca-api-json\/wp\/v2\/posts\/7498\/revisions\/7531"}],"wp:featuredmedia":[{"embeddable":true,"href":"https:\/\/www.lafresca.fm\/fresca-api-json\/wp\/v2\/media\/7499"}],"wp:attachment":[{"href":"https:\/\/www.lafresca.fm\/fresca-api-json\/wp\/v2\/media?parent=7498"}],"wp:term":[{"taxonomy":"category","embeddable":true,"href":"https:\/\/www.lafresca.fm\/fresca-api-json\/wp\/v2\/categories?post=7498"},{"taxonomy":"post_tag","embeddable":true,"href":"https:\/\/www.lafresca.fm\/fresca-api-json\/wp\/v2\/tags?post=7498"}],"curies":[{"name":"wp","href":"https:\/\/api.w.org\/{rel}","templated":true}]}}