{"id":7509,"date":"2022-11-29T09:56:03","date_gmt":"2022-11-29T08:56:03","guid":{"rendered":"https:\/\/www.lafresca.fm\/?p=7509"},"modified":"2022-11-29T09:56:05","modified_gmt":"2022-11-29T08:56:05","slug":"ibiae-se-reune-con-el-alcalde-de-castalla-para-tratar-las-inquietudes-de-sus-empresas-lafresca","status":"publish","type":"post","link":"https:\/\/www.lafresca.fm\/ibiae-se-reune-con-el-alcalde-de-castalla-para-tratar-las-inquietudes-de-sus-empresas-lafresca\/","title":{"rendered":"IBIAE se re\u00fane con el alcalde de Castalla para tratar las inquietudes de sus empresas -laFRESCA"},"content":{"rendered":"\n<p>El director de&nbsp;<strong>IBIAE<\/strong>,&nbsp;<strong>H\u00e9ctor Torrente<\/strong>, y el&nbsp;<strong>alcalde de Castalla<\/strong>,&nbsp;<strong>Antonio Bernabeu<\/strong>, han mantenido una reuni\u00f3n para dialogar acerca de los problemas y necesidades de las empresas castallenses.<\/p>\n\n\n\n<p>Uno de los temas que m\u00e1s preocupa a&nbsp;<strong>IBIAE<\/strong>&nbsp;es el&nbsp;<strong>mantenimiento de los pol\u00edgonos<\/strong>&nbsp;de Castalla, puesto que existen algunas deficiencias que es importante subsanar. En este sentido, es importante coordinarse y trabajar para su mantenimiento.<\/p>\n\n\n\n<p>La construcci\u00f3n de la\u00a0<strong>segunda subestaci\u00f3n el\u00e9ctrica<\/strong>\u00a0es un elemento que tambi\u00e9n se ha abordado en la reuni\u00f3n. Para\u00a0<strong>IBIAE<\/strong>\u00a0es fundamental contar con esa segunda subestaci\u00f3n en funcionamiento para disponer de energ\u00eda para las industrias y evitar problemas de microcortes.<\/p>\n\n\n\n<figure class=\"wp-block-image size-full\"><img fetchpriority=\"high\" decoding=\"async\" width=\"640\" height=\"480\" src=\"https:\/\/www.lafresca.fm\/f-solosog\/2022\/11\/REUNION-CASTALLA-IBIAE-640x480-1.jpg\" alt=\"\" class=\"wp-image-7510\"\/><\/figure>\n\n\n\n<p>La puesta en marcha del&nbsp;<strong>Ciclo de FP de Mantenimiento Electromec\u00e1nico<\/strong>&nbsp;ha sido otra de las cuestiones tratadas. En su momento desde GVA Educaci\u00f3 indicaron que estos estudios se implantar\u00edan en Castalla debido a la necesidad de estos perfiles en la comarca. Por ahora se desconoce la fecha de su puesta en marcha.<\/p>\n\n\n\n<p>Planificar el&nbsp;<strong>nuevo suelo industrial de calidad<\/strong>&nbsp;en Castalla es otra de las prioridades de&nbsp;<strong>IBIAE<\/strong>, siempre pensando en el establecimiento de futuras empresas y en la ampliaci\u00f3n de instalaciones para las que ya est\u00e1n instaladas en los pol\u00edgonos castallenses.<\/p>\n\n\n\n<p>IBIAE y el&nbsp;<strong>alcalde de Castalla<\/strong>&nbsp;se han emplazado para reunirse mensualmente y comprobar la evoluci\u00f3n de estos temas a lo largo de los pr\u00f3ximos meses.<\/p>\n<script>function PlayerjsAsync(){} if(window[\"Playerjs\"]){PlayerjsAsync();}<\/script>","protected":false},"excerpt":{"rendered":"<p>El director de&nbsp;IBIAE,&nbsp;H\u00e9ctor Torrente, y el&nbsp;alcalde de Castalla,&nbsp;Antonio Bernabeu, han mantenido una reuni\u00f3n para dialogar acerca de los problemas y necesidades de las empresas castallenses. Uno de los temas que m\u00e1s preocupa a&nbsp;IBIAE&nbsp;es el&nbsp;mantenimiento de los pol\u00edgonos&nbsp;de Castalla, puesto que existen algunas deficiencias que es importante subsanar. En este sentido, ...<\/p>\n","protected":false},"author":2,"featured_media":7510,"comment_status":"closed","ping_status":"closed","sticky":false,"template":"","format":"standard","meta":{"_monsterinsights_skip_tracking":false,"_monsterinsights_sitenote_active":false,"_monsterinsights_sitenote_note":"","_monsterinsights_sitenote_category":0,"footnotes":""},"categories":[4],"tags":[144],"class_list":["post-7509","post","type-post","status-publish","format-standard","has-post-thumbnail","hentry","category-alicante","tag-castalla"],"aioseo_notices":[],"_links":{"self":[{"href":"https:\/\/www.lafresca.fm\/fresca-api-json\/wp\/v2\/posts\/7509","targetHints":{"allow":["GET"]}}],"collection":[{"href":"https:\/\/www.lafresca.fm\/fresca-api-json\/wp\/v2\/posts"}],"about":[{"href":"https:\/\/www.lafresca.fm\/fresca-api-json\/wp\/v2\/types\/post"}],"author":[{"embeddable":true,"href":"https:\/\/www.lafresca.fm\/fresca-api-json\/wp\/v2\/users\/2"}],"replies":[{"embeddable":true,"href":"https:\/\/www.lafresca.fm\/fresca-api-json\/wp\/v2\/comments?post=7509"}],"version-history":[{"count":1,"href":"https:\/\/www.lafresca.fm\/fresca-api-json\/wp\/v2\/posts\/7509\/revisions"}],"predecessor-version":[{"id":7511,"href":"https:\/\/www.lafresca.fm\/fresca-api-json\/wp\/v2\/posts\/7509\/revisions\/7511"}],"wp:featuredmedia":[{"embeddable":true,"href":"https:\/\/www.lafresca.fm\/fresca-api-json\/wp\/v2\/media\/7510"}],"wp:attachment":[{"href":"https:\/\/www.lafresca.fm\/fresca-api-json\/wp\/v2\/media?parent=7509"}],"wp:term":[{"taxonomy":"category","embeddable":true,"href":"https:\/\/www.lafresca.fm\/fresca-api-json\/wp\/v2\/categories?post=7509"},{"taxonomy":"post_tag","embeddable":true,"href":"https:\/\/www.lafresca.fm\/fresca-api-json\/wp\/v2\/tags?post=7509"}],"curies":[{"name":"wp","href":"https:\/\/api.w.org\/{rel}","templated":true}]}}