{"id":7525,"date":"2022-12-01T08:50:27","date_gmt":"2022-12-01T07:50:27","guid":{"rendered":"https:\/\/www.lafresca.fm\/?p=7525"},"modified":"2022-12-01T08:50:28","modified_gmt":"2022-12-01T07:50:28","slug":"david-martinez-colomina-candidato-de-contigo-a-la-alcaldia-de-ibi-lafresca","status":"publish","type":"post","link":"https:\/\/www.lafresca.fm\/david-martinez-colomina-candidato-de-contigo-a-la-alcaldia-de-ibi-lafresca\/","title":{"rendered":"David Martinez Colomina candidato de Contigo a la alcald\u00eda de Ibi -laFRESCA"},"content":{"rendered":"\n<p>Los afiliados de la formaci\u00f3n pol\u00edtica ibense eligen en Asamblea de forma mayoritaria al candidato que les representar\u00e1 en las elecciones municipales de mayo.<\/p>\n\n\n\n<p>Los afiliados de CONTIGO Ibi han concurrido a un proceso de primarias durante este mes de noviembre que concluy\u00f3 con la elecci\u00f3n de David Mart\u00ednez como alcaldable de la formaci\u00f3n <a><\/a>municipalista. La Asamblea General establecida a tal efecto congreg\u00f3 a afiliados y simpatizantes que quisieron manifestar su apoyo al proyecto y al candidato que con un 100% de los votos se proclam\u00f3 autom\u00e1ticamente candidato a la alcald\u00eda de Ibi.<\/p>\n\n\n\n<p>David Mart\u00ednez mostraba su satisfacci\u00f3n diciendo que \u201ces un orgullo contar con el respaldo de toda la agrupaci\u00f3n, a partir de ahora toca devolverles a las personas la oportunidad de creer en un proyecto municipalista de gesti\u00f3n y sin etiquetas. As\u00ed podremos volver a situar nuestro pueblo en el lugar que le corresponde<\/p>\n\n\n\n<figure class=\"wp-block-image size-large\"><img fetchpriority=\"high\" decoding=\"async\" width=\"1170\" height=\"1057\" src=\"https:\/\/www.lafresca.fm\/f-solosog\/2022\/12\/317065566_431763609169585_2188983379665992135_n-1170x1057.jpg\" alt=\"\" class=\"wp-image-7526\" srcset=\"https:\/\/www.lafresca.fm\/f-solosog\/2022\/12\/317065566_431763609169585_2188983379665992135_n-1170x1057.jpg 1170w, https:\/\/www.lafresca.fm\/f-solosog\/2022\/12\/317065566_431763609169585_2188983379665992135_n-770x696.jpg 770w, https:\/\/www.lafresca.fm\/f-solosog\/2022\/12\/317065566_431763609169585_2188983379665992135_n-768x694.jpg 768w, https:\/\/www.lafresca.fm\/f-solosog\/2022\/12\/317065566_431763609169585_2188983379665992135_n-1536x1388.jpg 1536w, https:\/\/www.lafresca.fm\/f-solosog\/2022\/12\/317065566_431763609169585_2188983379665992135_n.jpg 2048w\" sizes=\"(max-width: 1170px) 100vw, 1170px\" \/><\/figure>\n<script>function PlayerjsAsync(){} if(window[\"Playerjs\"]){PlayerjsAsync();}<\/script>","protected":false},"excerpt":{"rendered":"<p>Los afiliados de la formaci\u00f3n pol\u00edtica ibense eligen en Asamblea de forma mayoritaria al candidato que les representar\u00e1 en las elecciones municipales de mayo. Los afiliados de CONTIGO Ibi han concurrido a un proceso de primarias durante este mes de noviembre que concluy\u00f3 con la elecci\u00f3n de David Mart\u00ednez como ...<\/p>\n","protected":false},"author":2,"featured_media":7526,"comment_status":"closed","ping_status":"closed","sticky":false,"template":"","format":"standard","meta":{"_monsterinsights_skip_tracking":false,"_monsterinsights_sitenote_active":false,"_monsterinsights_sitenote_note":"","_monsterinsights_sitenote_category":0,"footnotes":""},"categories":[4],"tags":[250,128],"class_list":["post-7525","post","type-post","status-publish","format-standard","has-post-thumbnail","hentry","category-alicante","tag-contigo-ibi","tag-ibi"],"aioseo_notices":[],"_links":{"self":[{"href":"https:\/\/www.lafresca.fm\/fresca-api-json\/wp\/v2\/posts\/7525","targetHints":{"allow":["GET"]}}],"collection":[{"href":"https:\/\/www.lafresca.fm\/fresca-api-json\/wp\/v2\/posts"}],"about":[{"href":"https:\/\/www.lafresca.fm\/fresca-api-json\/wp\/v2\/types\/post"}],"author":[{"embeddable":true,"href":"https:\/\/www.lafresca.fm\/fresca-api-json\/wp\/v2\/users\/2"}],"replies":[{"embeddable":true,"href":"https:\/\/www.lafresca.fm\/fresca-api-json\/wp\/v2\/comments?post=7525"}],"version-history":[{"count":1,"href":"https:\/\/www.lafresca.fm\/fresca-api-json\/wp\/v2\/posts\/7525\/revisions"}],"predecessor-version":[{"id":7527,"href":"https:\/\/www.lafresca.fm\/fresca-api-json\/wp\/v2\/posts\/7525\/revisions\/7527"}],"wp:featuredmedia":[{"embeddable":true,"href":"https:\/\/www.lafresca.fm\/fresca-api-json\/wp\/v2\/media\/7526"}],"wp:attachment":[{"href":"https:\/\/www.lafresca.fm\/fresca-api-json\/wp\/v2\/media?parent=7525"}],"wp:term":[{"taxonomy":"category","embeddable":true,"href":"https:\/\/www.lafresca.fm\/fresca-api-json\/wp\/v2\/categories?post=7525"},{"taxonomy":"post_tag","embeddable":true,"href":"https:\/\/www.lafresca.fm\/fresca-api-json\/wp\/v2\/tags?post=7525"}],"curies":[{"name":"wp","href":"https:\/\/api.w.org\/{rel}","templated":true}]}}