{"id":7528,"date":"2022-12-01T15:57:41","date_gmt":"2022-12-01T14:57:41","guid":{"rendered":"https:\/\/www.lafresca.fm\/?p=7528"},"modified":"2022-12-01T15:57:43","modified_gmt":"2022-12-01T14:57:43","slug":"la-corporacion-visita-a-las-obras-de-la-plaza-de-la-iglesia-de-ibi-lafresca","status":"publish","type":"post","link":"https:\/\/www.lafresca.fm\/la-corporacion-visita-a-las-obras-de-la-plaza-de-la-iglesia-de-ibi-lafresca\/","title":{"rendered":"La corporaci\u00f3n visita a las obras de la Plaza de la Iglesia de Ibi -laFRESCA"},"content":{"rendered":"\n<p>Esta ma\u00f1ana, el alcalde de Ibi, Rafael Serralta, junto al teniente de alcalde de Territorio y Patrimonio del Ayuntamiento de Ibi, Santi C\u00f3zar, realizaban una visita a las obras que desde el consistorio se est\u00e1n realizando en la Plaza de la Iglesia de la localidad. En la visita han estado acompa\u00f1ados por el arquitecto de Ras Architecture Solutions SL (Elche) y la arquitecta de Yu\u00fb Arquitectura (Ibi), ganadores del concurso de ideas convocado por el consistorio y responsables del proyecto, as\u00ed como por responsables del equipo t\u00e9cnico de la empresa Orthem Servicios y Actuaciones Ambientales SA, del grupo Hozono Global Grupo Corporativo, empresa adjudicataria de las labores de ejecuci\u00f3n.<\/p>\n\n\n\n<p>Sin que se presente, por el momento, ning\u00fan tipo de incidente, las obras marchan con total normalidad y a buen ritmo, por lo que se van cumpliendo los plazos establecidos, verano de 2023, para la finalizaci\u00f3n de una de las obras m\u00e1s importantes de la localidad y que ha sido adjudicada por valor de 2.395.253,57 euros, de los que el consistorio prev\u00e9 financiar con Fondos Europeos la cantidad de 1.051.035 euros.<\/p>\n\n\n\n<figure class=\"wp-block-image size-large\"><img fetchpriority=\"high\" decoding=\"async\" width=\"1170\" height=\"816\" src=\"https:\/\/www.lafresca.fm\/f-solosog\/2022\/12\/VisitaObras_PlazadelaIglesia_dic2022-1170x816.jpg\" alt=\"\" class=\"wp-image-7529\" srcset=\"https:\/\/www.lafresca.fm\/f-solosog\/2022\/12\/VisitaObras_PlazadelaIglesia_dic2022-1170x816.jpg 1170w, https:\/\/www.lafresca.fm\/f-solosog\/2022\/12\/VisitaObras_PlazadelaIglesia_dic2022-770x537.jpg 770w, https:\/\/www.lafresca.fm\/f-solosog\/2022\/12\/VisitaObras_PlazadelaIglesia_dic2022-768x536.jpg 768w, https:\/\/www.lafresca.fm\/f-solosog\/2022\/12\/VisitaObras_PlazadelaIglesia_dic2022.jpg 1246w\" sizes=\"(max-width: 1170px) 100vw, 1170px\" \/><\/figure>\n\n\n\n<p>Recordamos que las actuaciones consistir\u00e1n tanto en la remodelaci\u00f3n de 3.189 m\u00b2 de plaza, la cual ya ha sido completamente derribada, as\u00ed como en la remodelaci\u00f3n del aparcamiento subterr\u00e1neo, de 1.928 m\u00b2, que con las nuevas obras aumentar\u00e1 de 16 veh\u00edculos de capacidad a 58. Con estas obras, el Ayuntamiento pretende dotar al municipio de un espacio accesible y de calidad preparado para realizar diversos eventos p\u00fablicos respetando el entorno y la arquitectura existente. Para ello, se crear\u00e1n espacios abiertos sin discontinuidades, eliminando rincones oscuros e inseguros, y se modernizar\u00e1 y har\u00e1 m\u00e1s c\u00f3modo para los viandantes este emblem\u00e1tico entorno gracias a un nuevo mobiliario, as\u00ed como pavimentos, instalaciones y zonas de vegetaci\u00f3n. Adem\u00e1s, se prestar\u00e1 especial atenci\u00f3n a asegurar la accesibilidad del espacio, con la eliminaci\u00f3n de las escalinatas y la creaci\u00f3n de espacios peatonales multifuncionales y de f\u00e1cil acceso.<\/p>\n<script>function PlayerjsAsync(){} if(window[\"Playerjs\"]){PlayerjsAsync();}<\/script>","protected":false},"excerpt":{"rendered":"<p>Esta ma\u00f1ana, el alcalde de Ibi, Rafael Serralta, junto al teniente de alcalde de Territorio y Patrimonio del Ayuntamiento de Ibi, Santi C\u00f3zar, realizaban una visita a las obras que desde el consistorio se est\u00e1n realizando en la Plaza de la Iglesia de la localidad. En la visita han estado ...<\/p>\n","protected":false},"author":2,"featured_media":7529,"comment_status":"closed","ping_status":"closed","sticky":false,"template":"","format":"standard","meta":{"_monsterinsights_skip_tracking":false,"_monsterinsights_sitenote_active":false,"_monsterinsights_sitenote_note":"","_monsterinsights_sitenote_category":0,"footnotes":""},"categories":[4],"tags":[128,251],"class_list":["post-7528","post","type-post","status-publish","format-standard","has-post-thumbnail","hentry","category-alicante","tag-ibi","tag-obras-plaza-iglesia-ibi"],"aioseo_notices":[],"_links":{"self":[{"href":"https:\/\/www.lafresca.fm\/fresca-api-json\/wp\/v2\/posts\/7528","targetHints":{"allow":["GET"]}}],"collection":[{"href":"https:\/\/www.lafresca.fm\/fresca-api-json\/wp\/v2\/posts"}],"about":[{"href":"https:\/\/www.lafresca.fm\/fresca-api-json\/wp\/v2\/types\/post"}],"author":[{"embeddable":true,"href":"https:\/\/www.lafresca.fm\/fresca-api-json\/wp\/v2\/users\/2"}],"replies":[{"embeddable":true,"href":"https:\/\/www.lafresca.fm\/fresca-api-json\/wp\/v2\/comments?post=7528"}],"version-history":[{"count":1,"href":"https:\/\/www.lafresca.fm\/fresca-api-json\/wp\/v2\/posts\/7528\/revisions"}],"predecessor-version":[{"id":7530,"href":"https:\/\/www.lafresca.fm\/fresca-api-json\/wp\/v2\/posts\/7528\/revisions\/7530"}],"wp:featuredmedia":[{"embeddable":true,"href":"https:\/\/www.lafresca.fm\/fresca-api-json\/wp\/v2\/media\/7529"}],"wp:attachment":[{"href":"https:\/\/www.lafresca.fm\/fresca-api-json\/wp\/v2\/media?parent=7528"}],"wp:term":[{"taxonomy":"category","embeddable":true,"href":"https:\/\/www.lafresca.fm\/fresca-api-json\/wp\/v2\/categories?post=7528"},{"taxonomy":"post_tag","embeddable":true,"href":"https:\/\/www.lafresca.fm\/fresca-api-json\/wp\/v2\/tags?post=7528"}],"curies":[{"name":"wp","href":"https:\/\/api.w.org\/{rel}","templated":true}]}}