{"id":7533,"date":"2022-12-02T11:42:45","date_gmt":"2022-12-02T10:42:45","guid":{"rendered":"https:\/\/www.lafresca.fm\/?p=7533"},"modified":"2022-12-23T22:57:05","modified_gmt":"2022-12-23T21:57:05","slug":"castalla-celebra-aa-feria-de-navidadn-del-16-al-18-de-diciembre-lafresca","status":"publish","type":"post","link":"https:\/\/www.lafresca.fm\/castalla-celebra-aa-feria-de-navidadn-del-16-al-18-de-diciembre-lafresca\/","title":{"rendered":"Castalla celebra su Feria de Navidad del 16 al 18 de diciembre"},"content":{"rendered":"\n<p>La programaci\u00f3n de actividades propone bailes, desfiles, talleres y un tardeo para los m\u00e1s j\u00f3venes del viernes 16 al domingo 18 de diciembre<\/p>\n\n\n\n<p>La Feria de Navidad 2022 de Castalla llega con el objetivo de llenar de ambiente festivo y navide\u00f1o las calles de la ciudad. Entre el viernes 16 y el domingo 18 de diciembre, el Ayuntamiento ha preparado una completa programaci\u00f3n de actividades, que incluyen bailes, desfiles, talleres y un tardeo dirigido a los m\u00e1s j\u00f3venes. Todo ello con el objetivo de incentivar el consumo en el comercio local. La feria se ha organizado desde la concejal\u00eda de Turismo, en colaboraci\u00f3n con la Asociaci\u00f3n de Comercio y Hosteler\u00eda de Castalla.<\/p>\n\n\n\n<p>As\u00ed, la concejala de Turismo, Maite Gimeno, ha destacado que \u201cla Feria de Navidad de Castalla es una fecha que tienen marcada en el calendario todos los establecimientos de nuestra localidad, que supone una oportunidad \u00fanica para conocer nuestra ciudad en un ambiente navide\u00f1o, t\u00edpico de estas fechas\u201d. De acuerdo con la edil, \u201cdesde Turismo Castalla hemos preparado una programaci\u00f3n de actividades para asegurar que el fin de semana sea din\u00e1mico, con bailes, desfiles, talleres y pasacalles durante los tres d\u00edas\u201d.<\/p>\n\n\n\n<p>En cuanto al calendario de actividades, la propuesta municipal comenzar\u00e1 la tarde del viernes 16 de diciembre con la apertura de la Feria de Navidad a partir de las 17:00 horas. A las 18:45 horas tendr\u00e1n lugar actividades de baile, m\u00fasica y danza en la plaza de la Font Vella y la Fiesta de la Luz. M\u00e1s tarde, a las 19:15 horas, la Banda Jove Santa Cecilia ser\u00e1 la encargada de realizar el pasacalle.<\/p>\n\n\n\n<p>Al d\u00eda siguiente, los actos arrancar\u00e1n a las 10:00 horas, cuando se abrir\u00e1 de nuevo la feria, y a las 11:00 horas se celebrar\u00e1 el tradicional taller de panderetas. Con la llegada del mediod\u00eda, se inaugurar\u00e1 de manera oficial la Feria de Navidad 2022, con la participaci\u00f3n de las autoridades municipales. Acto seguido se interpretar\u00e1 el espect\u00e1culo \u2018El fr\u00edo de Navidad\u2019 en la plaza de la Font Vella. A las 12:30 horas, una comitiva de personajes Disney desfilar\u00e1n por las calles de la ciudad, y lo har\u00e1n de nuevo a partir de las 18:00 horas.<\/p>\n\n\n\n<p>Por la tarde, la Casa de Cultura acoger\u00e1 los talleres de juegos de mesa y los de adornos de Navidad, ambos entre las 17:00 y las 20:00 horas. Otra de las novedades es el tardeo con DJ que aportar\u00e1 el toque festivo a la explanada de la Casa de Cultura. Una actividad organizada por el disco pub \u2018Las Maldivas\u2019 que se extender\u00e1 de 16:00 a 21:00 horas. El baile ser\u00e1 protagonista de nuevo a las 19:00 horas en la plaza de la Font Vella con la funci\u00f3n \u2018Tiempo de Navidad\u2019.<\/p>\n\n\n\n<p>La feria concluir\u00e1 en la jornada del domingo 18, en el que la apertura ser\u00e1 tambi\u00e9n a las 10:00 horas y seguir\u00e1 con otra edici\u00f3n del taller de panderetas a las 11:00 horas. A las 12:00 horas ser\u00e1 el momento del \u2018Juego de la Oca\u2019, actividad para la cual hay que inscribirse previamente en la Oficina de Turismo. Media hora m\u00e1s tarde, la plaza de la Font Vella volver\u00e1 a ser escenario de la danza con el baile \u2018Momentos\u2019. Una vez<\/p>\n\n\n\n<p>acabado, los personajes Disney tomar\u00e1n la ciudad de Castalla con un pasacalle entre las 12:30 y las 13:30 horas.<\/p>\n\n\n\n<p>Adem\u00e1s, la concejal\u00eda de Juventud ha organizado el taller de realidad virtual \u2018Hero Zone\u2019 dirigido a las personas j\u00f3venes. La actividad es gratuita y se desarrollar\u00e1 en el Espai Jove de la Casa de Cultura. Tendr\u00e1 lugar en los siguientes horarios: el s\u00e1bado 17 de 10:00 a 13:30 horas y de 16:00 a 20:30 horas; y el domingo 18 de diciembre entre las 10:00 y las 13:00 horas. Para este taller la inscripci\u00f3n previa es obligatoria.<\/p>\n\n\n\n<p>Por su parte, el alcalde de Castalla, Antonio Bernabeu, ha invitado a la poblaci\u00f3n local y de las ciudades vecinas a \u201cdisfrutar de todas las propuestas que hemos preparado, ya que son la oportunidad perfecta para conocer de primera mano el comercio y la hosteler\u00eda de nuestra ciudad e impregnarnos, al mismo tiempo, del ambiente navide\u00f1o junto a familia y amigos para realizar las primeras compras de estas fiestas\u201d.<\/p>\n\n\n\n<p><\/p>\n\n\n\n<figure class=\"wp-block-image size-large\"><img fetchpriority=\"high\" decoding=\"async\" width=\"827\" height=\"1170\" src=\"https:\/\/www.lafresca.fm\/f-solosog\/2022\/12\/Fira-de-Nadal-Castalla-2022-827x1170.jpeg\" alt=\"\" class=\"wp-image-7534\" srcset=\"https:\/\/www.lafresca.fm\/f-solosog\/2022\/12\/Fira-de-Nadal-Castalla-2022-827x1170.jpeg 827w, https:\/\/www.lafresca.fm\/f-solosog\/2022\/12\/Fira-de-Nadal-Castalla-2022-544x770.jpeg 544w, https:\/\/www.lafresca.fm\/f-solosog\/2022\/12\/Fira-de-Nadal-Castalla-2022-768x1086.jpeg 768w, https:\/\/www.lafresca.fm\/f-solosog\/2022\/12\/Fira-de-Nadal-Castalla-2022-1086x1536.jpeg 1086w, https:\/\/www.lafresca.fm\/f-solosog\/2022\/12\/Fira-de-Nadal-Castalla-2022.jpeg 1131w\" sizes=\"(max-width: 827px) 100vw, 827px\" \/><\/figure>\n<script>function PlayerjsAsync(){} if(window[\"Playerjs\"]){PlayerjsAsync();}<\/script>","protected":false},"excerpt":{"rendered":"<p>La programaci\u00f3n de actividades propone bailes, desfiles, talleres y un tardeo para los m\u00e1s j\u00f3venes del viernes 16 al domingo 18 de diciembre La Feria de Navidad 2022 de Castalla llega con el objetivo de llenar de ambiente festivo y navide\u00f1o las calles de la ciudad. Entre el viernes 16 ...<\/p>\n","protected":false},"author":2,"featured_media":7534,"comment_status":"closed","ping_status":"closed","sticky":false,"template":"","format":"standard","meta":{"_monsterinsights_skip_tracking":false,"_monsterinsights_sitenote_active":false,"_monsterinsights_sitenote_note":"","_monsterinsights_sitenote_category":0,"footnotes":""},"categories":[4],"tags":[144],"class_list":["post-7533","post","type-post","status-publish","format-standard","has-post-thumbnail","hentry","category-alicante","tag-castalla"],"aioseo_notices":[],"_links":{"self":[{"href":"https:\/\/www.lafresca.fm\/fresca-api-json\/wp\/v2\/posts\/7533","targetHints":{"allow":["GET"]}}],"collection":[{"href":"https:\/\/www.lafresca.fm\/fresca-api-json\/wp\/v2\/posts"}],"about":[{"href":"https:\/\/www.lafresca.fm\/fresca-api-json\/wp\/v2\/types\/post"}],"author":[{"embeddable":true,"href":"https:\/\/www.lafresca.fm\/fresca-api-json\/wp\/v2\/users\/2"}],"replies":[{"embeddable":true,"href":"https:\/\/www.lafresca.fm\/fresca-api-json\/wp\/v2\/comments?post=7533"}],"version-history":[{"count":4,"href":"https:\/\/www.lafresca.fm\/fresca-api-json\/wp\/v2\/posts\/7533\/revisions"}],"predecessor-version":[{"id":7686,"href":"https:\/\/www.lafresca.fm\/fresca-api-json\/wp\/v2\/posts\/7533\/revisions\/7686"}],"wp:featuredmedia":[{"embeddable":true,"href":"https:\/\/www.lafresca.fm\/fresca-api-json\/wp\/v2\/media\/7534"}],"wp:attachment":[{"href":"https:\/\/www.lafresca.fm\/fresca-api-json\/wp\/v2\/media?parent=7533"}],"wp:term":[{"taxonomy":"category","embeddable":true,"href":"https:\/\/www.lafresca.fm\/fresca-api-json\/wp\/v2\/categories?post=7533"},{"taxonomy":"post_tag","embeddable":true,"href":"https:\/\/www.lafresca.fm\/fresca-api-json\/wp\/v2\/tags?post=7533"}],"curies":[{"name":"wp","href":"https:\/\/api.w.org\/{rel}","templated":true}]}}