{"id":7542,"date":"2022-12-05T17:07:08","date_gmt":"2022-12-05T16:07:08","guid":{"rendered":"https:\/\/www.lafresca.fm\/?p=7542"},"modified":"2022-12-23T22:56:35","modified_gmt":"2022-12-23T21:56:35","slug":"ibi-se-prepara-para-celebrar-les-festes-dhivern-desde-el-16-de-diciembre-lafresca","status":"publish","type":"post","link":"https:\/\/www.lafresca.fm\/ibi-se-prepara-para-celebrar-les-festes-dhivern-desde-el-16-de-diciembre-lafresca\/","title":{"rendered":"Ibi se prepara para celebrar les Festes d&#8217;Hivern desde el 16 de diciembre"},"content":{"rendered":"\n<p><em><strong>Divendres, 16 de desembre<\/strong><\/em><em><strong>, dia del Preg\u00f3:<\/strong><\/em><\/p>\n\n\n\n<p><em><strong>20.30 hores.<\/strong><\/em><em>&nbsp;Concentraci\u00f3 a la porta de l\u2019Ajuntament, amb el Taller de M\u00fasica Castell Vermell<\/em><em>,<\/em><em>&nbsp;des d\u2019on les autoritats acompanyaran al pregoner fins a l\u2019Arxiu Municipal per comen\u00e7ar els actes de l\u2019inici de les Festes d\u2019Hivern d\u2019Ibi.<\/em><\/p>\n\n\n\n<p><em><strong>21.00 hores.\u00a0<\/strong><\/em><em>Com a acte inaugural<\/em><em>,<\/em><em>\u00a0el<\/em><em><strong>PREG\u00d3<\/strong><\/em><em>\u00a0de les Festes d\u2019Hivern d\u2019Ibi, donar\u00e0\u00a0<\/em><em>inici a les festes\u00a0<\/em><em>des del balc\u00f3 de l\u2019Ajuntament Vell, hui Arxiu Municipal, a la pla\u00e7a de les Corts.\u00a0<\/em><em>A continuaci\u00f3,\u00a0<\/em><em>presentaci\u00f3 d el<\/em><em><strong>CARTELL GUANYADOR<\/strong><\/em><em>del VI Concurs de Cartells anunciadors de la Cavalcada dels Reis Mags d\u2019Ibi, 2023<\/em><em>, acompanyats pel Taller de M\u00fasica Castell Vermell d\u2019Ibi.<\/em><\/p>\n\n\n\n<p><em><strong>21.15 hores.<\/strong><\/em><em>&nbsp;Inauguraci\u00f3 de l\u2019exposici\u00f3 \u201c75 aniversari del Grup de Danses d\u2019Ibi\u201d, a la Llotja de l\u2019edifici.<\/em><\/p>\n\n\n\n<p><em><strong>21.30 hores<\/strong><\/em><em>.&nbsp;<\/em><em><strong>PRESENTACI\u00d3 DE LA REVISTA ENFARINA\u2019T N\u00daM. 18<\/strong><\/em><em>al Sal\u00f3 d\u2019Actes de l\u2019Arxiu Municipal.&nbsp;<\/em><em>La revista \u00e9<\/em><em>s la veu i la mem\u00f2ria de les Festes d\u2019Hivern d\u2019Ibi i finestra oberta a totes les persones que desitgen escriure, aportar fotografies o deixar const\u00e0ncia del que s\u00f3n, cada any, estes tradicionals festes.<\/em><\/p>\n\n\n\n<p><em>En finalitzar es far\u00e0\u00a0el\u00a0lliurament d&#8217;exemplars del llibre als assistents\u00a0i s&#8217;oferir\u00e0 un vi d&#8217;honor.<\/em><\/p>\n\n\n\n<p><\/p>\n\n\n\n<p><em><strong>Dissabte, 17 de desembre<\/strong><\/em><em><strong>:<\/strong><\/em><br>&nbsp;<\/p>\n\n\n\n<p><em><strong>11.50 hores.<\/strong><\/em><em>&nbsp;Concentraci\u00f3 de xiquetes i xiquets a la pla\u00e7a la Palla.<\/em><\/p>\n\n\n\n<p><em><strong>12.00 hores.&nbsp;<\/strong><\/em><em>Inici de la cercavila presidida pel Taller de M\u00fasica Castell Vermell fins&nbsp;<\/em><em>a&nbsp;<\/em><em>arribar a l\u2019esplanada de l\u2019ermita de Santa Ll\u00facia.<\/em><\/p>\n\n\n\n<p><em><strong>12.30 hores.<\/strong><\/em><em><strong>BATEIG DE SANTA LL\u00daCIA<\/strong><\/em><em>amb llan\u00e7ament de fruits secs i llepolies per a tots&nbsp;<\/em><em>els xiquets i xiquetes.<\/em><\/p>\n\n\n\n<p><em><strong>17.30 hores. CONCERT BEN\u00c8FIC DE NADALES&nbsp;<\/strong><\/em><em>dels col.legis d\u2019Ibi. Teatre del col.legi Salesians.<\/em><\/p>\n\n\n\n<p><em><strong>19.30 hores.<\/strong><\/em><em><strong>CONCERT DE NADAL&nbsp;<\/strong><\/em><em>a c\u00e0rrec de l&#8217;Uni\u00f3 Musical d\u2019Ibi i la Coral Ibense. En el Teatre Rio.<\/em><\/p>\n\n\n\n<p><em><strong>Diumenge, 18 de desembre, celebraci\u00f3 de Santa Ll\u00facia:<\/strong><\/em><br>&nbsp;<\/p>\n\n\n\n<p><em><strong>10.30 hores<\/strong><\/em><em>.<\/em><em><strong>&nbsp;PROCESS\u00d3<\/strong><\/em><em>&nbsp;de Santa Ll\u00facia. Des de l\u2019esgl\u00e9sia de la Transfiguraci\u00f3 del Senyor fins a l\u2019ermita de la santa, acompanyats pel Taller de M\u00fasica Castell Vermell.<\/em><br>&nbsp;<\/p>\n\n\n\n<p><em><strong>11.00 hores<\/strong><\/em><em>.\u00a0<\/em><em><strong>MISSA<\/strong><\/em><em>\u00a0de Santa Ll\u00facia a l\u2019ermita, en acabar es cantaran els tradicionals Gojos a Santa Ll\u00facia.<\/em><br><\/p>\n\n\n\n<p><em><strong>10.00 hores. CROSS ESCOLAR.\u00a0<\/strong><\/em><em>Inscripcions en la taula de control instal\u00b7lada al costat de l&#8217;Ajuntament.\u00a0<\/em><em><strong>11.00 hores. Inici de les proves.\u00a0<\/strong><\/em><em>Els premis consistiran en xecs regal per a cada categoria i es repartiran llepolies a qui participe.<\/em><br><\/p>\n\n\n\n<p><em><strong>12.45 hores<\/strong><\/em><em>.&nbsp;<\/em><em><strong>BAIXADA<\/strong><\/em><em>&nbsp;per l&#8217;avinguda Joaqu\u00edn Vilanova de les parelles que enguany prendran el comprom\u00eds de fer les Danses, acompanyats pel Taller de M\u00fasica Castell Vermell. A continuaci\u00f3,&nbsp;<\/em><em><strong>PESADETA DEL TORR\u00d3<\/strong><\/em><em>, en la que els balladors oferiran a les seues parelles torr\u00f3 com a regal. Despr\u00e9s, les&nbsp;<\/em><em><strong>CARRERES<\/strong><\/em><em>, primerament la dels Fadrins, des de l\u2019Ajuntament fins a l\u2019ermita, i seguidament la dels Casats, des del cant\u00f3 de l\u2019esgl\u00e9sia fins a l\u2019Ajuntament, amb premis de pernils per als guanyadors. En finalitzar,&nbsp;<\/em><em><strong>SORTEIG I PROCLAMACI\u00d3 DELS REIS DE LES DANSES<\/strong><\/em><em>. Des del balc\u00f3 de l\u2019Ajuntament, els Reis de les Danses anunciaran a tot el poble que \u201c<\/em><em><strong>EL REI FA FESTA<\/strong><\/em><em>\u201d. Seguidament, i acompanyats pel Sonet, Fadrins i Casats oferiran&nbsp;<\/em><em><strong>BALLS&nbsp;<\/strong><\/em><em>per al p\u00fablic assistent a la porta de l\u2019Ajuntament. Despr\u00e9s es far\u00e0 una cercavila pel Mercat dels Reis Mags i per a acabar el dia hi haur\u00e0 un&nbsp;<\/em><em><strong>DINAR<\/strong><\/em><em>&nbsp;de germanor, on es proclamaran als Virreis de les Dansades.<\/em><\/p>\n\n\n\n<p><em><strong>Di<\/strong><\/em><em><strong>vendres<\/strong><\/em><em><strong>, 23 de desembre:<\/strong><\/em><br>&nbsp;<\/p>\n\n\n\n<p><em><strong>24.00 hores. PREG\u00d3 DELS FADRINS<\/strong><\/em><em>, on&nbsp;<\/em><em>anunciaran<\/em><em>i recordaran que s\u2019apropen les Danses. Iniciaran el seu recorregut a la pla\u00e7a de l\u2019Esgl\u00e9sia.<\/em><\/p>\n\n\n\n<p><em><strong>Dissabte, 24 de desembre:<\/strong><\/em><br>&nbsp;<\/p>\n\n\n\n<p><em><strong>0<\/strong><\/em><em><strong>9.00 hores. XLII PUJADA AL BETLEM<\/strong><\/em><em>. Fa&nbsp;<\/em><em>quaranta-un<\/em><em>&nbsp;anys que es fa esta activitat esportiva que t\u00e9 com a finalitat la col\u00b7locaci\u00f3 d\u2019un naixement nadalenc en la Teixereta, cim emblem\u00e0tic per a tota la poblaci\u00f3<\/em><em>&nbsp;d\u2019Ibi.<\/em><em>&nbsp;Activitat organitzada pel C.E. Amics de les Muntanyes i patrocinada per la Regidoria d\u2019Esports. Eixida des de la pla\u00e7a de<\/em><em>&nbsp;la Palla.<\/em><\/p>\n\n\n\n<p><em><strong>11.30 hores. RONDA DE NADALES.<\/strong><\/em><em>&nbsp;La Uni\u00f3 Musical d\u2019Ibi t\u00e9 per costum en este dia tan assenyalat, felicitar el Nadal a tot el poble. La ronda comen\u00e7ar\u00e0 en la seu de la UMI.<\/em><\/p>\n\n\n\n<p><em><strong>16.30 hores.<\/strong><\/em><em><strong>D<\/strong><\/em><em><strong>ONEM L\u2019ASGUILANDO<\/strong><\/em><em><strong>.&nbsp;<\/strong><\/em><em>Iniciativa<\/em><em>&nbsp;promoguda per l<\/em><em>\u2019Escoleta del Grup de Danses d\u2019Ibi per a demanar l\u2019asguilando per Ibi. Activitat o<\/em><em>berta a la participaci\u00f3 de<\/em><em>&nbsp;qualsevol persona. Eixida&nbsp;<\/em><em>des de la pla\u00e7a la Palla.<\/em><\/p>\n\n\n\n<p><em><strong>17.45<\/strong><\/em><em><strong>&nbsp;hores.&nbsp;<\/strong><\/em><em>Concentraci\u00f3 a l<\/em><em>\u2019Ajuntament.&nbsp;<\/em><em><strong>INAUGURACI\u00d3 DE BETLEMS,<\/strong><\/em><em>&nbsp;acompanyats pel Taller de M\u00fasica Castell Vermell&nbsp;<\/em><em>E<\/em><em>n primer lloc, el de la seu de l\u2019Associaci\u00f3 Reis Mags per a passar despr\u00e9s a&nbsp;<\/em><em>l\u2019instal\u00b7lat<\/em><em>&nbsp;per l\u2019Ajuntament,&nbsp;<\/em><em>a<\/em><em>&nbsp;l\u2019ermita de Sant Vicent.<\/em><\/p>\n\n\n\n<p><em><strong>19.00 hores. \u2018<\/strong><\/em><em><strong>BANDOS<\/strong><\/em><em><strong>\u2019<\/strong><\/em><em><strong>&nbsp;DELS FADRINS<\/strong><\/em><em>, des del carrer les Eres fins a l\u2019Ajuntament, els Fadrins aniran pregonant, amb els seus&nbsp;<\/em><em>b\u00e0ndols<\/em><em>&nbsp;tot&nbsp;<\/em><em>all\u00f2<\/em><em>&nbsp;que haja ocorregut durant tot l\u2019any a la joventut del poble.<\/em><\/p>\n\n\n\n<p><em><strong>Diumenge, 25 de desembre<\/strong><\/em><em><strong>:<\/strong><\/em><br>&nbsp;<\/p>\n\n\n\n<p><em><strong>11.00 hores. ELS BONS DIES DE NADAL.&nbsp;<\/strong><\/em><em>Concentraci\u00f3 dels Fadrins&nbsp;<\/em><em>a<\/em><em>&nbsp;la pla\u00e7a de la F\u00e0brica Rico amb el Taller de M\u00fasica Castell Vermell<\/em><em>. En<\/em><em>&nbsp;cercavila&nbsp;<\/em><em>felicitaran a&nbsp;<\/em><em>les autoritats locals civils i eclesi\u00e0stiques, desitjat-l<\/em><em>o<\/em><em>s&nbsp;<\/em><em>u<\/em><em>ns bons dies de Nadal.<\/em><\/p>\n\n\n\n<p><em><strong>12.00 hores. INTERCANVI DE REGALS.&nbsp;<\/strong><\/em><em>Acte en qu\u00e8 les fadrines oferixen a les seues parelles els lla\u00e7os que lluiran els dies 28 i 30 i els fadrins oferixen a les seues balladores un regal. L\u2019acte ser\u00e0 a l\u2019Ermita Sant Vicent.<\/em><\/p>\n\n\n\n<p><em><strong>Dimarts, 27 de desembre:<\/strong><\/em><\/p>\n\n\n\n<p><em><strong>De 9:00 a 18:00 hores. IX TORNEIG SOLIDARI DE FUTBOL 8, &#8220;Un joguet, una il.lusi\u00f3&#8221;&nbsp;<\/strong><\/em><em>en els camps Francisco Vilaplana Mariel d&#8217;Ibi i en el camp municipal d&#8217;Onil, amb la col\u00b7laboraci\u00f3 de l\u2019Associaci\u00f3 Reis Mags d\u2019Ibi i de l\u2019Ajuntament d\u2019Ibi.<\/em><\/p>\n\n\n\n<p><em><strong>21.00 hores.&nbsp;<\/strong><\/em><em><strong>\u2018BANDOS\u2019<\/strong><\/em><em><strong>&nbsp;DELS AMANTATS.<\/strong><\/em><em>&nbsp;Des del carrer les Eres, els Amantats aniran pregonant amb els seus&nbsp;<\/em><em>b\u00e0ndols<\/em><em>&nbsp;tot all\u00f2 que haja esdevingut al llarg de l\u2019any. Acabaran davant l\u2019Ajuntament.<\/em><\/p>\n\n\n\n<p><em><strong>Dimecres, 28 de desembre<\/strong><\/em><em><strong>:&nbsp;<\/strong><\/em><em><strong>Enfarinats i primer dia de Danses.<\/strong><\/em><\/p>\n\n\n\n<p><em><strong>De 9:00 a 14:00 hores. IX TORNEIG SOLIDARI DE FUTBOL 8, &#8220;Un joguet, una il.lusi\u00f3&#8221;&nbsp;<\/strong><\/em><em>en el camp Francisco Vilaplana Mariel d&#8217;Ibi,&nbsp;<\/em><em>amb la col\u00b7laboraci\u00f3 de l\u2019Associaci\u00f3 Reis Mags d\u2019Ibi i de l\u2019Ajuntament d\u2019Ibi.<\/em><\/p>\n\n\n\n<p><em><strong>~ Enfarinats ~<\/strong><\/em><\/p>\n\n\n\n<p><em><strong>0<\/strong><\/em><em><strong>8.00 hores. DIA DELS ENFARINATS<\/strong><\/em><em>. A l\u2019eixida del sol del dia dels Sants Innocents, la Just\u00edcia Nova comen\u00e7ar\u00e0 la seua presa de poder.<\/em><\/p>\n\n\n\n<p><em><strong>0<\/strong><\/em><em><strong>9.00 hores. CARRERA DE L\u2019ALCALDE<\/strong><\/em><em>&nbsp;al carrer les Eres. Una carrera decidir\u00e0 qui ser\u00e0 l\u2019alcalde dels Enfarinats. L\u2019alcalde constitucional, Rafael Serralta, protocol\u00b7l\u00e0riament li donar\u00e0 la vara de comandament. Despr\u00e9s el Jutge, el Fiscal, el Secretari i els Agutzils prendran els seus c\u00e0rrecs.<\/em><\/p>\n\n\n\n<p><em><strong>10.00 hores.<\/strong><\/em><em>&nbsp;Junts es dirigiran al seu Quarter on els Enfarinats, convertits en el nou Ajuntament, aplicaran tota la for\u00e7a de la seua llei atrapant els infractors amb l\u2019aixaveg\u00f3 i posant-los multes<\/em><em>, \u201ci<\/em><em>&nbsp;el que no pague&#8230; a la pres\u00f3!<\/em><em>\u201d.<\/em><em>E<\/em><em>s celebraran els ju\u00eds de la Just\u00edcia Nova.<\/em><em>Despr\u00e9s tindr\u00e0 lloc la batalla entre els Enfarinats i l<\/em><em>\u2019<\/em><em>Oposici\u00f3 formada en&nbsp;<\/em><em>resposta<\/em><em>.<\/em><em>Primer, per facilitar l\u2019acc\u00e9s de tot el m\u00f3n a la festa, hi haur\u00e0 una batalla de farina i ous, per donar pas a la batalla de coets i p\u00f3lvora. \u201cRecordeu\u2026 Qui no vulga pols que no vaja a l\u2019era!\u201d<\/em><\/p>\n\n\n\n<p><em><strong>12.00 hores. ARREPLEGADA DELS ENFARINATS.<\/strong><\/em><em>&nbsp;Finalitzada la batalla, comen\u00e7a la Fiscalitzaci\u00f3 de Comptes als comer\u00e7os i entitats de la poblaci\u00f3. Els Enfarinats aniran demanant i mesurant amb les seues eines, per finalitzar a l\u2019Asil de Sant Joaquim on&nbsp;<\/em><em>entregaran<\/em><em>&nbsp;el recaptat.&nbsp;<\/em><em>Acompanyats pel Taller de M\u00fasica Castell Vermell d\u2019Ibi.<\/em><\/p>\n\n\n\n<p><em><strong>12.00 hores<\/strong><\/em><em>.&nbsp;<\/em><em><strong>XI FESTES CALENTES D\u2019HIVERN<\/strong><\/em><em>. Dia de la Llegum\u00e0. Activitat organitzada per l\u2019Ateneu Popular La Gavarnera, amb taller de balls, taller de coixineres per a eixir de Tapat i dinar de germanor, a la seua seu del carrer\u00f3 de les \u00c0nimes n\u00fam. 1.<\/em><br>&nbsp;<\/p>\n\n\n\n<p><em>~<\/em><em><strong>&nbsp;Primer dia de Danses<\/strong><\/em><em>&nbsp;~<\/em><\/p>\n\n\n\n<p><em><strong>0<\/strong><\/em><em><strong>8.30 hores.&nbsp;<\/strong><\/em><em><strong>DIA DELS CASATS.<\/strong><\/em><em>Casats i Fadrins amb&nbsp;<\/em><em>la&nbsp;<\/em><em>xaramita i el tabal del Taller de M\u00fasica Castell Vermell<\/em><em>,&nbsp;<\/em><em>aniran a arreplegar&nbsp;<\/em><em>a<\/em><em>l Virrei i&nbsp;<\/em><em>a<\/em><em>l Rei dels Casats.<\/em><\/p>\n\n\n\n<p><em><strong>10.30 hores. ARREPLEGADA DELS BALLADORS.&nbsp;<\/strong><\/em><em>Durant el mat\u00ed, els balladors aniran pels llocs de costum arreplegant les aportacions que botigues i particulars desitgen donar per portar-<\/em><em>ho<\/em><em>&nbsp;tot a l\u2019Asil de Sant Joaquim.<\/em><\/p>\n\n\n\n<p><em><strong>15.15<\/strong><\/em><em><strong>&nbsp;hores.&nbsp;<\/strong><\/em><em><strong>ARREPLEGADA DE BALLADORES.&nbsp;<\/strong><\/em><em>Els balladors iniciaran este acte arreplegant primer a les balladores i despr\u00e9s a la Virreina i a la Reina de<\/em><em>ls Casats, al so de la xaaramita i el tabal i tamb\u00e9 al so del Sonet. Seguidament es&nbsp;<\/em><em>dirigiran a l\u2019Asil de Sant Joaquim, on ballaran&nbsp;<\/em><em>per<\/em><em>&nbsp;als nostres majors.<\/em><\/p>\n<script>function PlayerjsAsync(){} if(window[\"Playerjs\"]){PlayerjsAsync();}<\/script>","protected":false},"excerpt":{"rendered":"<p>Divendres, 16 de desembre, dia del Preg\u00f3: 20.30 hores.&nbsp;Concentraci\u00f3 a la porta de l\u2019Ajuntament, amb el Taller de M\u00fasica Castell Vermell,&nbsp;des d\u2019on les autoritats acompanyaran al pregoner fins a l\u2019Arxiu Municipal per comen\u00e7ar els actes de l\u2019inici de les Festes d\u2019Hivern d\u2019Ibi. 21.00 hores.\u00a0Com a acte inaugural,\u00a0elPREG\u00d3\u00a0de les Festes d\u2019Hivern ...<\/p>\n","protected":false},"author":2,"featured_media":7543,"comment_status":"closed","ping_status":"closed","sticky":false,"template":"","format":"standard","meta":{"_monsterinsights_skip_tracking":false,"_monsterinsights_sitenote_active":false,"_monsterinsights_sitenote_note":"","_monsterinsights_sitenote_category":0,"footnotes":""},"categories":[4],"tags":[253,128],"class_list":["post-7542","post","type-post","status-publish","format-standard","has-post-thumbnail","hentry","category-alicante","tag-festes-dhivern","tag-ibi"],"aioseo_notices":[],"_links":{"self":[{"href":"https:\/\/www.lafresca.fm\/fresca-api-json\/wp\/v2\/posts\/7542","targetHints":{"allow":["GET"]}}],"collection":[{"href":"https:\/\/www.lafresca.fm\/fresca-api-json\/wp\/v2\/posts"}],"about":[{"href":"https:\/\/www.lafresca.fm\/fresca-api-json\/wp\/v2\/types\/post"}],"author":[{"embeddable":true,"href":"https:\/\/www.lafresca.fm\/fresca-api-json\/wp\/v2\/users\/2"}],"replies":[{"embeddable":true,"href":"https:\/\/www.lafresca.fm\/fresca-api-json\/wp\/v2\/comments?post=7542"}],"version-history":[{"count":2,"href":"https:\/\/www.lafresca.fm\/fresca-api-json\/wp\/v2\/posts\/7542\/revisions"}],"predecessor-version":[{"id":7684,"href":"https:\/\/www.lafresca.fm\/fresca-api-json\/wp\/v2\/posts\/7542\/revisions\/7684"}],"wp:featuredmedia":[{"embeddable":true,"href":"https:\/\/www.lafresca.fm\/fresca-api-json\/wp\/v2\/media\/7543"}],"wp:attachment":[{"href":"https:\/\/www.lafresca.fm\/fresca-api-json\/wp\/v2\/media?parent=7542"}],"wp:term":[{"taxonomy":"category","embeddable":true,"href":"https:\/\/www.lafresca.fm\/fresca-api-json\/wp\/v2\/categories?post=7542"},{"taxonomy":"post_tag","embeddable":true,"href":"https:\/\/www.lafresca.fm\/fresca-api-json\/wp\/v2\/tags?post=7542"}],"curies":[{"name":"wp","href":"https:\/\/api.w.org\/{rel}","templated":true}]}}