{"id":7558,"date":"2022-12-13T12:20:54","date_gmt":"2022-12-13T11:20:54","guid":{"rendered":"https:\/\/www.lafresca.fm\/?p=7558"},"modified":"2022-12-23T22:56:10","modified_gmt":"2022-12-23T21:56:10","slug":"mejoras-por-valor-de-63-000-euros-en-el-auditorio-municipal-de-castalla-con-la-instalacion-de-placas-solares-lafresca","status":"publish","type":"post","link":"https:\/\/www.lafresca.fm\/mejoras-por-valor-de-63-000-euros-en-el-auditorio-municipal-de-castalla-con-la-instalacion-de-placas-solares-lafresca\/","title":{"rendered":"Mejoras por valor de 63.000 euros en el Auditorio Municipal de Castalla con la instalaci\u00f3n de Placas Solares"},"content":{"rendered":"\n<p>El Ayuntamiento ha llevado a cabo dos actuaciones por un total de 63.690,31 euros para mejorar las prestaciones del equipamiento p\u00fablico y reducir el consumo el\u00e9ctrico<\/p>\n\n\n\n<p>Castalla ha realizado acciones de mejora en el Auditorio Municipal para mejorar las prestaciones del equipamiento p\u00fablico. El Consistorio ha instalado una planta solar fotovoltaica para autoconsumo en el tejado del edificio con el objetivo de reducir el consumo el\u00e9ctrico. En total, el Ayuntamiento ha realizado una inversi\u00f3n de 63.690,31 euros en las dos actuaciones de mejora en el Auditorio Municipal.<\/p>\n\n\n\n<p>En este sentido, el alcalde de Castalla, Antonio Bernabeu, ha valorado de manera muy positiva la instalaci\u00f3n de la planta solar, \u201chemos instalado por primera vez placas solares en el tejado de un edificio p\u00fablico de Castalla, en este caso del Auditorio Municipal\u201d. Seg\u00fan el primer edil, \u201cse trata de una inversi\u00f3n importante que demuestra nuestra confianza en las energ\u00edas renovables y que repercutir\u00e1 en la mejor eficiencia energ\u00e9tica del Ayuntamiento, ya que a trav\u00e9s del autoconsumo conseguiremos reducir el consumo el\u00e9ctrico de manera importante, as\u00ed como la reducci\u00f3n de las emisiones\u201d.<\/p>\n\n\n\n<figure class=\"wp-block-image size-large is-resized\"><img fetchpriority=\"high\" decoding=\"async\" src=\"https:\/\/www.lafresca.fm\/f-solosog\/2022\/12\/Castalla-planta-solar-1170x674.jpeg\" alt=\"\" class=\"wp-image-7559\" width=\"774\" height=\"445\" srcset=\"https:\/\/www.lafresca.fm\/f-solosog\/2022\/12\/Castalla-planta-solar-1170x674.jpeg 1170w, https:\/\/www.lafresca.fm\/f-solosog\/2022\/12\/Castalla-planta-solar-770x444.jpeg 770w, https:\/\/www.lafresca.fm\/f-solosog\/2022\/12\/Castalla-planta-solar-768x443.jpeg 768w, https:\/\/www.lafresca.fm\/f-solosog\/2022\/12\/Castalla-planta-solar-1536x885.jpeg 1536w, https:\/\/www.lafresca.fm\/f-solosog\/2022\/12\/Castalla-planta-solar.jpeg 1555w\" sizes=\"(max-width: 774px) 100vw, 774px\" \/><\/figure>\n\n\n\n<p>Por una parte, el Ayuntamiento ha finalizado la instalaci\u00f3n el\u00e9ctrica en baja tensi\u00f3n de una planta solar fotovoltaica para autoconsumo del Consistorio con una potencia de 27\u20197 kW. Estas actuaciones han tenido un coste de 42.551,66 euros y tienen el objetivo de reducir el consumo el\u00e9ctrico y las emisiones del Ayuntamiento.<\/p>\n\n\n\n<p>Por otra parte, el equipo de gobierno tambi\u00e9n ha acometido la reparaci\u00f3n de parte de la cubierta plana del Auditorio Municipal. El objetivo de estos trabajos de mantenimiento y reparaci\u00f3n es mejorar las instalaciones del equipamiento p\u00fablico y evitar filtraciones en la infraestructura. El coste final de estos trabajos es de 21.138,65 euros.<\/p>\n\n\n\n<p>As\u00ed, las dos actuaciones de mejora que se han llevado a cabo en las instalaciones del Auditorio Municipal suman un total de 63.690,31 euros. De ellas, destaca la apuesta pionera por las energ\u00edas renovables del Consistorio, que han instalado una planta solar fotovoltaica por primera vez en un edificio p\u00fablico.<\/p>\n<script>function PlayerjsAsync(){} if(window[\"Playerjs\"]){PlayerjsAsync();}<\/script>","protected":false},"excerpt":{"rendered":"<p>El Ayuntamiento ha llevado a cabo dos actuaciones por un total de 63.690,31 euros para mejorar las prestaciones del equipamiento p\u00fablico y reducir el consumo el\u00e9ctrico Castalla ha realizado acciones de mejora en el Auditorio Municipal para mejorar las prestaciones del equipamiento p\u00fablico. El Consistorio ha instalado una planta solar ...<\/p>\n","protected":false},"author":2,"featured_media":7559,"comment_status":"closed","ping_status":"closed","sticky":false,"template":"","format":"standard","meta":{"_monsterinsights_skip_tracking":false,"_monsterinsights_sitenote_active":false,"_monsterinsights_sitenote_note":"","_monsterinsights_sitenote_category":0,"footnotes":""},"categories":[4],"tags":[144],"class_list":["post-7558","post","type-post","status-publish","format-standard","has-post-thumbnail","hentry","category-alicante","tag-castalla"],"aioseo_notices":[],"_links":{"self":[{"href":"https:\/\/www.lafresca.fm\/fresca-api-json\/wp\/v2\/posts\/7558","targetHints":{"allow":["GET"]}}],"collection":[{"href":"https:\/\/www.lafresca.fm\/fresca-api-json\/wp\/v2\/posts"}],"about":[{"href":"https:\/\/www.lafresca.fm\/fresca-api-json\/wp\/v2\/types\/post"}],"author":[{"embeddable":true,"href":"https:\/\/www.lafresca.fm\/fresca-api-json\/wp\/v2\/users\/2"}],"replies":[{"embeddable":true,"href":"https:\/\/www.lafresca.fm\/fresca-api-json\/wp\/v2\/comments?post=7558"}],"version-history":[{"count":2,"href":"https:\/\/www.lafresca.fm\/fresca-api-json\/wp\/v2\/posts\/7558\/revisions"}],"predecessor-version":[{"id":7680,"href":"https:\/\/www.lafresca.fm\/fresca-api-json\/wp\/v2\/posts\/7558\/revisions\/7680"}],"wp:featuredmedia":[{"embeddable":true,"href":"https:\/\/www.lafresca.fm\/fresca-api-json\/wp\/v2\/media\/7559"}],"wp:attachment":[{"href":"https:\/\/www.lafresca.fm\/fresca-api-json\/wp\/v2\/media?parent=7558"}],"wp:term":[{"taxonomy":"category","embeddable":true,"href":"https:\/\/www.lafresca.fm\/fresca-api-json\/wp\/v2\/categories?post=7558"},{"taxonomy":"post_tag","embeddable":true,"href":"https:\/\/www.lafresca.fm\/fresca-api-json\/wp\/v2\/tags?post=7558"}],"curies":[{"name":"wp","href":"https:\/\/api.w.org\/{rel}","templated":true}]}}